{"id":281357,"date":"2025-12-10T15:44:09","date_gmt":"2025-12-10T15:44:09","guid":{"rendered":"https:\/\/www.europesays.com\/es\/281357\/"},"modified":"2025-12-10T15:44:09","modified_gmt":"2025-12-10T15:44:09","slug":"ricky-rubio-brilla-como-nunca-en-el-arranque-de-temporada-con-la-penya","status":"publish","type":"post","link":"https:\/\/www.europesays.com\/es\/281357\/","title":{"rendered":"Ricky Rubio brilla como nunca en el arranque de temporada con la Penya"},"content":{"rendered":"<p data-gtm-element-container=\"modulo-texto-link\" class=\"paragraph\">El regreso de <strong>Ricky Rubio<\/strong> a <strong>Badalona<\/strong> no solo ha devuelto ilusi\u00f3n a la afici\u00f3n del <strong>Joventut<\/strong>, sino que ha <strong>catapultado al equipo a uno de los comienzos m\u00e1s destacados<\/strong> de su <strong>historia reciente<\/strong>, y casualidad el \u00faltimo precedente como este, fue la <strong>temporada 2007-08, con Ricky en el conjunto badalon\u00e9s.<\/strong><\/p>\n<p data-gtm-element-container=\"modulo-texto-link\" class=\"paragraph\">En este comienzo, la <strong>Penya<\/strong> invicta en la <strong>Basketball Champions League (5-0)<\/strong>, y situados entre los <strong>primeros clasificados en la Liga Endesa<\/strong> con un balance positivo de <strong>7-2<\/strong> (\u00fanicas derrotas ante Valencia Basket y Real Madrid, que lideran la competici\u00f3n).\u00a0<\/p>\n<blockquote class=\"twitter-tweet\" data-lang=\"es\"><p>\n<a href=\"https:\/\/twitter.com\/BasketballCL\/status\/1986160053439586408\" rel=\"nofollow noopener\" target=\"_blank\">\n<\/p><\/blockquote>\n<p data-gtm-element-container=\"modulo-texto-link\" class=\"paragraph\">Los <strong>verdinegros<\/strong> disfrutan de un <strong>juego colectivo din\u00e1mico<\/strong>, en gran parte gracias al <strong>liderazgo <\/strong>y la <strong>creatividad<\/strong> del <strong>veterano base del Masnou.<\/strong><\/p>\n<p data-gtm-element-container=\"modulo-texto-link\" class=\"paragraph\">Rubio, que parece haber<strong> recuperado plenamente la pasi\u00f3n por el baloncesto<\/strong>, est\u00e1 ofreciendo un <strong>rendimiento sorprendente<\/strong>, incluso para quienes han seguido toda su carrera.\u00a0<\/p>\n<p data-gtm-element-container=\"modulo-texto-link\" class=\"paragraph\">En los primeros <strong>14 partidos de la temporada<\/strong>, promedia <strong>14,2 puntos en menos de 20 minutos <\/strong>por encuentro, cifras que <strong>superan cualquier registro previo en Espa\u00f1a<\/strong> por parte del experto base, y que <strong>igualan o superan sus mejores actuaciones en la NBA<\/strong>, donde su tope fue de <strong>13,1 puntos por partido<\/strong> con los <strong>Cleveland Cavaliers<\/strong> en <strong>2021-22<\/strong>, jugando <strong>m\u00e1s de 28 minutos<\/strong> sobre la pista.<\/p>\n<p data-gtm-element-container=\"modulo-texto-link\" class=\"paragraph\">Su <strong>\u00fanico registro profesional superior<\/strong> en anotaci\u00f3n lleg\u00f3 en el <strong>Mundial 2019<\/strong>, cuando fue <strong>campe\u00f3n y MVP<\/strong> con Espa\u00f1a con <strong>16,4 puntos por partido<\/strong>.<\/p>\n<blockquote class=\"twitter-tweet\" data-lang=\"es\"><p>\n<a href=\"https:\/\/twitter.com\/GIGANTESbasket\/status\/1967550463827661014\" rel=\"nofollow noopener\" target=\"_blank\">\n<\/p><\/blockquote>\n<p data-gtm-element-container=\"modulo-texto-link\" class=\"paragraph\">Pero esta temporada, <strong>Ricky<\/strong> no solo brilla en el aspecto de la anotaci\u00f3n, <strong>sino sus 4,8 asistencias<\/strong> por encuentro representan su <strong>segunda mejor marca en la Liga Endesa<\/strong>, y con un ratio de asistencias por p\u00e9rdida superior a <strong>3 a 1<\/strong>, todo esto muestran un <strong>nivel de control y eficiencia<\/strong> que pueden compararse a sus mejores a\u00f1os en el baloncesto profesional.<\/p>\n<p data-gtm-element-container=\"modulo-texto-link\" class=\"paragraph\">Los porcentajes acompa\u00f1an su <strong>excelente forma<\/strong>, con un <strong>41% en tiros de campo, 34% en triples<\/strong> (aspecto que ha mejorado a gran nivel en los \u00faltimos a\u00f1os de su carrera) y un <strong>87% en tiros libres,<\/strong> cifras que se sit\u00faan entre <strong>sus mejores de toda la carrera.<\/strong><\/p>\n<p>    Lee tambi\u00e9n<\/p>\n<p data-gtm-element-container=\"modulo-texto-link\" class=\"paragraph\">Si extrapolamos <strong>su rendimiento actual a 40 minutos por partido<\/strong>, <strong>Ricky Rubio<\/strong> estar\u00eda promediando 28 puntos, superando cualquier registro anterior, adem\u00e1s de mantenerse <strong>entre los l\u00edderes <\/strong>en <strong>asistencias, recuperaciones y eficiencia<\/strong> por minuto.<\/p>\n<p data-gtm-element-container=\"modulo-texto-link\" class=\"paragraph\">El <strong>Ricky de la temporada 25-26<\/strong> no es solo un regreso a la <strong>Penya<\/strong>: es una <strong>versi\u00f3n renovada y m\u00e1s efectiva<\/strong> que cualquier otra que hayamos visto en <strong>Espa\u00f1a<\/strong> o en la <strong>NBA<\/strong>. Su impacto ya <strong>se nota en el equipo desde principio de temporada<\/strong> y promete <strong>ser determinante durante toda la temporada<\/strong> con el <strong>Joventut de Badalona.<\/strong><\/p>\n<p><script async src=\"https:\/\/platform.twitter.com\/widgets.js\" charset=\"utf-8\"><\/script><\/p>\n","protected":false},"excerpt":{"rendered":"El regreso de Ricky Rubio a Badalona no solo ha devuelto ilusi\u00f3n a la afici\u00f3n del Joventut, sino&hellip;\n","protected":false},"author":2,"featured_media":281358,"comment_status":"","ping_status":"","sticky":false,"template":"","format":"standard","meta":{"footnotes":""},"categories":[269],"tags":[299,298,168,25,24,23,167],"class_list":{"0":"post-281357","1":"post","2":"type-post","3":"status-publish","4":"format-standard","5":"has-post-thumbnail","7":"category-baloncesto","8":"tag-baloncesto","9":"tag-basketball","10":"tag-deportes","11":"tag-es","12":"tag-espana","13":"tag-spain","14":"tag-sports"},"share_on_mastodon":{"url":"https:\/\/pubeurope.com\/@es\/115696046392877631","error":""},"_links":{"self":[{"href":"https:\/\/www.europesays.com\/es\/wp-json\/wp\/v2\/posts\/281357","targetHints":{"allow":["GET"]}}],"collection":[{"href":"https:\/\/www.europesays.com\/es\/wp-json\/wp\/v2\/posts"}],"about":[{"href":"https:\/\/www.europesays.com\/es\/wp-json\/wp\/v2\/types\/post"}],"author":[{"embeddable":true,"href":"https:\/\/www.europesays.com\/es\/wp-json\/wp\/v2\/users\/2"}],"replies":[{"embeddable":true,"href":"https:\/\/www.europesays.com\/es\/wp-json\/wp\/v2\/comments?post=281357"}],"version-history":[{"count":0,"href":"https:\/\/www.europesays.com\/es\/wp-json\/wp\/v2\/posts\/281357\/revisions"}],"wp:featuredmedia":[{"embeddable":true,"href":"https:\/\/www.europesays.com\/es\/wp-json\/wp\/v2\/media\/281358"}],"wp:attachment":[{"href":"https:\/\/www.europesays.com\/es\/wp-json\/wp\/v2\/media?parent=281357"}],"wp:term":[{"taxonomy":"category","embeddable":true,"href":"https:\/\/www.europesays.com\/es\/wp-json\/wp\/v2\/categories?post=281357"},{"taxonomy":"post_tag","embeddable":true,"href":"https:\/\/www.europesays.com\/es\/wp-json\/wp\/v2\/tags?post=281357"}],"curies":[{"name":"wp","href":"https:\/\/api.w.org\/{rel}","templated":true}]}}