{"id":281361,"date":"2025-12-10T15:46:15","date_gmt":"2025-12-10T15:46:15","guid":{"rendered":"https:\/\/www.europesays.com\/es\/281361\/"},"modified":"2025-12-10T15:46:15","modified_gmt":"2025-12-10T15:46:15","slug":"esto-solo-acaba-de-empezar-he-aprendido-de-mis-errores-he-crecido","status":"publish","type":"post","link":"https:\/\/www.europesays.com\/es\/281361\/","title":{"rendered":"Esto solo acaba de empezar. He aprendido de mis errores, he crecido"},"content":{"rendered":"<p>Durante a\u00f1os, <strong>Kiko Rivera<\/strong>\u00a0(41 a\u00f1os) ha confesado que le deb\u00eda todo a Irene Rosales. Una d\u00e9cada en la que la sevillana se convirti\u00f3 en el motor de su vida junto a sus hijos. Sin embargo, tras su separaci\u00f3n el pasado mes de agosto, lejos de amedrentarse, el Dj nos ha mostrado una versi\u00f3n renovada de s\u00ed mismo, muy alejada de la desolaci\u00f3n.\u00a0<\/p>\n<p>Mientras <a href=\"https:\/\/www.lecturas.com\/actualidad\/irene-rosales-y-guillermo-dan-doble-paso-frente-como-pareja-este-puente_185541\" target=\"_self\" rel=\"nofollow noopener\">Irene Rosales disfruta de su romance con Guillermo<\/a> sin miedo al qu\u00e9 dir\u00e1n, Kiko se ha volcado en la m\u00fasica y en el cuidado de sus tres hijos. El Dj ha utilizado su perfil de Instagram, donde acumula m\u00e1s de 1 mill\u00f3n de seguidores, como altavoz de sus sentimientos.\u00a0<\/p>\n<p><strong>\u00abEstoy viviendo el mejor momento de mi vida\u00bb<\/strong>, afirma. Y es que aunque en un principio reconoci\u00f3 que se le hac\u00eda cuesta arriba la soledad, poco a poco va encontrando su lugar. \u00abCada d\u00eda siento c\u00f3mo las piezas encajan, c\u00f3mo todo lo que he luchado empieza a dar frutos\u00bb, continua.<\/p>\n<blockquote class=\"instagram-media\" data-instgrm-captioned=\"\" data-instgrm-permalink=\"https:\/\/www.instagram.com\/reel\/DSC9FV7Ahir\/?utm_source=ig_embed&amp;utm_campaign=loading\" data-instgrm-version=\"14\" style=\" background:#FFF; border:0; border-radius:3px; box-shadow:0 0 1px 0 rgba(0,0,0,0.5),0 1px 10px 0 rgba(0,0,0,0.15); margin: 1px; max-width:540px; min-width:326px; padding:0; width:99.375%; width:-webkit-calc(100% - 2px); width:calc(100% - 2px);\"\/>\n<p>Lejos de lo que se pueda pensar, Kiko se encuentra en calma y feliz. \u00abMe despierto con ilusi\u00f3n, con la energ\u00eda de quien sabe que est\u00e1 en su camino\u00bb. Y se reafirma en una transformaci\u00f3n que no ha hecho m\u00e1s que empezar y de la que est\u00e1 profundamente orgulloso. \u00ab<strong>He aprendido de mis errores, he crecido, he cambiado\u2026<\/strong> y ahora por fin disfruto de esta versi\u00f3n de m\u00ed que nunca deja de avanzar\u00bb, asegura con convicci\u00f3n.\u00a0<\/p>\n<p>El hijo de Isabel Pantoja concluye su reflexi\u00f3n con una aut\u00e9ntica declaraci\u00f3n de intenciones: \u00ab<strong>Hoy brillo m\u00e1s fuerte que nunca, y lo mejor es que esto solo acaba de empezar. <\/strong>Y si algo he entendido en este proceso, es que la felicidad nace dentro de uno mismo. Sed felices\u00bb.\u00a0<\/p>\n<p><img decoding=\"async\" src=\"https:\/\/www.europesays.com\/es\/wp-content\/uploads\/2025\/12\/carmen-borrego_00000000_193c4135_251210130357_800x800.webp.webp\" alt=\"Carmen Borrego\" class=\"image lazyload\"\/><img loading=\"lazy\" decoding=\"async\" src=\"https:\/\/www.europesays.com\/es\/wp-content\/uploads\/2025\/12\/carmen-borrego_00000000_193c4135_251210130402_1280x720.webp.webp\" alt=\"Carmen Borrego da la \u00faltima hora de su hijo Jos\u00e9 Mar\u00eda Almoguera tras pasar por quir\u00f3fano: \u201cTodo ha ido genial\u201d\" class=\"image lazyload\" width=\"1280\" height=\"720\" data-aspectratio=\"1280\/720\"\/>As\u00ed es su actual relaci\u00f3n con Irene Rosales<\/p>\n<p>Fue durante sus vacaciones de verano en Menorca donde Kiko Rivera e Irene Rosales se dieron cuenta de que su uni\u00f3n se limitaba exclusivamente a sus hijas. \u00abNos dimos cuenta de que \u00e9ramos familia, pero\u00a0no nos not\u00e1bamos como una relaci\u00f3n\u00bb, aseguraba la sevillana en su entrevista con Sonsoles \u00d3nega. Una separaci\u00f3n de mutuo acuerdo que fue promovida por el Dj. \u00abA m\u00ed me cuesta mucho soltar y necesito ese empuj\u00f3n de la otra parte para tomar esa decisi\u00f3n, y los dos sab\u00edamos que no \u00e9ramos felices. No me dio miedo la conversaci\u00f3n, y a \u00e9l tampoco\u00bb, reconoc\u00eda Irene.\u00a0<\/p>\n<p><img loading=\"lazy\" decoding=\"async\"   src=\"https:\/\/www.europesays.com\/es\/wp-content\/uploads\/2025\/12\/irene-rosales-y-kiko-rivera_4ae0f6a7_251210122141_1200x1570.webp.webp\" alt=\"Irene Rosales y Kiko Rivera\" class=\"lazyload\" width=\"1200\" height=\"1570\" data-aspectratio=\"1200\/1570\"\/>&#13;Cordon Press<\/p>\n<p><b id=\"docs-internal-guid-de9bacd7-7fff-2173-be7e-4f809896d483\">Suscr\u00edbete a nuestro canal de whatsapp para estar al d\u00eda de todas las novedades y exclusivas de los famosos.<a href=\"https:\/\/www.whatsapp.com\/channel\/0029Va7mxHE4o7qLhYzIYk09\" rel=\"nofollow noopener\" target=\"_blank\"> \u00a1Haz click aqu\u00ed!<\/a><\/b><\/p>\n<p>Y aunque las rupturas nunca son f\u00e1ciles, mucho menos cuando se tienen hijos en com\u00fan, Kiko e Irene han encontrado la estabilidad que les hac\u00eda falta para continuar con su vida por separado. Irene ha reiterado una y otra vez que el padre de sus hijas siempre tendr\u00e1 un hueco en su coraz\u00f3n: <strong>\u00abEs parte de mi vida y va a ser parte de mi vida\u00bb. <\/strong>Una relaci\u00f3n cordial con cari\u00f1o y respeto por el bienestar de sus dos hijas.\u00a0<\/p>\n<p>\u00a0<\/p>\n<p><script async src=\"\/\/www.instagram.com\/embed.js\"><\/script><\/p>\n","protected":false},"excerpt":{"rendered":"Durante a\u00f1os, Kiko Rivera\u00a0(41 a\u00f1os) ha confesado que le deb\u00eda todo a Irene Rosales. Una d\u00e9cada en la&hellip;\n","protected":false},"author":2,"featured_media":281362,"comment_status":"","ping_status":"","sticky":false,"template":"","format":"standard","meta":{"footnotes":""},"categories":[174],"tags":[255,146,147,25,24,256,23],"class_list":{"0":"post-281361","1":"post","2":"type-post","3":"status-publish","4":"format-standard","5":"has-post-thumbnail","7":"category-famosos","8":"tag-celebrities","9":"tag-entertainment","10":"tag-entretenimiento","11":"tag-es","12":"tag-espana","13":"tag-famosos","14":"tag-spain"},"share_on_mastodon":{"url":"https:\/\/pubeurope.com\/@es\/115696054407730614","error":""},"_links":{"self":[{"href":"https:\/\/www.europesays.com\/es\/wp-json\/wp\/v2\/posts\/281361","targetHints":{"allow":["GET"]}}],"collection":[{"href":"https:\/\/www.europesays.com\/es\/wp-json\/wp\/v2\/posts"}],"about":[{"href":"https:\/\/www.europesays.com\/es\/wp-json\/wp\/v2\/types\/post"}],"author":[{"embeddable":true,"href":"https:\/\/www.europesays.com\/es\/wp-json\/wp\/v2\/users\/2"}],"replies":[{"embeddable":true,"href":"https:\/\/www.europesays.com\/es\/wp-json\/wp\/v2\/comments?post=281361"}],"version-history":[{"count":0,"href":"https:\/\/www.europesays.com\/es\/wp-json\/wp\/v2\/posts\/281361\/revisions"}],"wp:featuredmedia":[{"embeddable":true,"href":"https:\/\/www.europesays.com\/es\/wp-json\/wp\/v2\/media\/281362"}],"wp:attachment":[{"href":"https:\/\/www.europesays.com\/es\/wp-json\/wp\/v2\/media?parent=281361"}],"wp:term":[{"taxonomy":"category","embeddable":true,"href":"https:\/\/www.europesays.com\/es\/wp-json\/wp\/v2\/categories?post=281361"},{"taxonomy":"post_tag","embeddable":true,"href":"https:\/\/www.europesays.com\/es\/wp-json\/wp\/v2\/tags?post=281361"}],"curies":[{"name":"wp","href":"https:\/\/api.w.org\/{rel}","templated":true}]}}