{"id":281381,"date":"2025-12-10T16:07:21","date_gmt":"2025-12-10T16:07:21","guid":{"rendered":"https:\/\/www.europesays.com\/es\/281381\/"},"modified":"2025-12-10T16:07:21","modified_gmt":"2025-12-10T16:07:21","slug":"luka-doncic-mvp-mvp-as-com","status":"publish","type":"post","link":"https:\/\/www.europesays.com\/es\/281381\/","title":{"rendered":"Luka Doncic: \u201cMVP, MVP\u201d &#8211; AS.com"},"content":{"rendered":"<p class=\"\">Si a Luka Doncic le falta algo por conseguir en su ya extraordinaria carrera deportiva aparte del anillo, es el MVP de la temporada. <b>Y el esloveno parece empe\u00f1ado en conseguirlo en el curso baloncest\u00edstico 2025-26 de la NBA<\/b>. Los Lakers vuelan a su ritmo: 13-4 en los primeros 17 partidos, segundos de la ultracompetitiva Conferencia Oeste por detr\u00e1s de los (en principio) inalcanzables Thunder, invictos en es Copa que lleg\u00f3 para imitar el modelo europeo y clasificados para los cuartos de final. Todo ello por obra y gracia de un esloveno celestial, que no para de batir marcas y r\u00e9cords y <a href=\"https:\/\/as.com\/baloncesto\/nba\/reaves-se-desmelena-f202510-n\/\" target=\"_self\" rel=\"nofollow noopener\" title=\"https:\/\/as.com\/baloncesto\/nba\/reaves-se-desmelena-f202510-n\/\"><b>al que acompa\u00f1a la mejor versi\u00f3n de Austin Reaves<\/b><\/a>, una plantilla compensada y con grandes herramientas y, ahora, tambi\u00e9n de LeBron James, que ha regresado de su lesi\u00f3n para seguir haciendo historia y poner el broche de oro a su espectacular carrera deportiva&#8230; todav\u00eda sin revelar cu\u00e1ndo se retirar\u00e1, uno de los temas del momento y una de las preguntas, a\u00fan sin respuesta, m\u00e1s recurrentes.<\/p>\n<p class=\"\">A todo esto, el sost\u00e9n de los Lakers no es otro que el propio Doncic. Tras el fiasco en primera ronda de la temporada pasada (derrota ante los Timberwolves por 4-1), el esloveno se puso manos a la obra <b>con eso de dejar el gluten, hacer ayuno intermitente y pasarse el d\u00eda en el gimnasio para estar en una gran forma f\u00edsica<\/b>. <a href=\"https:\/\/as.com\/baloncesto\/mas_baloncesto\/luka-doncic-el-superheroe-n\/\" target=\"_self\" rel=\"nofollow noopener\" title=\"https:\/\/as.com\/baloncesto\/mas_baloncesto\/luka-doncic-el-superheroe-n\/\"><b>El Eurobasket con Eslovenia ya fue sencillamente espl\u00e9ndido a nivel individual<\/b><\/a> y muchos dudaban de que fuera a mantenerse en ese estado cuando lleg\u00f3 la NBA. Y una peque\u00f1a lesi\u00f3n en el segundo partido de regular season le hizo perderse tras encuentros consecutivos. Un mero espejismo: el base se ha dejado de tonter\u00edas, se lo est\u00e1 tomando m\u00e1s en serio que nunca, <b>lucha contra todo y contra todos y est\u00e1 empe\u00f1ado en escribir una de las mayores historias jam\u00e1s contadas: <\/b><b>la suya<\/b>. Y tanto su nivel como su forma f\u00edsica le permiten alardear de unos n\u00fameros absolutamente incre\u00edbles.<\/p>\n<p class=\"\">Doncic promedia 35 puntos, 9,2 rebotes y 9,1 asistencias esta temporada. La cifra de anotaci\u00f3n no s\u00f3lo es la m\u00e1s alta de la NBA en este momento, <b>sino la tercera m\u00e1s alta del siglo XXI tras los 35,4 de Kobe Bryant en la 2005-06 y los 36,1 de James Harden en la 2018-19<\/b>. Adem\u00e1s, y en los 14 partidos en los que ha participado, ha sumado 14 dobles-dobles y 2 triples-dobles. Ha superado los 40 tantos en cinco ocasiones, los 30 en 13 y los 20 en todos menos en la derrota contra los Thunder, sumando al menos 1 robo en 12 de sus 17 encuentros y llegando a un m\u00e1ximo de 5 en la victoria de los Lakers frente a los Spurs de Victor Wembanyama. Todo ello sin dejar de rebotear ni de surtir de balones a sus compa\u00f1eros, lo que le deja tonteando con el triple-doble de promedio, <b>algo que en la historia de la NBA s\u00f3lo han conseguido Oscar Robertson, Russell Westbrook (cuatro veces) y Nikola Jokic<\/b>, que lo logr\u00f3 el curso pasado y en este va camino de conseguir lo mismo.<\/p>\n<p>\u00bfPuede Doncic ganar el MVP?<\/p>\n<p class=\"\">Por todo esto, el esloveno podr\u00eda ganar el MVP de la temporada. Y por m\u00e1s cosas: a pesar de promediar un 33,5% en triples, la peor cifra desde su a\u00f1o sophomore, Doncic roza el 60% en tiros de dos, <a href=\"https:\/\/as.com\/baloncesto\/2022\/04\/14\/reportajes\/1649916507_264478.html\" target=\"_self\" rel=\"nofollow noopener\" title=\"https:\/\/as.com\/baloncesto\/2022\/04\/14\/reportajes\/1649916507_264478.html\"><b>una cifra propia de legendarios p\u00edvots como Shaquille O\u2019Neal<\/b><\/a> o de jugadores actuales como Giannis Antetokounmpo, pertenecientes a estilos de juego basados en la zona. Esto es, adem\u00e1s de por su brillantez particular, por el sistema de JJ Redick y la colocaci\u00f3n de DeAndre Ayton en pista: el p\u00edvot, flamante fichaje, se mueve en posiciones m\u00e1s alejadas del aro de lo que se podr\u00eda pensar en un inicio y est\u00e1 por encima del 60% en tiros fuera de la zona, <b>lo que libera espacios y permite al esloveno penetrar con facilidad<\/b>. Y el porcentaje de triples tender\u00e1 a subir, especialmente si tenemos en cuenta que el retorno de LeBron generar\u00e1 m\u00e1s espacios para lanzamientos exteriores m\u00e1s c\u00f3modos. <\/p>\n<p class=\"\">Doncic, que adem\u00e1s lidera la competici\u00f3n en tiros libres anotados (9,9) e intentados (12,3) y genera 22 puntos por partido s\u00f3lo con sus asistencias, pelear\u00e1 por el MVP con los de siempre: <b>Shai Gilgeous-Alexander (32,8+4,7+6,4 de promedio)<\/b>, el incre\u00edble Nikola Jokic (29,2+12,3+11, liderando la competici\u00f3n en rebotes y pases a canasta) y Giannis Antetokounmpo (28,9+10,1+6,1). Entre ellos tres se han repartido seis de los siete \u00faltimos premios con la excepci\u00f3n del que se llev\u00f3 Joel Embiid y el griego podr\u00eda tenerlo m\u00e1s complicado o podr\u00eda estar directamente descartado si los Bucks no espabilan (10-15, d\u00e9cimos del Este) y con la estrella, lesionada actualmente, peleada con su propia franquicia y con pie y medio fuera de ella. Por otra parte, <b>a los Lakers les interesa mantenerse en la zona noble del Oeste<\/b>, ya que tradicionalmente un buen r\u00e9cord es el que acompa\u00f1a a esta distinci\u00f3n. Los Thunder son inalcanzables, pero estar junto a Nuggets y Rockets (y mantenerse ah\u00ed: a\u00fan queda mucho) aumentar\u00eda las posibilidades del esloveno, <a href=\"https:\/\/as.com\/baloncesto\/doncic-y-el-mvp-limite-11-partidos-f202512-n\/\" target=\"_self\" rel=\"nofollow noopener\" title=\"https:\/\/as.com\/baloncesto\/doncic-y-el-mvp-limite-11-partidos-f202512-n\/\"><b>que tiene que llegar a la barrera m\u00e1gica de los 65 partidos<\/b><\/a> (se ha perdido 6 duelos por lesiones y su reciente paternidad). <a href=\"https:\/\/as.com\/baloncesto\/nba\/wembanyama-y-si-no-f202512-n\/\" target=\"_self\" rel=\"nofollow noopener\" title=\"https:\/\/as.com\/baloncesto\/nba\/wembanyama-y-si-no-f202512-n\/\"><b>Algo que tiene casi imposible un Victor Wembanyama que tambi\u00e9n podr\u00eda estar en la lucha<\/b><\/a>.<\/p>\n<p>Noticias relacionadas<\/p>\n<p class=\"\">As\u00ed est\u00e1n las cosas, con las intentonas de uno y los problemas de otros dentro de un ecosistema en el que los premios individuales importan y mucho. <b>El legado es un tema incre\u00edblemente tratado en una NBA que no espera a nadie<\/b> y que vive de repartir premios a diestro y siniestro para consolidar carreras o destruirlas. En esas est\u00e1 Luka Doncic, cuajando una temporada magn\u00edfica, pr\u00e1cticamente de ensue\u00f1o. Pero esto acaba de empezar, como qui\u00e9n dice, y todo depender\u00e1 de lo que vaya ocurriendo en los pr\u00f3ximos meses, en los que puede pasar de todo. Junto a LeBron, junto a Reaves y junto a una plantilla bien construida, los Lakers del esloveno piensan en el anillo. Pero el base tambi\u00e9n quiere otras cosas. Y el MVP es una de ellas. <b>Algo que terminar\u00eda de consolidar su extraordinaria figura en una competici\u00f3n que le ha encumbrado desde el principio<\/b> y que espera que est\u00e9 a la altura de las circunstancias en estos momentos. Que es cuando le toca, claro. Los Lakers buscan el anillo. Luka Doncic tambi\u00e9n. Y si por el camino se puede llevar el MVP, mejor que mejor.<\/p>\n<p class=\"\"><b>\u00a1Tus opiniones importan!<\/b> Comenta en los art\u00edculos y suscr\u00edbete gratis a nuestra <a href=\"https:\/\/asfan.as.com\/newsletters\/\" target=\"_blank\" rel=\"nofollow noopener\" title=\"https:\/\/asfan.as.com\/newsletters\/\">newsletter<\/a> y a las alertas informativas en la <a href=\"https:\/\/as.com\/aplicacion-de-as-n\/\" target=\"_blank\" rel=\"nofollow noopener\" title=\"https:\/\/as.com\/aplicacion-de-as-n\/\">App<\/a> o el canal de <a href=\"https:\/\/www.whatsapp.com\/channel\/0029VaAasdA7j6g745nz9M10\" target=\"_blank\" rel=\"nofollow noopener\" title=\"https:\/\/www.whatsapp.com\/channel\/0029VaAasdA7j6g745nz9M10\">WhatsApp<\/a>. \u00bfBuscas licenciar contenido? Haz clic <a href=\"https:\/\/profesional.elpais.com\/soluciones-sindicacion?utm_medium=interno&amp;utm_source=crosslinking&amp;utm_campaign=sindicacion_as_pie_articulos\" target=\"_blank\" rel=\"nofollow noopener\" title=\"https:\/\/profesional.elpais.com\/soluciones-sindicacion?utm_medium=interno&amp;utm_source=crosslinking&amp;utm_campaign=sindicacion_as_pie_articulos\">aqu\u00ed<\/a><\/p>\n","protected":false},"excerpt":{"rendered":"Si a Luka Doncic le falta algo por conseguir en su ya extraordinaria carrera deportiva aparte del anillo,&hellip;\n","protected":false},"author":2,"featured_media":281382,"comment_status":"","ping_status":"","sticky":false,"template":"","format":"standard","meta":{"footnotes":""},"categories":[269],"tags":[299,298,168,25,24,23,167],"class_list":{"0":"post-281381","1":"post","2":"type-post","3":"status-publish","4":"format-standard","5":"has-post-thumbnail","7":"category-baloncesto","8":"tag-baloncesto","9":"tag-basketball","10":"tag-deportes","11":"tag-es","12":"tag-espana","13":"tag-spain","14":"tag-sports"},"share_on_mastodon":{"url":"https:\/\/pubeurope.com\/@es\/115696136801523249","error":""},"_links":{"self":[{"href":"https:\/\/www.europesays.com\/es\/wp-json\/wp\/v2\/posts\/281381","targetHints":{"allow":["GET"]}}],"collection":[{"href":"https:\/\/www.europesays.com\/es\/wp-json\/wp\/v2\/posts"}],"about":[{"href":"https:\/\/www.europesays.com\/es\/wp-json\/wp\/v2\/types\/post"}],"author":[{"embeddable":true,"href":"https:\/\/www.europesays.com\/es\/wp-json\/wp\/v2\/users\/2"}],"replies":[{"embeddable":true,"href":"https:\/\/www.europesays.com\/es\/wp-json\/wp\/v2\/comments?post=281381"}],"version-history":[{"count":0,"href":"https:\/\/www.europesays.com\/es\/wp-json\/wp\/v2\/posts\/281381\/revisions"}],"wp:featuredmedia":[{"embeddable":true,"href":"https:\/\/www.europesays.com\/es\/wp-json\/wp\/v2\/media\/281382"}],"wp:attachment":[{"href":"https:\/\/www.europesays.com\/es\/wp-json\/wp\/v2\/media?parent=281381"}],"wp:term":[{"taxonomy":"category","embeddable":true,"href":"https:\/\/www.europesays.com\/es\/wp-json\/wp\/v2\/categories?post=281381"},{"taxonomy":"post_tag","embeddable":true,"href":"https:\/\/www.europesays.com\/es\/wp-json\/wp\/v2\/tags?post=281381"}],"curies":[{"name":"wp","href":"https:\/\/api.w.org\/{rel}","templated":true}]}}