{"id":281404,"date":"2025-12-10T16:20:14","date_gmt":"2025-12-10T16:20:14","guid":{"rendered":"https:\/\/www.europesays.com\/es\/281404\/"},"modified":"2025-12-10T16:20:14","modified_gmt":"2025-12-10T16:20:14","slug":"la-investigacion-del-robo-al-louvre-revelo-ineditos-detalles-de-una-falla-global-de-seguridad-infobae","status":"publish","type":"post","link":"https:\/\/www.europesays.com\/es\/281404\/","title":{"rendered":"La investigaci\u00f3n del robo al Louvre revel\u00f3 in\u00e9ditos detalles de una \u201cfalla global\u201d de seguridad &#8211; Infobae"},"content":{"rendered":"<ol>\n<li><a href=\"https:\/\/news.google.com\/rss\/articles\/CBMi0wFBVV95cUxPaVRzQlhld1BDVldRQTl6ZzRJNEppVE9Sa3kwVmhVNkhjM1o4eXBJcWF5N3gzX2t0SnkxcnhvQ2paRTJaVEswWW9ad2kwU2c3UTM1bnB5c3YzekFZaU1GYTRBS2l1RlRyc2NyWnBFRnp1SlN3VWs0XzJTUVR2THNpNGJMUVhJZEdkX2Y4dFJsZk9maEh3SE41Y3d2RjZrbzQzYWRNck1fM1IxZHV3Zmw5U1hKZWRGOGEzMlF0TDlkRmhWbnNuMktsQjVoYmU5V0Zjc2lz0gHuAUFVX3lxTE5YeHVZcE9Ya2VaWjRsdUQtTzNjQ2ViemMySmIzSVZzMnhYYkxXWDJuS3ZmRFJ4MUN3MlB0aU1wb0hIcHJza3VPY0Q4RE9xREg5Wm84VG1BZ1pOOWRjWUVBQ0tLQTZ5ZjhzTHVOVnVVOWlDVDRXVEJ2czNzaUVNcnRwbHhCZXR4MW1HUmZzalFSRHBkUWhSdG1BZ0k0OE9ta1ZlZ0ZLYzNUNzVwcC0wejdzWkg0MFhHcmpHeG9WTmRLMTVTRUNnYVpYcW9iVHNucXo5UDRkTG9xSWZFZVB0R2xzTGxMb2xVcG1LbjVJdWc?oc=5\" target=\"_blank\" rel=\"nofollow noopener\">La investigaci\u00f3n del robo al Louvre revel\u00f3 in\u00e9ditos detalles de una \u201cfalla global\u201d de seguridad<\/a>&nbsp;&nbsp;Infobae<\/li>\n<li><a href=\"https:\/\/news.google.com\/rss\/articles\/CBMie0FVX3lxTE9WajdFTUR5QVo2dVhuOHNURVY5dUE1YVFWQVRNZ0M0Rk16aGtnWjMtY01wb09CU1ItTWZPbGVQeVFlQkpfdWVGdWQwZEJiWnBVWlI3Ry0yV1hPWXl1YXE2T3I2WmE2SXVwakR3X2hPdUtRMDB4UXhveUdaNA?oc=5\" target=\"_blank\" rel=\"nofollow noopener\">Los ladrones del Louvre podr\u00edan haber sido detenidos por un lapso de 30 segundos, seg\u00fan la investigaci\u00f3n administrativa<\/a>&nbsp;&nbsp;El Mundo<\/li>\n<li><a href=\"https:\/\/news.google.com\/rss\/articles\/CBMiugFBVV95cUxQUXc3b0R2YlNzazhITzdMMDAzTjRmYmJOYlhveWRJWE15NlU1SzZrR2VGdnZXVnEyTVhMdVVUdFAtZl96R3lka2sycmhYd0pfS3daYzFHcU5JTnhuMU8xZkZsSFBvb3huZ0JIUFdON01IdTNqd1lMS2RRNVRpTjBmLTFqUUhXc1dESWxacTB0enRTQThHY2ludUljUVpOUGtubEVjY3ltd0Z3LTB0Nm9ucnU3aVF5NVBad1E?oc=5\" target=\"_blank\" rel=\"nofollow noopener\">Los ladrones del Louvre lograron escapar por solo 30 segundos, seg\u00fan la investigaci\u00f3n<\/a>&nbsp;&nbsp;La Vanguardia<\/li>\n<li><a href=\"https:\/\/news.google.com\/rss\/articles\/CBMivwFBVV95cUxNWEpRMkkyaWRSUExERmhMWmRReS0tY2FqSmU2M1pvdW9pMG0tNjFlc2ZrUHFzcE1Ld29WSWJRQVg0VWVPQ1ZRRzduNHFISWlkZV9NX2hZWjRpd282cHB6cUtRTUlQTXVMV1BnUTdBSWpKRUh6LW51VThjeTQybjlidzJaSDhiUXF4UEtfdDhlamwzVFNjalpaY2NJTzU4QnY0ZlJCV2thYlhpdGlYWDk5dG5FMlNlNndNM29ydGZJOA?oc=5\" target=\"_blank\" rel=\"nofollow noopener\">Presentan este mi\u00e9rcoles las conclusiones de la investigaci\u00f3n administrativa por el robo del Louvre<\/a>&nbsp;&nbsp;ABC<\/li>\n<li><a href=\"https:\/\/news.google.com\/rss\/articles\/CBMi6gFBVV95cUxOLTBGbzRlSF81cUxsNWpMWU01Z3VRMkFiQnZJMWxQd3RSejhGS28xZE1IOHVJQVlGOXJqRFV3blhUOEpTOVBScjJkdVpxNHBtR2lvZ01aNkpvSUM5S3hYclg1UVY3WVVvQUNEcFFPTmtibnRfWm9ZQk8xeFhZdGw5eFZaVDZjS1hMTTRYVlZlUEJiNUY4a0NfbEdrZGk2MV9sMzRDczhROVhHa2VENGtLWk9RT01NZHQ5RnlQWElYaDRPQTRjUlAyREptaUVvaWNWUXRONmhhVXVNSUZwczBMb3RlWHRIbGQ4NXfSAeoBQVVfeXFMTWxvWkZIR0ozQkVEclpicjk1OEZQUUYwSUR4Qkh1S0ZoaVJLYkhxbGtrbC1xZmVNTExsMnJHYTVkZ19YOFY3dl80X3Z6V1NkSXlpLUlwYTMwX1hjZ0QycFhrbXBKRm1GRFY2YVJ4Q09sNnF2SFBrTGJoTVZ4czFLdjNmX1ctWXRJRXFOcGpvZXJ1SXVhTFUyVzZMZ19VcjRiLUg4N1VyVVBRTHhQU1ZueTNpVDNoa0llSUpFOGhKa2VFWEtyaC1Ud1NoQzZPbldLc1JLQW01WFRBUjl4ZUh6M3hwdUVrdkt0Vm9B?oc=5\" target=\"_blank\" rel=\"nofollow noopener\">Los investigadores del robo del Louvre detallan fallos en cascada que provocaron la \u00abcat\u00e1strofe\u00bb y plantean que \u00abexmilitares\u00bb se encarguen de la seguridad<\/a>&nbsp;&nbsp;El Peri\u00f3dico<\/li>\n<\/ol>\n","protected":false},"excerpt":{"rendered":"La investigaci\u00f3n del robo al Louvre revel\u00f3 in\u00e9ditos detalles de una \u201cfalla global\u201d de seguridad&nbsp;&nbsp;Infobae Los ladrones del&hellip;\n","protected":false},"author":2,"featured_media":281205,"comment_status":"","ping_status":"","sticky":false,"template":"","format":"standard","meta":{"footnotes":""},"categories":[42],"tags":[17,18,13,14,11,61,62,63,64,19,20,9,10,15,16,12,21,22,65,66,67],"class_list":{"0":"post-281404","1":"post","2":"type-post","3":"status-publish","4":"format-standard","5":"has-post-thumbnail","7":"category-internacional","8":"tag-breaking-news","9":"tag-breakingnews","10":"tag-featured-news","11":"tag-featurednews","12":"tag-headlines","13":"tag-internacional","14":"tag-international","15":"tag-international-news","16":"tag-internationalnews","17":"tag-latest-news","18":"tag-latestnews","19":"tag-news","20":"tag-noticias","21":"tag-noticias-destacadas","22":"tag-noticiasdestacadas","23":"tag-titulares","24":"tag-ultimas-noticias","25":"tag-ultimasnoticias","26":"tag-world","27":"tag-world-news","28":"tag-worldnews"},"share_on_mastodon":{"url":"https:\/\/pubeurope.com\/@es\/115696187827590713","error":""},"_links":{"self":[{"href":"https:\/\/www.europesays.com\/es\/wp-json\/wp\/v2\/posts\/281404","targetHints":{"allow":["GET"]}}],"collection":[{"href":"https:\/\/www.europesays.com\/es\/wp-json\/wp\/v2\/posts"}],"about":[{"href":"https:\/\/www.europesays.com\/es\/wp-json\/wp\/v2\/types\/post"}],"author":[{"embeddable":true,"href":"https:\/\/www.europesays.com\/es\/wp-json\/wp\/v2\/users\/2"}],"replies":[{"embeddable":true,"href":"https:\/\/www.europesays.com\/es\/wp-json\/wp\/v2\/comments?post=281404"}],"version-history":[{"count":0,"href":"https:\/\/www.europesays.com\/es\/wp-json\/wp\/v2\/posts\/281404\/revisions"}],"wp:featuredmedia":[{"embeddable":true,"href":"https:\/\/www.europesays.com\/es\/wp-json\/wp\/v2\/media\/281205"}],"wp:attachment":[{"href":"https:\/\/www.europesays.com\/es\/wp-json\/wp\/v2\/media?parent=281404"}],"wp:term":[{"taxonomy":"category","embeddable":true,"href":"https:\/\/www.europesays.com\/es\/wp-json\/wp\/v2\/categories?post=281404"},{"taxonomy":"post_tag","embeddable":true,"href":"https:\/\/www.europesays.com\/es\/wp-json\/wp\/v2\/tags?post=281404"}],"curies":[{"name":"wp","href":"https:\/\/api.w.org\/{rel}","templated":true}]}}