{"id":281410,"date":"2025-12-10T16:30:20","date_gmt":"2025-12-10T16:30:20","guid":{"rendered":"https:\/\/www.europesays.com\/es\/281410\/"},"modified":"2025-12-10T16:30:20","modified_gmt":"2025-12-10T16:30:20","slug":"el-baskonia-eleva-una-queja-a-la-acb-por-el-arbitraje-ante-el-valencia","status":"publish","type":"post","link":"https:\/\/www.europesays.com\/es\/281410\/","title":{"rendered":"El Baskonia eleva una queja a la ACB por el arbitraje ante el Valencia"},"content":{"rendered":"<p>\n        <strong>El Kosner Baskonia ha elevado en las \u00faltimas horas una protesta oficial a la ACB por el arbitraje <\/strong>del pasado domingo ante el Valencia Basket en un partido saldado con derrota por 89-91.\n<\/p>\n<p class=\"article-body__text \">\n        El club vitoriano <strong>se sinti\u00f3 muy perjudicado por los errores de la terna arbitral <\/strong>encargada de arbitrar el choque, integrada por Antonio Conde, Arnau Padr\u00f3s y Esperanza Mendoza, y as\u00ed se lo ha trasladado a Jos\u00e9 Antonio Mart\u00edn Bertr\u00e1n, el hombre fuerte del departamento.\n<\/p>\n<p>            <a href=\"https:\/\/www.noticiasdealava.eus\/baskonia\/2025\/12\/10\/felix-baskonia-sedekerkis-10452626.html\" title=\"Sedekerskis estar\u00e1 cerca de dos meses de baja\" class=\"new__media\" rel=\"nofollow noopener\" target=\"_blank\"><\/p>\n<p>                <img alt=\"Sedekerskis estar\u00e1 cerca de dos meses de baja\" data-src=\"https:\/\/www.europesays.com\/es\/wp-content\/uploads\/2025\/12\/7d3297ca-ecbb-4db9-a914-241ac59ef335_16-9-aspect-ratio_default_0_x848y539.jpg\" class=\"lozad\"\/><\/p>\n<p>        <\/a><\/p>\n<p>        <a href=\"https:\/\/www.noticiasdealava.eus\/baskonia\/2025\/12\/10\/felix-baskonia-sedekerkis-10452626.html\" title=\"Sedekerskis estar\u00e1 cerca de dos meses de baja\" class=\"new__headline\" rel=\"nofollow noopener\" target=\"_blank\"><br \/>\n            Sedekerskis estar\u00e1 cerca de dos meses de baja<br \/>\n        <\/a><\/p>\n<p class=\"article-body__text \">\n        El Buesa Arena se encresp\u00f3 durante muchos minutos con algunas decisiones en contra del conjunto de Galbiati, ajusticiado sobre la bocina por Kameron Taylor. A nivel de faltas, <strong>al Baskonia se le se\u00f1alizaron 29 por tan solo 22 al Valencia<\/strong>, que tambi\u00e9n dispuso de nueve tiros libres m\u00e1s (24 por 33).\n<\/p>\n<p class=\"article-body__text \">\n        Uno de los errores m\u00e1s flagrantes fue <strong>un fuera de banda decretado a Diakite<\/strong> cuando se ve con claridad a trav\u00e9s de las im\u00e1genes que el bal\u00f3n en ning\u00fan momento toca la l\u00ednea ni tampoco el pie del p\u00edvot guineano.\n<\/p>\n<p class=\"article-body__text \">\n        Eso s\u00ed, F\u00e9lix Fern\u00e1ndez ha dejado claro que <strong>la derrota ante los taronjas no solo obedeci\u00f3 a los fallos de los colegiados<\/strong> sino tambi\u00e9n otras consideraciones relacionadas con la propia irregularidad del equipo.\n<\/p>\n<p>            <a href=\"https:\/\/www.noticiasdealava.eus\/baskonia\/2025\/12\/10\/adecuado-cuatro-extracomunitarios-equipo-baskonia-nowell-simmons-10452919.html\" title=\"&quot;No es lo adecuado tener cuatro extracomunitarios en el equipo&quot;\" class=\"new__media\" rel=\"nofollow noopener\" target=\"_blank\"><\/p>\n<p>                <img alt=\"&quot;No es lo adecuado tener cuatro extracomunitarios en el equipo&quot;\" data-src=\"https:\/\/www.europesays.com\/es\/wp-content\/uploads\/2025\/12\/7fb218f8-7903-4f83-902c-32e0bbe1e119_16-9-aspect-ratio_default_0_x703y421.jpg\" class=\"lozad\"\/><\/p>\n<p>        <\/a><\/p>\n<p>        <a href=\"https:\/\/www.noticiasdealava.eus\/baskonia\/2025\/12\/10\/adecuado-cuatro-extracomunitarios-equipo-baskonia-nowell-simmons-10452919.html\" title=\"&quot;No es lo adecuado tener cuatro extracomunitarios en el equipo&quot;\" class=\"new__headline\" rel=\"nofollow noopener\" target=\"_blank\"><br \/>\n            \u00abNo es lo adecuado tener cuatro extracomunitarios en el equipo\u00bb<br \/>\n        <\/a><\/p>\n<p class=\"article-body__text \">\n        \u00abNo estamos conformes con el arbitraje del otro d\u00eda. Hemos analizado el partido. <strong>Tuvimos una reuni\u00f3n y se ha reconocido una serie de fallos, pero no lo centrar\u00eda todo en el arbitraje<\/strong>. Tuvimos nuestras opciones, el equipo demostr\u00f3 que est\u00e1 a un nivel alto. Fue un partido dif\u00edcil de arbitrar. Hubo errores que nos perjudicaron pero vimos un partido donde el equipo dio la talla. <strong>En casa el nivel es alto y fuera el equipo tiene que dar un paso adelante; estamos en el buen camino de hacerlo<\/strong>\u00ab, analiz\u00f3 el director deportivo del Kosner Baskonia.<\/p>\n","protected":false},"excerpt":{"rendered":"El Kosner Baskonia ha elevado en las \u00faltimas horas una protesta oficial a la ACB por el arbitraje&hellip;\n","protected":false},"author":2,"featured_media":281411,"comment_status":"","ping_status":"","sticky":false,"template":"","format":"standard","meta":{"footnotes":""},"categories":[269],"tags":[302,7898,299,298,4714,168,8369,25,24,14268,23,167],"class_list":{"0":"post-281410","1":"post","2":"type-post","3":"status-publish","4":"format-standard","5":"has-post-thumbnail","7":"category-baloncesto","8":"tag-acb","9":"tag-arbitraje","10":"tag-baloncesto","11":"tag-basketball","12":"tag-baskonia","13":"tag-deportes","14":"tag-eleva","15":"tag-es","16":"tag-espana","17":"tag-queja","18":"tag-spain","19":"tag-sports"},"share_on_mastodon":{"url":"https:\/\/pubeurope.com\/@es\/115696227149098614","error":""},"_links":{"self":[{"href":"https:\/\/www.europesays.com\/es\/wp-json\/wp\/v2\/posts\/281410","targetHints":{"allow":["GET"]}}],"collection":[{"href":"https:\/\/www.europesays.com\/es\/wp-json\/wp\/v2\/posts"}],"about":[{"href":"https:\/\/www.europesays.com\/es\/wp-json\/wp\/v2\/types\/post"}],"author":[{"embeddable":true,"href":"https:\/\/www.europesays.com\/es\/wp-json\/wp\/v2\/users\/2"}],"replies":[{"embeddable":true,"href":"https:\/\/www.europesays.com\/es\/wp-json\/wp\/v2\/comments?post=281410"}],"version-history":[{"count":0,"href":"https:\/\/www.europesays.com\/es\/wp-json\/wp\/v2\/posts\/281410\/revisions"}],"wp:featuredmedia":[{"embeddable":true,"href":"https:\/\/www.europesays.com\/es\/wp-json\/wp\/v2\/media\/281411"}],"wp:attachment":[{"href":"https:\/\/www.europesays.com\/es\/wp-json\/wp\/v2\/media?parent=281410"}],"wp:term":[{"taxonomy":"category","embeddable":true,"href":"https:\/\/www.europesays.com\/es\/wp-json\/wp\/v2\/categories?post=281410"},{"taxonomy":"post_tag","embeddable":true,"href":"https:\/\/www.europesays.com\/es\/wp-json\/wp\/v2\/tags?post=281410"}],"curies":[{"name":"wp","href":"https:\/\/api.w.org\/{rel}","templated":true}]}}