{"id":281412,"date":"2025-12-10T16:31:10","date_gmt":"2025-12-10T16:31:10","guid":{"rendered":"https:\/\/www.europesays.com\/es\/281412\/"},"modified":"2025-12-10T16:31:10","modified_gmt":"2025-12-10T16:31:10","slug":"informacion-para-los-rayistas-desplazados-hasta-bialystok-rayo-vallecano","status":"publish","type":"post","link":"https:\/\/www.europesays.com\/es\/281412\/","title":{"rendered":"Informaci\u00f3n para los rayistas desplazados hasta Bia\u0142ystok | Rayo Vallecano"},"content":{"rendered":"<p style=\"text-align: justify;\">Informamos a los rayistas desplazados hasta Bia\u0142ystok para el partido de Conference League que ma\u00f1ana jueves se habilitar\u00e1, desde las 15:00 horas, un <strong>punto de recogida de las localidades<\/strong> para el encuentro, en la entrada del sector para la afici\u00f3n visitante en el Stadion Miejski w Bia\u0142ymstoku.<\/p>\n<p style=\"text-align: justify;\"><a href=\"https:\/\/www.google.com\/maps\/place\/53%C2%B006&#039;18.9%22N+23%C2%B008&#039;58.7%22E\/@53.1052563,23.1470548,17z\/data=!3m1!4b1!4m4!3m3!8m2!3d53.1052563!4d23.1496297?entry=ttu&amp;g_ep=EgoyMDI1MTIwNy4wIKXMDSoKLDEwMDc5MjA3MUgBUAM%3D\" rel=\"nofollow noopener\" target=\"_blank\">Ver en el mapa<\/a><\/p>\n<p style=\"text-align: justify;\">El <strong>punto de encuentro<\/strong> el d\u00eda del partido ser\u00e1 en Rynek Ko\u015bciuszki 13, 15-436 Bia\u0142ystok, (Restauracja Sherlock Holmes Bia\u0142ystok)\u00a0a las 15:00 horas.<\/p>\n<p style=\"text-align: justify;\"><a href=\"https:\/\/www.google.com\/maps\/place\/Restauracja+Sherlock+Holmes+Bia%C5%82ystok\/@53.1319605,23.1583603,17z\/data=!3m1!4b1!4m6!3m5!1s0x471ffc04c3f5833d:0x16a1ce3d4d39923d!8m2!3d53.1319605!4d23.1583603!16s%2Fg%2F11ckqn7qsg?entry=ttu&amp;g_ep=EgoyMDI1MTIwNy4wIKXMDSoKLDEwMDc5MjA3MUgBUAM%3D\" rel=\"nofollow noopener\" target=\"_blank\">Ver localizaci\u00f3n<\/a><\/p>\n","protected":false},"excerpt":{"rendered":"Informamos a los rayistas desplazados hasta Bia\u0142ystok para el partido de Conference League que ma\u00f1ana jueves se habilitar\u00e1,&hellip;\n","protected":false},"author":2,"featured_media":281413,"comment_status":"","ping_status":"","sticky":false,"template":"","format":"standard","meta":{"footnotes":""},"categories":[268],"tags":[168,25,24,280,282,281,23,167],"class_list":{"0":"post-281412","1":"post","2":"type-post","3":"status-publish","4":"format-standard","5":"has-post-thumbnail","7":"category-futbol","8":"tag-deportes","9":"tag-es","10":"tag-espana","11":"tag-football","12":"tag-futbol","13":"tag-soccer","14":"tag-spain","15":"tag-sports"},"share_on_mastodon":{"url":"https:\/\/pubeurope.com\/@es\/115696231135531436","error":""},"_links":{"self":[{"href":"https:\/\/www.europesays.com\/es\/wp-json\/wp\/v2\/posts\/281412","targetHints":{"allow":["GET"]}}],"collection":[{"href":"https:\/\/www.europesays.com\/es\/wp-json\/wp\/v2\/posts"}],"about":[{"href":"https:\/\/www.europesays.com\/es\/wp-json\/wp\/v2\/types\/post"}],"author":[{"embeddable":true,"href":"https:\/\/www.europesays.com\/es\/wp-json\/wp\/v2\/users\/2"}],"replies":[{"embeddable":true,"href":"https:\/\/www.europesays.com\/es\/wp-json\/wp\/v2\/comments?post=281412"}],"version-history":[{"count":0,"href":"https:\/\/www.europesays.com\/es\/wp-json\/wp\/v2\/posts\/281412\/revisions"}],"wp:featuredmedia":[{"embeddable":true,"href":"https:\/\/www.europesays.com\/es\/wp-json\/wp\/v2\/media\/281413"}],"wp:attachment":[{"href":"https:\/\/www.europesays.com\/es\/wp-json\/wp\/v2\/media?parent=281412"}],"wp:term":[{"taxonomy":"category","embeddable":true,"href":"https:\/\/www.europesays.com\/es\/wp-json\/wp\/v2\/categories?post=281412"},{"taxonomy":"post_tag","embeddable":true,"href":"https:\/\/www.europesays.com\/es\/wp-json\/wp\/v2\/tags?post=281412"}],"curies":[{"name":"wp","href":"https:\/\/api.w.org\/{rel}","templated":true}]}}