{"id":281414,"date":"2025-12-10T16:32:05","date_gmt":"2025-12-10T16:32:05","guid":{"rendered":"https:\/\/www.europesays.com\/es\/281414\/"},"modified":"2025-12-10T16:32:05","modified_gmt":"2025-12-10T16:32:05","slug":"espana-con-el-corazon-roto-tras-la-muerte-de-robe-iniesta-lider-de-extremoduro-de-la-reaccion-de-carlos-el-televisero","status":"publish","type":"post","link":"https:\/\/www.europesays.com\/es\/281414\/","title":{"rendered":"Espa\u00f1a con el coraz\u00f3n roto tras la muerte de Robe Iniesta, l\u00edder de Extremoduro: de la reacci\u00f3n de Carlos &#8211; El Televisero"},"content":{"rendered":"<ol>\n<li><a href=\"https:\/\/news.google.com\/rss\/articles\/CBMi_wFBVV95cUxPSEVDdmZLZzdQQjE0eU9XS2gySkVYczNQUDc3aUozc01vaVBQX05yblVQX3RFaGJFMnFuM0w0TFlEU2F4OVpNbkVOQU4wc1JCNXNtaWQ5bl9zc3dZaEtWQnVNSThOUENTZy02eTMyZV9hY0ZiYWFwZDJsQVFrUTlFZGhNTFJ1S1VDMWVFM1ZjRHdkNU1fWmtrWW1OMTV6eFBRTTNGcE9Iek8tQ3JUamhTQzVzcHVEYV9odVVjaHpqbmNoZzJmYWE2cVczRXhKTjl5Q055UjNBZWZUbUw2Q0k5LWUtbzJuTjM5TXBDTjQ2aDVwSnEzMFlZWlFkM21Id0HSAYcCQVVfeXFMUE5XWFlEekk2cW9faXlxMXNhYXhyTTJVaHpXQ1lGMkNkUDAwaEdPOVF0YTU1RExONWFnSHduZ0lGYnIzRTVfX3dIUnZVeGxIRjNxQm9JZ0VpZXRBMXFZSklmVXpLMWlvVTRUU0tCZm9HZTU5LU1ud1FaYjFUQmRBaXA3VU45cnJ3MC1pdmc1WTJMNm5wZlhPTVRuVkpQV0ZuNFdrNnhMbTBKeEk2RGZjaVZCRUpNTFVfNzBDbENTSEI3UGdOYmw2bkpCbDBGS0xaVlJ0aGkwUHUzYXdhZC1xYmxSU3kxYzdRNVdzQ1M3UWo2Mkp1N3ZwSGt6ZEt0TXlMOEd5Mmt3WWc?oc=5\" target=\"_blank\" rel=\"nofollow noopener\">Espa\u00f1a con el coraz\u00f3n roto tras la muerte de Robe Iniesta, l\u00edder de Extremoduro: de la reacci\u00f3n de Carlos<\/a>&nbsp;&nbsp;El Televisero<\/li>\n<li><a href=\"https:\/\/news.google.com\/rss\/articles\/CBMiqwFBVV95cUxPQTF6dGh0SmRzdmVMYVZ0X3MtVmI0ZXROZzNweUE1NTBHQU1XQTB4VGx4VnVMM0Q5bEV1bW0tTjVjc013cWF3QmNYekp6Snk0Sk0wazVOc3Y5RG5TWUk5UlBWMGE2SHF1OV84eU1iVzgzQUsyalNoSVhoX25Raml2TWFOMzZkdk1LNXF3WkIya09hdzQ4MlVFeXY1WjJRWEpMclFTYTJESWFNdTg?oc=5\" target=\"_blank\" rel=\"nofollow noopener\">Doce canciones con las que Robe Iniesta elev\u00f3 a la m\u00fasica espa\u00f1ola<\/a>&nbsp;&nbsp;EL PA\u00cdS<\/li>\n<li><a href=\"https:\/\/news.google.com\/rss\/articles\/CBMioAFBVV95cUxQSHdNT2U3SUdzZDBBbklsZHpicWVGaUl6Y2ZodzRlQjdWb1k3b0h1ajAwaDBHMXVrZWx6YmxDNGVtc3ZQcTdiQWUzeE83OVJZUDdGUDNLSFhZUHJvUmlpMkkyY25iRW01Y2RrOUZZd3VrblJSakdTamo5VGxUc1oyRV83Y3FucEVTbkM2c1VqYkNWV0x0cjJ6bUwyVEtnZ1830gGgAUFVX3lxTE5URmJqTGtoQ1FRb0daRnMxVDBfZkp2emxFTHROdHpqQjJZaXAxdkFIZGh3bmlhdktmZ19KZzZtMElqbXVudEF5X0tPYnNpLU83V0lyVGVhYjdKRHFyX0ttZEVXNFI5Qk9jMjRQaUhISXRiYXVvYm5KMThXQjFnQW9IVXNJY1pzWVVPeUJHQnNJSTZycUVPd0Z3RlRsMmtsMzA?oc=5\" target=\"_blank\" rel=\"nofollow noopener\">Adi\u00f3s a Robe Iniesta: el homenaje de &#8216;Ma\u00f1ana m\u00e1s&#8217; en RNE<\/a>&nbsp;&nbsp;RTVE.es<\/li>\n<li><a href=\"https:\/\/news.google.com\/rss\/articles\/CBMisgFBVV95cUxQOExfQWxORUtBYzlSb0RMMUxLSldMOVV2amZzWFhKRFdPa0E4UUMweDJPd1BaeV9TLXVVUE5OMjc4azUya19UZFRTOWUxSzU3U243QnpRa1ZJWDg4QzJUbmRZWDN5cWZhdDFWWGoyR3RjOGlLdWF6Rlo3RVoxY3JIMW5PS2lkUjUzWFJ0MHRQX3YxTkpFdzZFaGJtQzVJOElYX3MxRVRBbkRsTThWRk1sTFFB0gG3AUFVX3lxTFBVcjhwRUtDbHhmQlV1dzhjenVNZXNnLUdCT1RCTlJnMHhYOHNfbHhGd0poVXdrR0VJRVhjeXhSNVByUTdWLWNxSTlubTdibXhQZGdJa2tNZFFob0xidUQ1Q1NyYWZrVUFVRTVKUDVVYmxxRG9fd0NGUlRfbTVRVVZoV1lwVXdMekROXzBXc0R3YnRQdUd6TWZjN3YxcU52dG05Zks5emNQZTdaOVFySWJ6X0lXZVZmaw?oc=5\" target=\"_blank\" rel=\"nofollow noopener\">\u00abQue le gustes a mucha gente no quiere decir nada porque la mayor\u00eda es idiota\u00bb: momentazos de Robe Iniesta<\/a>&nbsp;&nbsp;Diario P\u00fablico<\/li>\n<li><a href=\"https:\/\/news.google.com\/rss\/articles\/CBMi3AFBVV95cUxOT0lud2pQVUJUZVh0QUF6d0RxUzR1aU03b3pvb1BURkZxbG4yM09kMlV4SGNTU3VtVnVUQWxtQUcxbG5PYktrRUd0OE83WjZUbGg4d3B2LURPVExoX2VzbFNJSzJEQ1ZVWmgwSTNzRjJjM3VzSng0N1kxRDFYZUt4NGJHWFV6SGdkRTAwSUVDZC05eVNSNXpGajZwcEpZZFZzM00tMUlZZy00YXNZWGFycEF5NG5KSktqS1RQbk9kcFNxUDZfVzFxODdQVWt5RlptRzY4R3pmMGFVdkx10gHcAUFVX3lxTE1saWRHZWVUMDNXT1Mzd3FpcHRDSXpRVGFvVHpiWFFBYjQ0QW51bWlWa3lacUtzdFR2S3Y0NHFLNTVyNWhhUkh2bWRVQ3B6UUt2T0tleXVncVdEMHVhVWxsWXhCZEN3dEdKZGlDeFIxVmZPb3l6QTZyT1ZtUWgyUjdlWV8wWmlYZ09NV3pNUG9HczFCbVFKVDFXaFFaY0E2eG9MQTNfMUJ3Z0dveC1xR2dCZWN5MDc0bXp2VnhfeE5iR3pRME9uRndadG1hX2k5Z3QwUFg4VTZpcDd1c0I?oc=5\" target=\"_blank\" rel=\"nofollow noopener\">\u00abEra de Plasencia, me parece que dec\u00eda\u00bb: lo que se siente en el Jerte cuando suena el Robe<\/a>&nbsp;&nbsp;LaSexta<\/li>\n<\/ol>\n","protected":false},"excerpt":{"rendered":"Espa\u00f1a con el coraz\u00f3n roto tras la muerte de Robe Iniesta, l\u00edder de Extremoduro: de la reacci\u00f3n de&hellip;\n","protected":false},"author":2,"featured_media":281205,"comment_status":"","ping_status":"","sticky":false,"template":"","format":"standard","meta":{"footnotes":""},"categories":[174],"tags":[255,146,147,25,24,256,23],"class_list":{"0":"post-281414","1":"post","2":"type-post","3":"status-publish","4":"format-standard","5":"has-post-thumbnail","7":"category-famosos","8":"tag-celebrities","9":"tag-entertainment","10":"tag-entretenimiento","11":"tag-es","12":"tag-espana","13":"tag-famosos","14":"tag-spain"},"share_on_mastodon":{"url":"https:\/\/pubeurope.com\/@es\/115696235044073963","error":""},"_links":{"self":[{"href":"https:\/\/www.europesays.com\/es\/wp-json\/wp\/v2\/posts\/281414","targetHints":{"allow":["GET"]}}],"collection":[{"href":"https:\/\/www.europesays.com\/es\/wp-json\/wp\/v2\/posts"}],"about":[{"href":"https:\/\/www.europesays.com\/es\/wp-json\/wp\/v2\/types\/post"}],"author":[{"embeddable":true,"href":"https:\/\/www.europesays.com\/es\/wp-json\/wp\/v2\/users\/2"}],"replies":[{"embeddable":true,"href":"https:\/\/www.europesays.com\/es\/wp-json\/wp\/v2\/comments?post=281414"}],"version-history":[{"count":0,"href":"https:\/\/www.europesays.com\/es\/wp-json\/wp\/v2\/posts\/281414\/revisions"}],"wp:featuredmedia":[{"embeddable":true,"href":"https:\/\/www.europesays.com\/es\/wp-json\/wp\/v2\/media\/281205"}],"wp:attachment":[{"href":"https:\/\/www.europesays.com\/es\/wp-json\/wp\/v2\/media?parent=281414"}],"wp:term":[{"taxonomy":"category","embeddable":true,"href":"https:\/\/www.europesays.com\/es\/wp-json\/wp\/v2\/categories?post=281414"},{"taxonomy":"post_tag","embeddable":true,"href":"https:\/\/www.europesays.com\/es\/wp-json\/wp\/v2\/tags?post=281414"}],"curies":[{"name":"wp","href":"https:\/\/api.w.org\/{rel}","templated":true}]}}