{"id":281417,"date":"2025-12-10T16:35:16","date_gmt":"2025-12-10T16:35:16","guid":{"rendered":"https:\/\/www.europesays.com\/es\/281417\/"},"modified":"2025-12-10T16:35:16","modified_gmt":"2025-12-10T16:35:16","slug":"asi-es-la-ambiciosa-serie-que-aspira-a-convertirse-en-saga","status":"publish","type":"post","link":"https:\/\/www.europesays.com\/es\/281417\/","title":{"rendered":"As\u00ed es la ambiciosa serie que aspira a convertirse en saga"},"content":{"rendered":"<p><strong>Telecinco ha iniciado la campa\u00f1a de promoci\u00f3n de &#8216;<a href=\"https:\/\/eltelevisero.huffingtonpost.es\/2025\/05\/telecinco-afianza-su-apuesta-por-la-ficcion-con-pura-sangre-de-la-productora-de-masterchef-y-este-elenco-estelar\/\" data-type=\"link\" data-id=\"https:\/\/eltelevisero.huffingtonpost.es\/2025\/05\/telecinco-afianza-su-apuesta-por-la-ficcion-con-pura-sangre-de-la-productora-de-masterchef-y-este-elenco-estelar\/\" rel=\"nofollow noopener\" target=\"_blank\">Pura Sangre<\/a>&#8216;<\/strong>. Se trata de su nueva gran apuesta de ficci\u00f3n, que previsiblemente llegar\u00e1 al prime time a comienzos de 2026, con <strong>un reparto espectacular encabezado por \u00c1ngela Molina, <strong>Pep Munn\u00e9<\/strong><\/strong>, <strong>Amaia Salamanca, Pedro Casablanc y Blanca Romero<\/strong>, entre otros. <\/p>\n<p>Est\u00e1 creada por\u00a0Nacho Faerna\u00a0y\u00a0Virginia Yag\u00fce, que declararon durante el proceso de rodaje que \u00ab<strong>es una serie ambiciosa y complicada<\/strong>\u00ab, y producida en colaboraci\u00f3n con Shine Iberia. Es la primera serie que la productora de &#8216;MasterChef&#8217; realiza propiamente para Mediaset. La direcci\u00f3n, por su parte, corre a cargo de R\u00f3mulo Aguillaume\u00a0y\u00a0Bel\u00e9n Mac\u00edas.<\/p>\n<p>La historia, que versa sobre una compleja trama de\u00a0secretos,\u00a0lealtades cruzadas,\u00a0tensiones econ\u00f3micas\u00a0y\u00a0heridas sin cerrar,<strong> se ha rodado al aire libre\u00a0en un 70%<\/strong>, de ah\u00ed su complejidad. A lo largo de 17 semanas, <strong>la grabaci\u00f3n se ha llevado a cabo en diversas localizaciones de la Comunidad de Madrid, Castilla-La Mancha y Castilla y Le\u00f3n<\/strong>.<\/p>\n<p>&#8216;Pura Sangre&#8217; consta de <strong>dos temporadas de ocho cap\u00edtulos cada una y con un metraje de 65 minutos aproximadamente<\/strong>. Adem\u00e1s, en Mediaset albergan esperanzas en que tenga una larga continuidad: \u00abEsperemos que dure mucho tiempo,\u00a0tiene todos los ingredientes para que sea muy larga. <strong>En el ADN est\u00e1 que sea una saga<\/strong>\u00ab, afirm\u00f3 Ghislain Barrois, CEO de Mediterr\u00e1neo, sobre una ficci\u00f3n que se define como un\u00a0&#8216;Falcon Crest&#8217;\u00a0en la Sierra de Gredos que nos evoca a otras ficciones hist\u00f3ricas como\u00a0&#8216;Dallas&#8217;\u00a0o\u00a0&#8216;Gran Reserva&#8217;.<\/p>\n<p>Aitor Luna\u00a0(&#8216;La fuga&#8217;, &#8216;La catedral del mar&#8217;), Maru Valdivielso\u00a0(&#8216;Servir y proteger&#8217;, &#8216;Hospital central&#8217;),\u00a0Jaime Zatarain\u00a0(&#8216;\u00c1ngela&#8217;), Bel\u00e9n L\u00f3pez\u00a0(&#8216;Amar es para siempre&#8217;, &#8216;Mar de pl\u00e1stico&#8217;), Eva Ugarte\u00a0(&#8216;\u00bfA qu\u00e9 est\u00e1s esperando?&#8217;, &#8216;Madres. Amor y vida&#8217;), Juanfra Ju\u00e1rez\u00a0(&#8216;Cuando nadie nos ve&#8217;, &#8216;La Caza&#8217;), Pablo \u00c1lvarez\u00a0(&#8216;La Favorita. 1922&#8217;, &#8216;La Moderna&#8217;)\u00a0y C\u00e9sar Mateo\u00a0(&#8216;Bienvenidos a Ed\u00e9n&#8217;, &#8216;Amar es para siempre&#8217;) completan un elenco art\u00edstico muy coral. <\/p>\n<p>Sinopsis de &#8216;Pura Sangre&#8217;, la nueva serie de Telecinco, y primeras im\u00e1genes <\/p>\n<blockquote class=\"twitter-tweet\" data-media-max-width=\"560\">\n<p lang=\"es\" dir=\"ltr\">\ud83e\ude78 Cada secreto, tiene un precio \ud83d\udca5<\/p>\n<p>\ud83c\udfc7 <a href=\"https:\/\/twitter.com\/hashtag\/PuraSangre?src=hash&amp;ref_src=twsrc%5Etfw\" rel=\"nofollow noopener\" target=\"_blank\">#PuraSangre<\/a>, estreno muy pronto, en Telecinco <a href=\"https:\/\/t.co\/oCKuFlfDZK\" rel=\"nofollow\">pic.twitter.com\/oCKuFlfDZK<\/a><\/p>\n<p>\u2014 Telecinco (@telecincoes) <a href=\"https:\/\/twitter.com\/telecincoes\/status\/1998529167735009309?ref_src=twsrc%5Etfw\" rel=\"nofollow noopener\" target=\"_blank\">December 9, 2025<\/a><\/p><\/blockquote>\n<p>En La Galana, la finca familiar de los marqueses de Monteclaro, el m\u00e1s valioso semental\u00a0aparece envenenado\u00a0junto a varios potros de la cuadra. Este suceso sacude\u00a0la aparente tranquilidad de la familia\u00a0y\u00a0desencadena una investigaci\u00f3n\u00a0que amenaza con destapar una compleja trama de\u00a0secretos enterrados.<\/p>\n<p>\u00c1ngela Molina\u00a0interpreta a Rosario del Monte, heredera del marquesado, mientras que\u00a0Pep Munn\u00e9\u00a0se pone en la piel de su marido, Antonio Acu\u00f1a. Juntos encarnan un matrimonio anclado en la tradici\u00f3n y marcado por un legado que empieza a resquebrajarse.\u00a0Blanca Romero\u00a0da vida a Alicia Hermida, una teniente del SEPRONA poco convencional que desempe\u00f1ar\u00e1 un papel clave en la historia. Lo que para ella iba a ser un destino tranquilo mientras realizaba un tratamiento de fertilidad, pronto se convertir\u00e1 en una investigaci\u00f3n que remover\u00e1 los cimientos del marquesado y todo su entorno.<\/p>\n<p>La historia se adentra tambi\u00e9n en las vidas de los hijos de los marqueses: Miranda Acu\u00f1a\u00a0(Amaia Salamanca),\u00a0alta ejecutiva de una consultora financiera y futura heredera del legado familiar; y H\u00e9ctor Acu\u00f1a\u00a0(Aitor Luna),\u00a0un periodista reci\u00e9n llegado de una zona de conflicto en la que trabajaba como reportero. Junto a ellos, Consuelo Cifuentes (Maru Valdivielso), la guardesa de la finca, una mujer leal cuya vida ha estado siempre al servicio del marquesado y de sus secretos.<\/p>\n<p>Fuera de la finca se encuentran otros personajes clave de &#8216;Pura Sangre&#8217; como Fernando V\u00e1zquez\u00a0(Pedro Casablanc), presidente de la cooperativa agraria local y viejo enemigo de la familia, al que muchos se\u00f1alan como responsable de los actos vand\u00e1licos que sacuden La Galana.<\/p>\n<p>Desde esta influyente familia hasta los trabajadores y habitantes de la zona, enfrentados a ellos por intereses econ\u00f3micos y pol\u00edticos,\u00a0\u2018Pura Sangre\u2019\u00a0explorar\u00e1 las luces y las sombras de un mundo donde todos tienen algo que ocultar\u2026 y algo que perder.<\/p>\n<p>\t\t\t\t\t\t                    <script async src=\"https:\/\/platform.twitter.com\/widgets.js\" charset=\"utf-8\"><\/script><\/p>\n","protected":false},"excerpt":{"rendered":"Telecinco ha iniciado la campa\u00f1a de promoci\u00f3n de &#8216;Pura Sangre&#8216;. Se trata de su nueva gran apuesta de&hellip;\n","protected":false},"author":2,"featured_media":281418,"comment_status":"","ping_status":"","sticky":false,"template":"","format":"standard","meta":{"footnotes":""},"categories":[171],"tags":[146,147,25,24,23,214],"class_list":{"0":"post-281417","1":"post","2":"type-post","3":"status-publish","4":"format-standard","5":"has-post-thumbnail","7":"category-tv","8":"tag-entertainment","9":"tag-entretenimiento","10":"tag-es","11":"tag-espana","12":"tag-spain","13":"tag-tv"},"share_on_mastodon":{"url":"https:\/\/pubeurope.com\/@es\/115696246808478131","error":""},"_links":{"self":[{"href":"https:\/\/www.europesays.com\/es\/wp-json\/wp\/v2\/posts\/281417","targetHints":{"allow":["GET"]}}],"collection":[{"href":"https:\/\/www.europesays.com\/es\/wp-json\/wp\/v2\/posts"}],"about":[{"href":"https:\/\/www.europesays.com\/es\/wp-json\/wp\/v2\/types\/post"}],"author":[{"embeddable":true,"href":"https:\/\/www.europesays.com\/es\/wp-json\/wp\/v2\/users\/2"}],"replies":[{"embeddable":true,"href":"https:\/\/www.europesays.com\/es\/wp-json\/wp\/v2\/comments?post=281417"}],"version-history":[{"count":0,"href":"https:\/\/www.europesays.com\/es\/wp-json\/wp\/v2\/posts\/281417\/revisions"}],"wp:featuredmedia":[{"embeddable":true,"href":"https:\/\/www.europesays.com\/es\/wp-json\/wp\/v2\/media\/281418"}],"wp:attachment":[{"href":"https:\/\/www.europesays.com\/es\/wp-json\/wp\/v2\/media?parent=281417"}],"wp:term":[{"taxonomy":"category","embeddable":true,"href":"https:\/\/www.europesays.com\/es\/wp-json\/wp\/v2\/categories?post=281417"},{"taxonomy":"post_tag","embeddable":true,"href":"https:\/\/www.europesays.com\/es\/wp-json\/wp\/v2\/tags?post=281417"}],"curies":[{"name":"wp","href":"https:\/\/api.w.org\/{rel}","templated":true}]}}