{"id":281431,"date":"2025-12-10T16:42:11","date_gmt":"2025-12-10T16:42:11","guid":{"rendered":"https:\/\/www.europesays.com\/es\/281431\/"},"modified":"2025-12-10T16:42:11","modified_gmt":"2025-12-10T16:42:11","slug":"el-gobierno-de-meloni-dice-que-el-oro-del-banco-de-italia-es-del-pueblo-y-se-enfrenta-al-bce","status":"publish","type":"post","link":"https:\/\/www.europesays.com\/es\/281431\/","title":{"rendered":"El gobierno de Meloni dice que el oro del Banco de Italia es \u00abdel pueblo\u00bb y se enfrenta al BCE"},"content":{"rendered":"<p style=\"\">En un pa\u00eds con casi <strong>3 billones de euros de deuda p\u00fablica<\/strong>, el oro se ha convertido en s\u00edmbolo pol\u00edtico. Las reservas del Banco de Italia, las terceras del mundo (despu\u00e9s de EE.UU. y Alemania), se han convertido en arma pol\u00edtica de Hermanos  &#8230; de Italia. El partido de Giorgia <a href=\"https:\/\/www.abc.es\/recreo\/giorgia-meloni-reivindica-belen-simbolo-navidad-clara-20251210130000-nt.html\" target=\"_self\" data-voc-vtm-id=\"in-text-traffic\" title=\"Meloni\" data-mrf-link=\"www.abc.es\" rel=\"nofollow noopener\">Meloni<\/a> ha colado en la ley de Presupuestos para 2026 una enmienda que afirma que las reservas \u00abgestionadas y detenidas por el Banco de Italia pertenecen al pueblo italiano\u00bb. Sobre el papel, la gesti\u00f3n no cambia, pero en Fr\u00e1ncfort han saltado todas las alarmas.<\/p>\n<p class=\"voc-p\" style=\"\"><strong>Italia guarda 2.452 toneladas de oro<\/strong>, valoradas en unos 280-285.000 millones de euros, almacenadas en parte en Roma y en parte en bancos centrales de Estados Unidos, Reino Unido y otros pa\u00edses. Ese oro figura en el activo del balance del Banco de Italia y forma parte de las reservas oficiales del pa\u00eds, que el instituto emisor gestiona con independencia formal del Gobierno, como exige el Tratado de la UE.<\/p>\n<p class=\"voc-p\" style=\"\">La enmienda de Hermanos de Italia -inicialmente m\u00e1s agresiva, luego suavizada por el Ministerio de Econom\u00eda- introduce una novedad: la idea de que, jur\u00eddicamente, la propiedad \u00faltima de esos lingotes ser\u00eda del \u00abpueblo italiano\u00bb. No se toca la gesti\u00f3n, que seguir\u00eda en manos del Banco de Italia, pero se abre un terreno resbaladizo. El Banco Central Europeo ha emitido ya dos dict\u00e1menes muy cr\u00edticos y ha invitado expl\u00edcitamente a Roma a \u00abreconsiderar\u00bb la medida por el riesgo de erosionar la independencia del Banco de Italia.<\/p>\n<p>2.452 toneladas<br \/>\nEl oro de Italia<\/p>\n<p class=\"voc-d-c-fignumber__desc\">El pa\u00eds transalpino tiene reservas del metal precioso valoradas en unos 280-285.000 millones de euros<\/p>\n<p class=\"voc-p\" style=\"\">El BCE recuerda que los tratados no hablan de \u00abpropiedad\u00bb del oro, sino de \u00abdetenci\u00f3n y gesti\u00f3n exclusivas\u00bb por parte de los bancos centrales nacionales, coordinados en el Sistema Europeo de Bancos Centrales. Son ellos quienes deciden si comprar o vender oro, sin interferencia de los gobiernos, y <strong>las reservas no pueden usarse para financiar el gasto p\u00fablico.<\/strong> Cualquier ley que altere el estatus jur\u00eddico del oro, o que haga pensar que el Gobierno mete la mano en la caja, choca con ese principio b\u00e1sico de autonom\u00eda. <\/p>\n<p class=\"voc-p\" style=\"\">Desde Roma, la respuesta oficial insiste en que se trata solo de una \u00abaclaraci\u00f3n\u00bb interna. El ministro de Econom\u00eda, <strong>Giancarlo Giorgetti<\/strong>, ha escrito en las \u00faltimas horas a Christine Lagarde para asegurarle que la norma solo pretende precisar en el ordenamiento italiano que \u00abla disponibilidad y la gesti\u00f3n de las reservas de oro del pueblo italiano corresponden al Banco de Italia de conformidad con los tratados\u00bb y que no habr\u00e1 consecuencias pr\u00e1cticas para el instituto emisor. Ambos tienen previsto verse en Bruselas el pr\u00f3ximo viernes, en la reuni\u00f3n que mantendr\u00e1n los ministros de Econom\u00eda y Finanzas.<\/p>\n<p class=\"voc-p\" style=\"\">Pero la pol\u00edtica manda. <strong>Para Hermanos de Italia, y tambi\u00e9n para la Liga, es una cuesti\u00f3n de principios<\/strong>. \u00abSe puede encontrar una f\u00f3rmula distinta, pero el principio no puede ponerse en discusi\u00f3n: la propiedad del oro de Bankitalia es del pueblo italiano\u00bb, proclama Marco Osnato, responsable econ\u00f3mico del partido de Meloni. Argumenta que una cosa es \u00abla detenci\u00f3n y la gesti\u00f3n\u00bb -que seguir\u00edan en manos del Banco de Italia- y otra la propiedad, que no est\u00e1 definida en los tratados y que, a su juicio, deber\u00eda reconocerse a los ciudadanos para \u00abdemocratizar\u00bb el sistema de bancos centrales.<\/p>\n<p class=\"voc-pretitle\">Cr\u00edticas de otros partidos<\/p>\n<p class=\"voc-title\">La oposici\u00f3n cree que la medida es un gesto identitario para distraer la atenci\u00f3n y teme que sea una coartada para una venta parcial<\/p>\n<p class=\"voc-p\" style=\"\"><strong>Los partidos de la oposici\u00f3n critican la iniciativa del Gobierno de Meloni<\/strong> con un argumento claro: es un gesto identitario para distraer la atenci\u00f3n de una econom\u00eda que apenas crece y de un presupuesto con poco margen para aliviar la p\u00e9rdida de poder adquisitivo de las familias. Tambi\u00e9n temen que, en un futuro, esa \u00abpropiedad del pueblo\u00bb pueda servir de coartada para presionar a favor de una venta parcial del oro o incluso para alimentar pulsiones euroesc\u00e9pticas, aunque el Gobierno insiste en que nadie pretende tocar los lingotes.<\/p>\n","protected":false},"excerpt":{"rendered":"En un pa\u00eds con casi 3 billones de euros de deuda p\u00fablica, el oro se ha convertido en&hellip;\n","protected":false},"author":2,"featured_media":281432,"comment_status":"","ping_status":"","sticky":false,"template":"","format":"standard","meta":{"footnotes":""},"categories":[80],"tags":[1456,1842,82,6727,95,94,27995,25,24,582,628,1743,3371,4899,23],"class_list":{"0":"post-281431","1":"post","2":"type-post","3":"status-publish","4":"format-standard","5":"has-post-thumbnail","7":"category-economia","8":"tag-banco","9":"tag-bce","10":"tag-business","11":"tag-dice","12":"tag-economia","13":"tag-economy","14":"tag-enfrenta","15":"tag-es","16":"tag-espana","17":"tag-gobierno","18":"tag-italia","19":"tag-meloni","20":"tag-oro","21":"tag-pueblo","22":"tag-spain"},"share_on_mastodon":{"url":"https:\/\/pubeurope.com\/@es\/115696274361609488","error":""},"_links":{"self":[{"href":"https:\/\/www.europesays.com\/es\/wp-json\/wp\/v2\/posts\/281431","targetHints":{"allow":["GET"]}}],"collection":[{"href":"https:\/\/www.europesays.com\/es\/wp-json\/wp\/v2\/posts"}],"about":[{"href":"https:\/\/www.europesays.com\/es\/wp-json\/wp\/v2\/types\/post"}],"author":[{"embeddable":true,"href":"https:\/\/www.europesays.com\/es\/wp-json\/wp\/v2\/users\/2"}],"replies":[{"embeddable":true,"href":"https:\/\/www.europesays.com\/es\/wp-json\/wp\/v2\/comments?post=281431"}],"version-history":[{"count":0,"href":"https:\/\/www.europesays.com\/es\/wp-json\/wp\/v2\/posts\/281431\/revisions"}],"wp:featuredmedia":[{"embeddable":true,"href":"https:\/\/www.europesays.com\/es\/wp-json\/wp\/v2\/media\/281432"}],"wp:attachment":[{"href":"https:\/\/www.europesays.com\/es\/wp-json\/wp\/v2\/media?parent=281431"}],"wp:term":[{"taxonomy":"category","embeddable":true,"href":"https:\/\/www.europesays.com\/es\/wp-json\/wp\/v2\/categories?post=281431"},{"taxonomy":"post_tag","embeddable":true,"href":"https:\/\/www.europesays.com\/es\/wp-json\/wp\/v2\/tags?post=281431"}],"curies":[{"name":"wp","href":"https:\/\/api.w.org\/{rel}","templated":true}]}}