{"id":281433,"date":"2025-12-10T16:43:09","date_gmt":"2025-12-10T16:43:09","guid":{"rendered":"https:\/\/www.europesays.com\/es\/281433\/"},"modified":"2025-12-10T16:43:09","modified_gmt":"2025-12-10T16:43:09","slug":"un-pasajero-de-un-crucero-de-royal-caribbean-murio-despues-de-que-le-sirvieran-al-menos-33-bebidas-segun-una-demanda","status":"publish","type":"post","link":"https:\/\/www.europesays.com\/es\/281433\/","title":{"rendered":"Un pasajero de un crucero de Royal Caribbean muri\u00f3 despu\u00e9s de que le sirvieran al menos 33 bebidas, seg\u00fan una demanda"},"content":{"rendered":"<p>      AP<br \/>\n        \u00a0\u2014\u00a0<\/p>\n<p class=\"paragraph inline-placeholder vossi-paragraph\" data-uri=\"es.cms.cnn.com\/_components\/paragraph\/instances\/cmj0022wo002r26qfgd7p1e50@published\" data-editable=\"text\" data-component-name=\"paragraph\" data-article-gutter=\"true\">\n            La prometida de un hombre que muri\u00f3 en un crucero present\u00f3 una demanda por muerte por negligencia contra Royal Caribbean, alegando que la empresa le sirvi\u00f3 negligentemente al pasajero al menos 33 bebidas alcoh\u00f3licas y fue responsable de su muerte despu\u00e9s de que los miembros de la tripulaci\u00f3n lo derribaron al suelo y se pararon sobre \u00e9l con todo el peso de su cuerpo.\n    <\/p>\n<p class=\"paragraph inline-placeholder vossi-paragraph\" data-uri=\"es.cms.cnn.com\/_components\/paragraph\/instances\/cmj00kjiu0005356ktap7ibs1@published\" data-editable=\"text\" data-component-name=\"paragraph\" data-article-gutter=\"true\">\n            La demanda de Connie Aguilar por la muerte de Michael Virgil, de 35 a\u00f1os, busca una indemnizaci\u00f3n por da\u00f1os y perjuicios no especificada y un juicio con jurado. Royal Caribbean no respondi\u00f3 de inmediato a un correo electr\u00f3nico solicitando comentarios el martes.\n    <\/p>\n<p class=\"paragraph inline-placeholder vossi-paragraph\" data-uri=\"es.cms.cnn.com\/_components\/paragraph\/instances\/cmj00kjiu0006356k8j91u6m5@published\" data-editable=\"text\" data-component-name=\"paragraph\" data-article-gutter=\"true\">\n            Aguilar y Virgil estaban en un viaje de ida y vuelta desde Los \u00c1ngeles a Ensenada, M\u00e9xico, con otros miembros de su familia, incluido su hijo, en el momento de la muerte de Virgil, en diciembre de 2024, seg\u00fan la demanda.\n    <\/p>\n<p class=\"paragraph inline-placeholder vossi-paragraph\" data-uri=\"es.cms.cnn.com\/_components\/paragraph\/instances\/cmj00kjiu0007356kwvxtbgzv@published\" data-editable=\"text\" data-component-name=\"paragraph\" data-article-gutter=\"true\">\n            Los miembros de la tripulaci\u00f3n a bordo del Navigator of the Seas le sirvieron a Virgil m\u00e1s de dos docenas de bebidas, despu\u00e9s de lo cual se perdi\u00f3 y se agit\u00f3 tratando de encontrar su habitaci\u00f3n, dijo.\n    <\/p>\n<p class=\"paragraph inline-placeholder vossi-paragraph\" data-uri=\"es.cms.cnn.com\/_components\/paragraph\/instances\/cmj00kjiu0008356kgla9gxse@published\" data-editable=\"text\" data-component-name=\"paragraph\" data-article-gutter=\"true\">\n            Fue entonces cuando los miembros de la tripulaci\u00f3n lo derribaron y se colocaron sobre \u00e9l con todo su peso, seg\u00fan la demanda. Lo sometieron a una inmovilizaci\u00f3n prolongada boca abajo, le comprimieron la espalda y el torso y le dificultaron la respiraci\u00f3n, seg\u00fan la demanda.\n    <\/p>\n<p class=\"paragraph inline-placeholder vossi-paragraph\" data-uri=\"es.cms.cnn.com\/_components\/paragraph\/instances\/cmj00kjiu000b356k0o10vziw@published\" data-editable=\"text\" data-component-name=\"paragraph\" data-article-gutter=\"true\">\n            A petici\u00f3n del capit\u00e1n, la tripulaci\u00f3n le administr\u00f3 un sedante y le roci\u00f3 gas pimienta, seg\u00fan la demanda. Este tratamiento le provoc\u00f3 insuficiencia respiratoria, paro card\u00edaco y la muerte de Virgil, contin\u00faa.\n    <\/p>\n<p class=\"paragraph inline-placeholder vossi-paragraph\" data-uri=\"es.cms.cnn.com\/_components\/paragraph\/instances\/cmj00kjiu000c356kr6v5us47@published\" data-editable=\"text\" data-component-name=\"paragraph\" data-article-gutter=\"true\">\n            El Servicio M\u00e9dico Forense del condado de Los \u00c1ngeles dictamin\u00f3 que la muerte fue un homicidio. Se\u00f1al\u00f3 que Virgil falleci\u00f3 por los efectos combinados de asfixia mec\u00e1nica (que se produce cuando la fuerza o un objeto obstruyen la respiraci\u00f3n), obesidad, agrandamiento del coraz\u00f3n e intoxicaci\u00f3n alcoh\u00f3lica.\n    <\/p>\n<p class=\"paragraph inline-placeholder vossi-paragraph\" data-uri=\"es.cms.cnn.com\/_components\/paragraph\/instances\/cmj00kjiu000d356klm3asngi@published\" data-editable=\"text\" data-component-name=\"paragraph\" data-article-gutter=\"true\">\n            Un video filmado por el pasajero Christopher McHale y obtenido por KTTV de Los \u00c1ngeles muestra a Virgil en un pasillo estrecho pateando una puerta.\n    <\/p>\n<p class=\"paragraph inline-placeholder vossi-paragraph\" data-uri=\"es.cms.cnn.com\/_components\/paragraph\/instances\/cmj00kjiv000e356k0lzb7fg7@published\" data-editable=\"text\" data-component-name=\"paragraph\" data-article-gutter=\"true\">\n            Un reporte de KTTV indic\u00f3 que Virgil grit\u00f3 groser\u00edas, amenaz\u00f3 con matar a McHale y a un miembro de la tripulaci\u00f3n y los persigui\u00f3 por un pasillo. McHale dijo que el miembro de la tripulaci\u00f3n se encerr\u00f3 en un cuarto de toallas, al que Virgil intent\u00f3 entrar.\n    <\/p>\n<p class=\"paragraph inline-placeholder vossi-paragraph\" data-uri=\"es.cms.cnn.com\/_components\/paragraph\/instances\/cmj00kjiv000f356k3o52dmvy@published\" data-editable=\"text\" data-component-name=\"paragraph\" data-article-gutter=\"true\">\n            El video captura a los guardias de seguridad y otras personas sujetando finalmente a Virgil en el suelo.\n    <\/p>\n<p class=\"paragraph inline-placeholder vossi-paragraph\" data-uri=\"es.cms.cnn.com\/_components\/paragraph\/instances\/cmj00kjiv000g356k6wsdfast@published\" data-editable=\"text\" data-component-name=\"paragraph\" data-article-gutter=\"true\">\n            McHale dijo que nadie merec\u00eda morir como Virgil.\n    <\/p>\n<p class=\"paragraph inline-placeholder vossi-paragraph\" data-uri=\"es.cms.cnn.com\/_components\/paragraph\/instances\/cmj00kjiv000h356kf2pc6jzl@published\" data-editable=\"text\" data-component-name=\"paragraph\" data-article-gutter=\"true\">\n            \u201cSolo necesitaba ayuda\u201d, dijo McHale.\n    <\/p>\n<p class=\"paragraph inline-placeholder vossi-paragraph\" data-uri=\"es.cms.cnn.com\/_components\/paragraph\/instances\/cmj00kjiv000i356kz7r2dtu1@published\" data-editable=\"text\" data-component-name=\"paragraph\" data-article-gutter=\"true\">\n            La demanda afirma que los miembros de la tripulaci\u00f3n no deber\u00edan haberle servido alcohol a Virgil porque \u201cmostraba signos visuales obvios de intoxicaci\u00f3n\u201d y fueron negligentes al hacerlo, dice la demanda.\n    <\/p>\n<p class=\"paragraph inline-placeholder vossi-paragraph\" data-uri=\"es.cms.cnn.com\/_components\/paragraph\/instances\/cmj00kjiv000j356kqqnawkhb@published\" data-editable=\"text\" data-component-name=\"paragraph\" data-article-gutter=\"true\">\n            El derecho mar\u00edtimo consuetudinario exige que los transportistas como Royal Caribbean \u201csupervisen y ayuden a los pasajeros que puedan tener conductas peligrosas para ellos mismos o para otros\u201d, afirma la demanda.\n    <\/p>\n<p class=\"paragraph inline-placeholder vossi-paragraph\" data-uri=\"es.cms.cnn.com\/_components\/paragraph\/instances\/cmj00kjiv000k356k8d4zklzq@published\" data-editable=\"text\" data-component-name=\"paragraph\" data-article-gutter=\"true\">\n            Royal Caribbean tampoco ejerci\u00f3 su derecho a dejar de servir alcohol a Virgil para proteger su vida, afirma la demanda.\n    <\/p>\n<p class=\"paragraph inline-placeholder vossi-paragraph\" data-uri=\"es.cms.cnn.com\/_components\/paragraph\/instances\/cmj00kjiv000l356kcgygp2nf@published\" data-editable=\"text\" data-component-name=\"paragraph\" data-article-gutter=\"true\">\n            Los barcos de la compa\u00f1\u00eda, a\u00f1adi\u00f3, est\u00e1n dise\u00f1ados deliberadamente para garantizar que haya estaciones de servicio de alcohol \u201cen cada rinc\u00f3n y grieta\u201d y la compa\u00f1\u00eda \u201chace todo lo posible para alentar y facilitar el consumo de alcohol\u201d a bordo.\n    <\/p>\n<p class=\"paragraph inline-placeholder vossi-paragraph\" data-uri=\"es.cms.cnn.com\/_components\/paragraph\/instances\/cmj00kjiv000m356kefbcpo4m@published\" data-editable=\"text\" data-component-name=\"paragraph\" data-article-gutter=\"true\">\n            La demanda afirma que el personal m\u00e9dico a bordo carec\u00eda de educaci\u00f3n, licencias, experiencia y habilidades adecuadas.\n    <\/p>\n<p class=\"paragraph inline-placeholder vossi-paragraph\" data-uri=\"es.cms.cnn.com\/_components\/paragraph\/instances\/cmj00kjiv000n356k11n6ppt0@published\" data-editable=\"text\" data-component-name=\"paragraph\" data-article-gutter=\"true\">\n            La demanda fue presentada el viernes en un tribunal federal de Miami, donde Royal Caribbean, la segunda compa\u00f1\u00eda de cruceros m\u00e1s grande del mundo, tiene su sede.\n    <\/p>\n","protected":false},"excerpt":{"rendered":"AP \u00a0\u2014\u00a0 La prometida de un hombre que muri\u00f3 en un crucero present\u00f3 una demanda por muerte por&hellip;\n","protected":false},"author":2,"featured_media":281434,"comment_status":"","ping_status":"","sticky":false,"template":"","format":"standard","meta":{"footnotes":""},"categories":[42],"tags":[17,18,5666,13,14,11,61,62,63,64,19,20,9,10,15,16,68160,12,21,22,65,66,67],"class_list":{"0":"post-281433","1":"post","2":"type-post","3":"status-publish","4":"format-standard","5":"has-post-thumbnail","7":"category-internacional","8":"tag-breaking-news","9":"tag-breakingnews","10":"tag-crucero","11":"tag-featured-news","12":"tag-featurednews","13":"tag-headlines","14":"tag-internacional","15":"tag-international","16":"tag-international-news","17":"tag-internationalnews","18":"tag-latest-news","19":"tag-latestnews","20":"tag-news","21":"tag-noticias","22":"tag-noticias-destacadas","23":"tag-noticiasdestacadas","24":"tag-royal-caribean","25":"tag-titulares","26":"tag-ultimas-noticias","27":"tag-ultimasnoticias","28":"tag-world","29":"tag-world-news","30":"tag-worldnews"},"share_on_mastodon":{"url":"https:\/\/pubeurope.com\/@es\/115696278174883621","error":""},"_links":{"self":[{"href":"https:\/\/www.europesays.com\/es\/wp-json\/wp\/v2\/posts\/281433","targetHints":{"allow":["GET"]}}],"collection":[{"href":"https:\/\/www.europesays.com\/es\/wp-json\/wp\/v2\/posts"}],"about":[{"href":"https:\/\/www.europesays.com\/es\/wp-json\/wp\/v2\/types\/post"}],"author":[{"embeddable":true,"href":"https:\/\/www.europesays.com\/es\/wp-json\/wp\/v2\/users\/2"}],"replies":[{"embeddable":true,"href":"https:\/\/www.europesays.com\/es\/wp-json\/wp\/v2\/comments?post=281433"}],"version-history":[{"count":0,"href":"https:\/\/www.europesays.com\/es\/wp-json\/wp\/v2\/posts\/281433\/revisions"}],"wp:featuredmedia":[{"embeddable":true,"href":"https:\/\/www.europesays.com\/es\/wp-json\/wp\/v2\/media\/281434"}],"wp:attachment":[{"href":"https:\/\/www.europesays.com\/es\/wp-json\/wp\/v2\/media?parent=281433"}],"wp:term":[{"taxonomy":"category","embeddable":true,"href":"https:\/\/www.europesays.com\/es\/wp-json\/wp\/v2\/categories?post=281433"},{"taxonomy":"post_tag","embeddable":true,"href":"https:\/\/www.europesays.com\/es\/wp-json\/wp\/v2\/tags?post=281433"}],"curies":[{"name":"wp","href":"https:\/\/api.w.org\/{rel}","templated":true}]}}