{"id":281435,"date":"2025-12-10T16:51:12","date_gmt":"2025-12-10T16:51:12","guid":{"rendered":"https:\/\/www.europesays.com\/es\/281435\/"},"modified":"2025-12-10T16:51:12","modified_gmt":"2025-12-10T16:51:12","slug":"todos-los-que-habiamos-nacido-en-barcelona-teniamos-el-sueno-de-que-se-jugara-aqui","status":"publish","type":"post","link":"https:\/\/www.europesays.com\/es\/281435\/","title":{"rendered":"\u00abTodos los que hab\u00edamos nacido en Barcelona ten\u00edamos el sue\u00f1o de que se jugara aqu\u00ed\u201d"},"content":{"rendered":"<p class=\"ft-text\">El <strong>10 de diciembre de 2000<\/strong> un equipo formado por dos veteranos como <strong>\u00c0lex Corretja y Albert Costa, un doblista consolidado como Joan Balcells y un joven Juan Carlos Ferrero<\/strong> consegu\u00eda poner en pie a un Palau Sant Jordi lleno hasta la bandera para celebrar el primer t\u00edtulo de Espa\u00f1a <a class=\"ft-link ft-link--decoration\" href=\"https:\/\/www.sport.es\/es\/tenis\/copa-davis\/\" rel=\"nofollow noopener\" target=\"_blank\"><strong>en la Copa Davis.<\/strong><\/a><strong> <\/strong>Con un \u2018passing\u2019 de rev\u00e9s, el joven tenista de Ontinyent dejaba plantado a Hewitt y consegu\u00eda el punto decisivo. Con los ojos humedecidos por la emoci\u00f3n, se arrodillaba sobre la tierra batida del feudo <strong>barcelon\u00e9s mientras el banquillo en pleno saltaba para desatar la euforia.<\/strong><\/p>\n<p class=\"ft-text\">La Federaci\u00f3 Catalana de Tennis reuni\u00f3 a varios de los protagonistas, entre ellos a los tres jugadores con la \u00fanica ausencia de Ferrero, en el Museu Ol\u00edmpic i de l\u2019Esport Joan Antoni Samaranch, un escenario emblem\u00e1tico, muy cerca <strong>de ese Palau Sant Jordi donde tuvo lugar hace 25 a\u00f1os <\/strong>la gesta del equipo espa\u00f1ol de Copa Davis.<\/p>\n<p class=\"ft-text\">Un evento donde estuvieron acompa\u00f1ados por<strong> David Escud\u00e9,<\/strong> Regidor d\u2019Esports de l\u2019Ajuntament de Barcelona y presidente del \u00c0rea d\u2019Esport de la Diputaci\u00f3 de Barcelona; C\u00e9sar Thovar, delegado territorial de la Secretaria General d\u2019Esports; y <strong>Jordi Tamayo,<\/strong> Presidente de la Federaci\u00f3 Catalana de Tennis.<\/p>\n<p class=\"ft-text\"><strong>\u201cCuando os mir\u00e1bamos por la tele quer\u00edamos ser como vosotros, nos hab\u00e9is inspirado, es un acto para todo ese equipo\u201d<\/strong>, dec\u00eda Tamayo en su intervenci\u00f3n, en la que agradeci\u00f3 a los protagonistas porque \u201chonrar el legado de unos es ver el futuro\u201d.<\/p>\n<p class=\"ft-text\">La de 2000 fue una victoria con \u00e9pica, con Ferrero imponi\u00e9ndose a una tenista de la talla del australiano Lleyton Hewitt tras m\u00e1s de tres horas y medio de partido para dar el punto definitivo a la &#8216;Armada&#8217;. Una victoria que era mucho m\u00e1s, era la revancha de aquellos<strong> Manuel Santana, Jos\u00e9 Luis Arilla, Juan Manuel Couder y Juan Gisbert<\/strong> que en 1965 llevaron a Espa\u00f1a hasta su primera final, a esa que ser perdi\u00f3 precisamente contra Australia.<\/p>\n<p class=\"ft-text\">Fue tambi\u00e9n la Copa Davis del hasta entonces in\u00e9dito G4, un grupo de cuatro capitanes para dirigir al equipo en la serie de ese a\u00f1o: Juan Avenda\u00f1o, Jordi Vilar\u00f3, Agust\u00ed Pujol, Javier Duarte.<\/p>\n<p class=\"ft-text\">Agust\u00ed Pujol, presidente de la RFET entre 1985 y 2004, record\u00f3 durante el acto como se gest\u00f3 la idea de ese G4 en un despacho de Barcelona. \u201cSi queremos ganar la Copa Davis hay que hacer cambios\u201d, le dijeron Duarte, Vilar\u00f3 y Josep Perlas, proponiendo la opci\u00f3n de dirigir los tres al equipo. \u201cLa idea me gust\u00f3, consider\u00e9 que era un reto y puse la condici\u00f3n de poner a alguien de la federaci\u00f3n, que fue Juan Avenda\u00f1o\u00bb, explic\u00f3.<\/p>\n<p class=\"ft-text\">\u201cNos hemos llevado siempre muy bien,<strong> las decisiones no eran nada f\u00e1ciles y alguno a veces sal\u00eda perjudicado aunque tambi\u00e9n los jugadores nos ayudaban a tomar decisiones<\/strong>. No ha sido la m\u00e1s complicada\u201d, comentaba por su parte Avenda\u00f1o, sobre esa aventura. \u201cLas decisiones las tom\u00e1bamos entre todos y todo ten\u00eda su proceso\u201d, refrendaba Vilar\u00f3.<\/p>\n<p>Un \u00e9xito de equipo<\/p>\n<p class=\"ft-text\">Los jugadores presentes rememoraron tambi\u00e9n algunos momentos de esa final hist\u00f3rica. \u201cEstoy sorprendido y agradecido. <strong>Ver a tanta gente que ha querido acompa\u00f1arnos es una sorpresa muy grata<\/strong>\u201d, afirmaba Balcells quien explic\u00f3 como su presencia fue \u00abuna oportunidad\u00bb. \u00abMe propusieron a Santana que no deb\u00eda saber ni qui\u00e9n era pero dijo: que se venga, para ir a la eliminatoria de Nueva Zelanda\u201d.<\/p>\n<p class=\"ft-text\">Para Corretja, el \u00e9xito \u00abse consigui\u00f3 porque eramos un equipo, <strong>no importaban los nombres, ni qui\u00e9n era el n\u00famero 1, todos \u00e9ramos iguales, igual que los capitanes<\/strong>. El presidente fue muy valiente. <strong>Todos los que hab\u00edamos nacido en Barcelona ten\u00edamos el sue\u00f1o de que se jugara en Barcelona\u201d<\/strong>. \u201cQueremos que el resto de nuestra vida, cuando pasemos por la monta\u00f1a de Montjuic, que todos miremos al Palau y sintamos que hicimos algo grande, sobre todo porque ganas\u201d, continu\u00f3 el que era entonces el n\u00famero uno por ranking. \u00abQuer\u00edamos que fuera a nivel de mar porque nuestras posibilidades de ganar a Australia eran m\u00e1s altas y el Sant Jordi cumpl\u00eda con todo eso. Antes se viv\u00eda de una forma m\u00e1s deportiva, no tan pol\u00edtica. Para mi es un lugar emblem\u00e1tico que nos transporta al mejor momento de nuestras carreras\u201d, asegur\u00f3.<\/p>\n<p class=\"ft-text\">En una l\u00ednea similar se expres\u00f3 Albert Costa, para quien esta Copa Davis \u201cfue un momento hist\u00f3rico, los cuatro ten\u00edamos mucha presi\u00f3n porque nunca se hab\u00eda ganado\u201d. \u201cHubo jugadores antes mejores que nosotros que no la pudieron ganar pero en nuestro caso se dieron todas las condiciones. Poder hacerlo en Barcelona, que es la cuna del tenis, es superespecial. Cuando vas al Sant Jordi recuerdas esa emoci\u00f3n, es incre\u00edble\u201d, apuntaba emocionado.<\/p>\n<p><img decoding=\"async\" src=\"https:\/\/www.europesays.com\/es\/wp-content\/uploads\/2025\/12\/91fe1050-0aff-4864-83f5-a7848ce9d46e_alta-libre-aspect-ratio_default_0.jpg\" width=\"1200\" height=\"873\" alt=\"Los protagonistas levantan la Copa Davis en Barcelona\" class=\"ft-helper-img-rd\" loading=\"lazy\"\/><\/p>\n<p class=\"ft-helper-fontColor-quaternary ft-helper-fontSize-body-S ft-helper-spacer-t-xxs\">Los protagonistas levantan la Copa Davis en Barcelona  \/ EFE<\/p>\n<p class=\"ft-text\">\u201cCuando eres jugador no lo valoras tanto pero ahora que he estado en otras posiciones creo que el equipo es vital. Aquel esfuerzo y compromiso que ten\u00edan con nosotros fue clave\u201d, planteaba Costa, quien tambi\u00e9n fue despu\u00e9s capit\u00e1n del equipo espa\u00f1ol.<\/p>\n<p class=\"ft-text\">Suya fue la primera derrota en esa serie final, tras un largo partido contra el n\u00famero uno aussie, Hewitt. \u201cFue la derrota m\u00e1s importante y la que m\u00e1s me ha costado superar en mi carrera\u201d, afirm\u00f3 el exjugador, quien asegura que el aprendizaje de esa derrota le ayud\u00f3 despu\u00e9s a ganar Roland Garros.<\/p>\n<p class=\"ft-text\">Para Corretja, en esa \u00e9poca, \u201cla Davis se viv\u00eda de una forma muy intensa,<strong> la gente ten\u00eda muchas ganas de que se ganar.<\/strong> El primer d\u00eda \u00edbamos muy iguales, el dobles era crucial para que todo fuera bien\u201d.<\/p>\n<p class=\"ft-text\"><strong>Jos\u00e9 Luis Arilla,<\/strong> intengrante del equipo espa\u00f1ol en las finales de los 60, no quiso tampoco perderse el aniversario. \u201cFue un poco la venganza, despu\u00e9s de las finales del 65 y el 67. Este equipo hizo un torneo extraordinario\u201d, afirm\u00f3 el ya veterano extenista.<\/p>\n","protected":false},"excerpt":{"rendered":"El 10 de diciembre de 2000 un equipo formado por dos veteranos como \u00c0lex Corretja y Albert Costa,&hellip;\n","protected":false},"author":2,"featured_media":281436,"comment_status":"","ping_status":"","sticky":false,"template":"","format":"standard","meta":{"footnotes":""},"categories":[274],"tags":[2493,2494,168,25,24,23,167,327,326],"class_list":{"0":"post-281435","1":"post","2":"type-post","3":"status-publish","4":"format-standard","5":"has-post-thumbnail","7":"category-tenis","8":"tag-copa","9":"tag-davis","10":"tag-deportes","11":"tag-es","12":"tag-espana","13":"tag-spain","14":"tag-sports","15":"tag-tenis","16":"tag-tennis"},"share_on_mastodon":{"url":"https:\/\/pubeurope.com\/@es\/115696310205722929","error":""},"_links":{"self":[{"href":"https:\/\/www.europesays.com\/es\/wp-json\/wp\/v2\/posts\/281435","targetHints":{"allow":["GET"]}}],"collection":[{"href":"https:\/\/www.europesays.com\/es\/wp-json\/wp\/v2\/posts"}],"about":[{"href":"https:\/\/www.europesays.com\/es\/wp-json\/wp\/v2\/types\/post"}],"author":[{"embeddable":true,"href":"https:\/\/www.europesays.com\/es\/wp-json\/wp\/v2\/users\/2"}],"replies":[{"embeddable":true,"href":"https:\/\/www.europesays.com\/es\/wp-json\/wp\/v2\/comments?post=281435"}],"version-history":[{"count":0,"href":"https:\/\/www.europesays.com\/es\/wp-json\/wp\/v2\/posts\/281435\/revisions"}],"wp:featuredmedia":[{"embeddable":true,"href":"https:\/\/www.europesays.com\/es\/wp-json\/wp\/v2\/media\/281436"}],"wp:attachment":[{"href":"https:\/\/www.europesays.com\/es\/wp-json\/wp\/v2\/media?parent=281435"}],"wp:term":[{"taxonomy":"category","embeddable":true,"href":"https:\/\/www.europesays.com\/es\/wp-json\/wp\/v2\/categories?post=281435"},{"taxonomy":"post_tag","embeddable":true,"href":"https:\/\/www.europesays.com\/es\/wp-json\/wp\/v2\/tags?post=281435"}],"curies":[{"name":"wp","href":"https:\/\/api.w.org\/{rel}","templated":true}]}}