{"id":281441,"date":"2025-12-10T16:55:08","date_gmt":"2025-12-10T16:55:08","guid":{"rendered":"https:\/\/www.europesays.com\/es\/281441\/"},"modified":"2025-12-10T16:55:08","modified_gmt":"2025-12-10T16:55:08","slug":"flick-da-un-respiro-tras-el-triunfo-ante-el-eintracht","status":"publish","type":"post","link":"https:\/\/www.europesays.com\/es\/281441\/","title":{"rendered":"Flick da un respiro tras el triunfo ante el Eintracht"},"content":{"rendered":"<p data-gtm-element-container=\"modulo-texto-link\" class=\"paragraph\">El <strong>FC Barcelona<\/strong> ten\u00eda planificado este mi\u00e9rcoles el habitual entrenamiento de recuperaci\u00f3n postpartido en la Ciutat Esportiva Joan Gamper tras medirse al <strong>Eintracht Frankfurt<\/strong>, pero el t\u00e9cnico <strong>Hansi Flick<\/strong> quiso dar un respiro a sus futbolistas y dio el d\u00eda libre a la plantilla para que recupere energ\u00edas con vistas al duelo de este pr\u00f3ximo s\u00e1bado (18.30 horas) contra <strong>Osasuna<\/strong>.<\/p>\n<p data-gtm-element-container=\"modulo-texto-link\" class=\"paragraph\">El esfuerzo colectivo para remontar el partido contra el <strong>Eintracht <\/strong>fue importante y los jugadores seguro que agradecer\u00e1n esta jornada sin entrenamientos. Los voluntarios que decidieron acudir a la Ciutat Esportiva fueron <strong>Pedri<\/strong>, <strong>Szczesny<\/strong>, <strong>Ferm\u00edn<\/strong>, <strong>Casad\u00f3 <\/strong>y <strong>Dani Olmo<\/strong>, centrado en su recuperaci\u00f3n tras la luxaci\u00f3n en el hombro izquierdo que sufri\u00f3 ante el Atl\u00e9tico.<\/p>\n<p data-gtm-element-container=\"modulo-texto-link\" class=\"paragraph\">Cabe recordar que en la enfermer\u00eda azulgrana ya solo quedan los lesionados\u00a0<strong>Gavi <\/strong>y\u00a0<strong>Dani Olmo<\/strong>, mientras <strong>Araujo <\/strong>est\u00e1 de baja indefinida para recuperarse mentalmente tras su expulsi\u00f3n ante el Chelsea. El uruguayo est\u00e1 de viaje espiritual a Jerusal\u00e9n para visitar los lugares m\u00e1s sagrados de la cristiandad y pedir ayuda para superar sus dificultades.<\/p>\n<p>    Lee tambi\u00e9n<\/p>\n<p data-gtm-element-container=\"modulo-texto-link\" class=\"paragraph\">Tras este d\u00eda libre, el <strong>Bar\u00e7a <\/strong>volver\u00e1 al trabajo este jueves (11.00 horas) en la Ciutat Esportiva y tendr\u00e1 un \u00faltimo entrenamiento el viernes (11.00 horas) para acabar de ultimar los detalles de la visita de <strong>Osasuna <\/strong>al Spotify Camp Nou.<\/p>\n","protected":false},"excerpt":{"rendered":"El FC Barcelona ten\u00eda planificado este mi\u00e9rcoles el habitual entrenamiento de recuperaci\u00f3n postpartido en la Ciutat Esportiva Joan&hellip;\n","protected":false},"author":2,"featured_media":281442,"comment_status":"","ping_status":"","sticky":false,"template":"","format":"standard","meta":{"footnotes":""},"categories":[268],"tags":[168,25,24,280,282,281,23,167],"class_list":{"0":"post-281441","1":"post","2":"type-post","3":"status-publish","4":"format-standard","5":"has-post-thumbnail","7":"category-futbol","8":"tag-deportes","9":"tag-es","10":"tag-espana","11":"tag-football","12":"tag-futbol","13":"tag-soccer","14":"tag-spain","15":"tag-sports"},"share_on_mastodon":{"url":"https:\/\/pubeurope.com\/@es\/115696325587753742","error":""},"_links":{"self":[{"href":"https:\/\/www.europesays.com\/es\/wp-json\/wp\/v2\/posts\/281441","targetHints":{"allow":["GET"]}}],"collection":[{"href":"https:\/\/www.europesays.com\/es\/wp-json\/wp\/v2\/posts"}],"about":[{"href":"https:\/\/www.europesays.com\/es\/wp-json\/wp\/v2\/types\/post"}],"author":[{"embeddable":true,"href":"https:\/\/www.europesays.com\/es\/wp-json\/wp\/v2\/users\/2"}],"replies":[{"embeddable":true,"href":"https:\/\/www.europesays.com\/es\/wp-json\/wp\/v2\/comments?post=281441"}],"version-history":[{"count":0,"href":"https:\/\/www.europesays.com\/es\/wp-json\/wp\/v2\/posts\/281441\/revisions"}],"wp:featuredmedia":[{"embeddable":true,"href":"https:\/\/www.europesays.com\/es\/wp-json\/wp\/v2\/media\/281442"}],"wp:attachment":[{"href":"https:\/\/www.europesays.com\/es\/wp-json\/wp\/v2\/media?parent=281441"}],"wp:term":[{"taxonomy":"category","embeddable":true,"href":"https:\/\/www.europesays.com\/es\/wp-json\/wp\/v2\/categories?post=281441"},{"taxonomy":"post_tag","embeddable":true,"href":"https:\/\/www.europesays.com\/es\/wp-json\/wp\/v2\/tags?post=281441"}],"curies":[{"name":"wp","href":"https:\/\/api.w.org\/{rel}","templated":true}]}}