{"id":281443,"date":"2025-12-10T16:56:09","date_gmt":"2025-12-10T16:56:09","guid":{"rendered":"https:\/\/www.europesays.com\/es\/281443\/"},"modified":"2025-12-10T16:56:09","modified_gmt":"2025-12-10T16:56:09","slug":"alba-carrillo-se-sincera-sobre-su-reciente-problema-de-salud-lo-daba-por-perdido","status":"publish","type":"post","link":"https:\/\/www.europesays.com\/es\/281443\/","title":{"rendered":"Alba Carrillo se sincera sobre su reciente problema de salud: \u201cLo daba por perdido\u201d"},"content":{"rendered":"<p class=\"\">No hace tanto que <b>Alba Carrillo <\/b>ha regresado de Latinoam\u00e9rica. En su maleta personal, las vivencias que han compuesto su participaci\u00f3n en<b> <\/b><b>Hasta el fin del mundo<\/b>, formato de <b>TVE <\/b>que ha puesto a varias estrellas televisivas contra las cuerdas para medir su capacidad de supervivencia. <b>Ha sido esta experiencia con la que ha puesto punto y final a un a\u00f1o maravilloso <\/b>del que ha hecho repaso en una entrevista publicada este mi\u00e9rcoles por la<a href=\"https:\/\/www.lecturas.com\/actualidad\/alba-carrillo-cierra-su-mejor-ano-esta-es-mi-mejor-version-estoy-muy-feliz-mi-me-siento-muy-poderosa-y-disfrutona_185599\" target=\"_blank\" rel=\"noreferrer nofollow noopener\" title=\"https:\/\/www.lecturas.com\/actualidad\/alba-carrillo-cierra-su-mejor-ano-esta-es-mi-mejor-version-estoy-muy-feliz-mi-me-siento-muy-poderosa-y-disfrutona_185599\"> revista Lecturas<\/a> y en la que, entre otras cosas, se ha sincerado acerca de los <b>aspectos no tan puramente positivos<\/b> que tambi\u00e9n ha tenido que abrazar este calendario.<\/p>\n<p class=\"\">Su peor recuerdo del a\u00f1o fue provocado por una<b> sordera s\u00fabita<\/b> que sufri\u00f3 por estr\u00e9s una vez hubo terminado la Semana Santa. Tal y como confes\u00f3 en su d\u00eda, perdi\u00f3 de forma repentina la audici\u00f3n.<b> \u201cTuve una sordera s\u00fabita. Me levant\u00e9 un d\u00eda y me hab\u00eda quedado sorda de un o\u00eddo y medio del otro\u201d<\/b>, ha reconocido, insistiendo en que fue <b>\u201cpor estr\u00e9s\u201d y justo \u201cen el momento en el que menos estresada pensaba que estaba\u201d.<\/b><\/p>\n<p>\u201c\u00a1Sufr\u00ed mucho!\u201d<\/p>\n<p class=\"\">Fue dif\u00edcil. Carrillo ha remarcado todo lo que llor\u00f3 y lo mal que lo pas\u00f3, confesando que, incluso, le costaba dormir.<b> \u201c\u00a1Sufr\u00ed mucho! Me tuvieron que pinchar corticoides. Lo daba por perdido, tard\u00e9 un mes en empezar a recuperarme\u00bb<\/b>, ha explicado, a lo que ha agregado que, finalmente, logr\u00f3 encaminar un trayecto de recuperaci\u00f3n que ya ha completado con \u00e9xito.<\/p>\n<p class=\"\">No fue lo \u00fanico que le afect\u00f3. <b>El consumo de corticoides para curar las dolencias provocaron que la televisiva se hinchara<\/b>; y a esto le siguieron los comentarios de numerosas personas que emplearon sus cuentas en redes sociales para se\u00f1alar dicho aumento de peso. <b>Esto, dice con perspectiva, le hizo \u201cmucho da\u00f1o\u201d.<\/b><\/p>\n<p class=\"\">Y no sucedi\u00f3 \u00fanicamente en el mar digital. <b>\u201cUn d\u00eda me disgust\u00e9 mucho porque una se\u00f1ora me dice \u2018\u00bferes Alba Carrillo? Pues has cogido kilos\u2019\u201c,<\/b> ha a\u00f1adido, desvelando la respuesta que, agobiada y sincera, se vio obligada a dar:<b> \u201dLe dije \u2018estoy enferma\u2019\u201d.<\/b><\/p>\n<p>Noticias relacionadas<a href=\"https:\/\/as.com\/tikitakas\/musica\/el-autentico-miedo-de-eurovision-era-el-llamado-efecto-bola-de-nieve-tras-los-abandonos-una-llamada-lo-cambio-todo-f202512-n\/\" class=\"s_m_w\" title=\"Espa\u00f1a, Pa\u00edses Bajos, Eslovenia e Irlanda se han retirado del festival europeo de la canci\u00f3n por la participaci\u00f3n de Israel y su genocidio en Gaza.\" data-tb-link=\"\" rel=\"nofollow noopener\" target=\"_blank\"><img decoding=\"async\" src=\"https:\/\/www.europesays.com\/es\/wp-content\/uploads\/2025\/12\/CLEM3PQNE5P2VKA3ODCDB32NYM.jpg\" alt=\"El aut\u00e9ntico miedo de Eurovisi\u00f3n era el llamado \u2018efecto bola de nieve\u2019 tras los abandonos: una llamada lo cambi\u00f3 todo \" class=\"\" height=\"9\" width=\"16\"   loading=\"lazy\" data-tb-thumbnail=\"\"\/><\/a><a href=\"https:\/\/as.com\/tikitakas\/salud\/gabriel-pozuelo-psicologo-la-ansiedad-te-miente-que-sientas-algo-no-significa-que-sea-cierto-f202512-n\/\" class=\"s_m_w\" title=\"El experto en psicolog\u00eda ofrece en un v\u00eddeo de sus redes sociales las que ser\u00edan las ideas clave que se extraer\u00edan de tres a\u00f1os de terapia en consulta.\" data-tb-link=\"\" rel=\"nofollow noopener\" target=\"_blank\"><img decoding=\"async\" src=\"https:\/\/www.europesays.com\/es\/wp-content\/uploads\/2025\/12\/R3SXL4GORVHXZOSUMLWWRNZMCY.jpg\" alt=\"Gabriel Pozuelo, psic\u00f3logo: \u201cLa ansiedad te miente. Que sientas algo no significa que sea cierto\u201d\" class=\"\" height=\"9\" width=\"16\"   loading=\"lazy\" data-tb-thumbnail=\"\"\/><\/a><\/p>\n<p class=\"\"><b>\u00a1Tus opiniones importan!<\/b><\/p>\n<p class=\"\">Comenta en los art\u00edculos y suscr\u00edbete gratis a nuestra <a href=\"https:\/\/asfan.as.com\/newsletters\/\" target=\"_blank\" rel=\"nofollow noopener\" title=\"https:\/\/asfan.as.com\/newsletters\/\">newsletter<\/a> y a las alertas informativas en la <a href=\"https:\/\/as.com\/aplicacion-de-as-n\/\" target=\"_blank\" rel=\"nofollow noopener\" title=\"https:\/\/as.com\/aplicacion-de-as-n\/\">App<\/a> o el canal de <a href=\"https:\/\/www.whatsapp.com\/channel\/0029VaAasdA7j6g745nz9M10\" target=\"_blank\" rel=\"nofollow noopener\" title=\"https:\/\/www.whatsapp.com\/channel\/0029VaAasdA7j6g745nz9M10\">WhatsApp<\/a>. \u00bfBuscas licenciar contenido? Haz clic <a href=\"https:\/\/profesional.elpais.com\/soluciones-sindicacion?utm_medium=interno&amp;utm_source=crosslinking&amp;utm_campaign=sindicacion_as_pie_articulos\" target=\"_blank\" rel=\"nofollow noopener\" title=\"https:\/\/profesional.elpais.com\/soluciones-sindicacion?utm_medium=interno&amp;utm_source=crosslinking&amp;utm_campaign=sindicacion_as_pie_articulos\">aqu\u00ed<\/a><\/p>\n","protected":false},"excerpt":{"rendered":"No hace tanto que Alba Carrillo ha regresado de Latinoam\u00e9rica. En su maleta personal, las vivencias que han&hellip;\n","protected":false},"author":2,"featured_media":281444,"comment_status":"","ping_status":"","sticky":false,"template":"","format":"standard","meta":{"footnotes":""},"categories":[174],"tags":[255,146,147,25,24,256,23],"class_list":{"0":"post-281443","1":"post","2":"type-post","3":"status-publish","4":"format-standard","5":"has-post-thumbnail","7":"category-famosos","8":"tag-celebrities","9":"tag-entertainment","10":"tag-entretenimiento","11":"tag-es","12":"tag-espana","13":"tag-famosos","14":"tag-spain"},"share_on_mastodon":{"url":"https:\/\/pubeurope.com\/@es\/115696330619605733","error":""},"_links":{"self":[{"href":"https:\/\/www.europesays.com\/es\/wp-json\/wp\/v2\/posts\/281443","targetHints":{"allow":["GET"]}}],"collection":[{"href":"https:\/\/www.europesays.com\/es\/wp-json\/wp\/v2\/posts"}],"about":[{"href":"https:\/\/www.europesays.com\/es\/wp-json\/wp\/v2\/types\/post"}],"author":[{"embeddable":true,"href":"https:\/\/www.europesays.com\/es\/wp-json\/wp\/v2\/users\/2"}],"replies":[{"embeddable":true,"href":"https:\/\/www.europesays.com\/es\/wp-json\/wp\/v2\/comments?post=281443"}],"version-history":[{"count":0,"href":"https:\/\/www.europesays.com\/es\/wp-json\/wp\/v2\/posts\/281443\/revisions"}],"wp:featuredmedia":[{"embeddable":true,"href":"https:\/\/www.europesays.com\/es\/wp-json\/wp\/v2\/media\/281444"}],"wp:attachment":[{"href":"https:\/\/www.europesays.com\/es\/wp-json\/wp\/v2\/media?parent=281443"}],"wp:term":[{"taxonomy":"category","embeddable":true,"href":"https:\/\/www.europesays.com\/es\/wp-json\/wp\/v2\/categories?post=281443"},{"taxonomy":"post_tag","embeddable":true,"href":"https:\/\/www.europesays.com\/es\/wp-json\/wp\/v2\/tags?post=281443"}],"curies":[{"name":"wp","href":"https:\/\/api.w.org\/{rel}","templated":true}]}}