{"id":281445,"date":"2025-12-10T16:57:30","date_gmt":"2025-12-10T16:57:30","guid":{"rendered":"https:\/\/www.europesays.com\/es\/281445\/"},"modified":"2025-12-10T16:57:30","modified_gmt":"2025-12-10T16:57:30","slug":"museo-nacional-zayed-foster-partners","status":"publish","type":"post","link":"https:\/\/www.europesays.com\/es\/281445\/","title":{"rendered":"Museo Nacional Zayed \/ Foster + Partners"},"content":{"rendered":"<p><a class=\"js-image-size__link \" href=\"https:\/\/www.archdaily.cl\/cl\/1036711\/museo-nacional-zayed-foster-plus-partners\/6932a6988ad81d017f30cdae-zayed-national-museum-foster-plus-partners-image\" rel=\"attachment nofollow noopener\" style=\"width: 100%; height: 100%;\" target=\"_blank\"><img decoding=\"async\" alt=\"Museo Nacional Zayed \/ Foster + Partners - Fotograf\u00eda exterior\" data-nr-picture-id=\"6932a6988ad81d017f30cdae\" fetchpriority=\"high\" height=\"426\" itemprop=\"image\" loading=\"eager\" longdesc=\"https:\/\/www.archdaily.cl\/cl\/1036711\/museo-nacional-zayed-foster-plus-partners\/6932a6988ad81d017f30cdae-zayed-national-museum-foster-plus-partners-image\" src=\"https:\/\/www.europesays.com\/es\/wp-content\/uploads\/2025\/12\/zayed-national-museum-foster-plus-partners_33.jpg\" style=\"min-height: var(--featured-height, auto); aspect-ratio: auto 640 \/ 426\" width=\"640\"\/><\/a>Courtesy of Zayed National Museum<\/p>\n<p class=\"thumbs afd-desktop-e clearfix\"><a class=\"thumbs__link\" data-nr-picture-id=\"69306912d7d6cc59e9edbdc3\" href=\"https:\/\/www.archdaily.cl\/cl\/1036711\/museo-nacional-zayed-foster-plus-partners\/69306912d7d6cc59e9edbdc3-zayed-national-museum-foster-plus-partners-photo\" rel=\"attachment nofollow noopener\" target=\"_blank\"><img loading=\"lazy\" decoding=\"async\" alt=\"Museo Nacional Zayed \/ Foster + Partners - Fotograf\u00eda interior\" class=\"thumbs__img b-lazy\" data-nr-picture-id=\"69306912d7d6cc59e9edbdc3\" data-pin-nopin=\"true\" src=\"https:\/\/www.europesays.com\/es\/wp-content\/uploads\/2025\/12\/zayed-national-museum-foster-plus-partners_14.jpg\" height=\"125\" longdesc=\"https:\/\/www.archdaily.cl\/cl\/1036711\/museo-nacional-zayed-foster-plus-partners\/69306912d7d6cc59e9edbdc3-zayed-national-museum-foster-plus-partners-photo\" title=\"\u00a9 Nigel Young\" width=\"125\"\/><\/a><a class=\"thumbs__link\" data-nr-picture-id=\"69306912243c4d5a49876405\" href=\"https:\/\/www.archdaily.cl\/cl\/1036711\/museo-nacional-zayed-foster-plus-partners\/69306912243c4d5a49876405-zayed-national-museum-foster-plus-partners-photo\" rel=\"attachment nofollow noopener\" target=\"_blank\"><img loading=\"lazy\" decoding=\"async\" alt=\"Museo Nacional Zayed \/ Foster + Partners - Imagen 3 de 60\" class=\"thumbs__img b-lazy\" data-nr-picture-id=\"69306912243c4d5a49876405\" data-pin-nopin=\"true\" src=\"https:\/\/www.europesays.com\/es\/wp-content\/uploads\/2025\/12\/zayed-national-museum-foster-plus-partners_25.jpg\" height=\"125\" longdesc=\"https:\/\/www.archdaily.cl\/cl\/1036711\/museo-nacional-zayed-foster-plus-partners\/69306912243c4d5a49876405-zayed-national-museum-foster-plus-partners-photo\" title=\"\u00a9 Nigel Young\" width=\"125\"\/><\/a><a class=\"thumbs__link\" data-nr-picture-id=\"69306913243c4d5a4987640a\" href=\"https:\/\/www.archdaily.cl\/cl\/1036711\/museo-nacional-zayed-foster-plus-partners\/69306913243c4d5a4987640a-zayed-national-museum-foster-plus-partners-photo\" rel=\"attachment nofollow noopener\" target=\"_blank\"><img loading=\"lazy\" decoding=\"async\" alt=\"Museo Nacional Zayed \/ Foster + Partners - Imagen 4 de 60\" class=\"thumbs__img b-lazy\" data-nr-picture-id=\"69306913243c4d5a4987640a\" data-pin-nopin=\"true\" src=\"https:\/\/www.europesays.com\/es\/wp-content\/uploads\/2025\/12\/zayed-national-museum-foster-plus-partners_30.jpg\" height=\"125\" longdesc=\"https:\/\/www.archdaily.cl\/cl\/1036711\/museo-nacional-zayed-foster-plus-partners\/69306913243c4d5a4987640a-zayed-national-museum-foster-plus-partners-photo\" title=\"\u00a9 Nigel Young\" width=\"125\"\/><\/a><a class=\"thumbs__link\" data-nr-picture-id=\"69306912243c4d5a49876406\" href=\"https:\/\/www.archdaily.cl\/cl\/1036711\/museo-nacional-zayed-foster-plus-partners\/69306912243c4d5a49876406-zayed-national-museum-foster-plus-partners-photo\" rel=\"attachment nofollow noopener\" target=\"_blank\"><img loading=\"lazy\" decoding=\"async\" alt=\"Museo Nacional Zayed \/ Foster + Partners - Fotograf\u00eda interior\" class=\"thumbs__img b-lazy\" data-nr-picture-id=\"69306912243c4d5a49876406\" data-pin-nopin=\"true\" src=\"https:\/\/www.europesays.com\/es\/wp-content\/uploads\/2025\/12\/zayed-national-museum-foster-plus-partners_12.jpg\" height=\"125\" longdesc=\"https:\/\/www.archdaily.cl\/cl\/1036711\/museo-nacional-zayed-foster-plus-partners\/69306912243c4d5a49876406-zayed-national-museum-foster-plus-partners-photo\" title=\"\u00a9 Nigel Young\" width=\"125\"\/><\/a><a class=\"gallery-link afd-desktop-e\" href=\"https:\/\/www.archdaily.cl\/cl\/1036711\/museo-nacional-zayed-foster-plus-partners\/6932a6988ad81d017f30cdae-zayed-national-museum-foster-plus-partners-image\" rel=\"nofollow noopener\" target=\"_blank\"><img decoding=\"async\" alt=\"Museo Nacional Zayed \/ Foster + Partners - M\u00e1s Im\u00e1genes\" class=\"thumbs__img b-lazy\" src=\"https:\/\/www.europesays.com\/es\/wp-content\/uploads\/2025\/12\/zayed-national-museum-foster-plus-partners_33.jpg\" itemprop=\"image\" bad-src=\"data:image\/gif;base64,R0lGODlhAQABAIAAAAUEBAAAACwAAAAAAQABAAACAkQBADs=\"\/>+ 55<\/a><\/p>\n<p>    Compartir<\/p>\n<p>Compartir<\/p>\n<ul class=\"afd-share__networks clearfix\">\n<li class=\"afd-share__social\"><a aria-label=\"Facebook\" class=\"afd-share__button\" data-insights-category=\"share\" data-insights-label=\"facebook_sharing_options\" data-insights-value=\"1036711\" data-social=\"facebook\" href=\"https:\/\/www.facebook.com\/sharer\/sharer.php?u=https:\/\/www.archdaily.cl\/cl\/1036711\/museo-nacional-zayed-foster-plus-partners\" rel=\"nofollow noopener\" target=\"_blank\"><\/a>\n<p>Facebook<\/p>\n<\/li>\n<li class=\"afd-share__social\"><a aria-label=\"Twitter\" class=\"afd-share__button\" data-insights-category=\"share\" data-insights-label=\"twitter_sharing_options\" data-insights-value=\"1036711\" data-social=\"twitter\" href=\"https:\/\/twitter.com\/intent\/tweet?text=Museo%20Nacional%20Zayed%20%2F%20Foster%20%2B%20Partners&amp;url=https:\/\/www.archdaily.cl\/cl\/1036711\/museo-nacional-zayed-foster-plus-partners&amp;via=parq\" rel=\"nofollow noopener\" target=\"_blank\"><\/a>\n<p>Twitter<\/p>\n<\/li>\n<li class=\"afd-share__social\"><a class=\"afd-share__button\" data-insights-category=\"share\" data-insights-label=\"email_sharing_options\" data-insights-value=\"1036711\" data-social=\"email\" href=\"mailto:?subject=Museo Nacional Zayed \/ Foster + Partners&amp;body=https:\/\/www.archdaily.cl\/cl\/1036711\/museo-nacional-zayed-foster-plus-partners\"><\/a>\n<p>Mail<\/p>\n<\/li>\n<li class=\"afd-share__social\"><a aria-label=\"Pinterest\" class=\"afd-share__button\" data-insights-category=\"share\" data-insights-label=\"pinterest_sharing_options\" data-insights-value=\"1036711\" data-social=\"pinterest\" href=\"https:\/\/pinterest.com\/pin\/create\/button\/?url=https%3A%2F%2Fwww.archdaily.cl%2Fcl%2F1036711%2Fmuseo-nacional-zayed-foster-plus-partners&amp;media=https%3A%2F%2Fimages.adsttc.com%2Fmedia%2Fimages%2F6932%2Fa698%2F8ad8%2F1d01%2F7f30%2Fcdae%2Flarge_jpg%2Fzayed-national-museum-foster-plus-partners_33.jpg%3F1764927144&amp;description=Museo%20Nacional%20Zayed%20%2F%20Foster%20%2B%20Partners\" rel=\"nofollow noopener\" target=\"_blank\"><\/a>\n<p>Pinterest<\/p>\n<\/li>\n<li class=\"afd-share__social\"><a aria-label=\"Whatsapp\" class=\"afd-share__button\" data-action=\"share\/whatsapp\/share\" data-insights-category=\"share\" data-insights-label=\"whatsapp_sharing_options\" data-insights-value=\"1036711\" data-social=\"whatsapp\" href=\"whatsapp:\/\/send?text=Museo+Nacional+Zayed+%2F+Foster+%2B+Partners+%7C+https%3A%2F%2Fwww.archdaily.cl%2Fcl%2F1036711%2Fmuseo-nacional-zayed-foster-plus-partners%3Futm_source%3DWhatsapp%26utm_medium%3DIM%26utm_campaign%3Dshare-button\" rel=\"nofollow\"><\/a>\n<p>Whatsapp<\/p>\n<\/li>\n<\/ul>\n<p>O<\/p>\n<p>https:\/\/www.archdaily.cl\/cl\/1036711\/museo-nacional-zayed-foster-plus-partners<\/p>\n<p>  Portapapeles<\/p>\n<p>              \u00abCOPY\u00bb<\/p>\n<p>Copiar<\/p>\n<ul class=\"afd-char-list afd-specs__item-container js-char-list\">\n<li class=\"afd-specs__item\">\n<\/li>\n<li class=\"afd-specs__item\">\n  \u00c1rea<br \/>\n  \u00c1rea del proyecto de arquitectura <\/p>\n<p>\u00c1rea:\u00a0<br \/>\n        <a href=\"https:\/\/www.archdaily.cl\/search\/cl\/projects\/min_area\/71096\/max_area\/106644?ad_name=project-specs&amp;ad_medium=single\" rel=\"nofollow noopener\" target=\"_blank\">88870<\/a> m\u00b2<\/li>\n<li class=\"afd-specs__item\">\n<p>  A\u00f1o<br \/>\n  A\u00f1o del Proyecto de arquitectura<\/p>\n<p>            A\u00f1o:\u00a0<\/p>\n<p>                    <a href=\"https:\/\/www.archdaily.cl\/search\/cl\/projects\/year\/2025?ad_name=project-specs&amp;ad_medium=single\" rel=\"nofollow noopener\" target=\"_blank\"><br \/>\n          2025<br \/>\n        <\/a><\/p>\n<\/li>\n<li class=\"afd-specs__item\">\n<p>  Fot\u00f3grafos<\/p>\n<\/li>\n<li class=\"afd-specs__item\">\n<p>  Proveedores<br \/>\n  Marcas y productos usados en este proyecto de arquitectura<\/p>\n<p>Proveedores: \u00a0Goppion<\/p>\n<\/li>\n<\/ul>\n<p><a class=\"js-image-size__link lazy-anchor\" href=\"https:\/\/www.archdaily.cl\/cl\/1036711\/museo-nacional-zayed-foster-plus-partners\/69306914243c4d5a4987640b-zayed-national-museum-foster-plus-partners-photo\" rel=\"nofollow noopener\" target=\"_blank\"><img decoding=\"async\" alt=\"Museo Nacional Zayed \/ Foster + Partners - Imagen 7 de 60\" data-nr-picture-id=\"69306914243c4d5a4987640b\" height=\"427\" itemprop=\"image\" loading=\"lazy\" longdesc=\"https:\/\/www.archdaily.cl\/cl\/1036711\/museo-nacional-zayed-foster-plus-partners\/69306914243c4d5a4987640b-zayed-national-museum-foster-plus-partners-photo\" src=\"https:\/\/www.europesays.com\/es\/wp-content\/uploads\/2025\/12\/zayed-national-museum-foster-plus-partners_28.jpg\" width=\"640\"\/>\u00a9 Nigel Young<\/a><\/p>\n<p>Descripci\u00f3n enviada por el equipo del proyecto. El Museo Nacional Zayed ha abierto sus puertas al p\u00fablico. Ubicado en el coraz\u00f3n del Distrito Cultural Saadiyat en <a href=\"https:\/\/www.archdaily.cl\/cl\/tag\/abu-dhabi\" rel=\"nofollow noopener\" target=\"_blank\">Abu Dhabi<\/a>, el <strong>nuevo museo nacional de los Emiratos \u00c1rabes Unidos (EAU) traza la historia de los Emiratos<\/strong>, desde las primeras evidencias de la ocupaci\u00f3n humana hasta las civilizaciones que moldearon su cultura e identidad, arraigadas en los valores del Padre Fundador de los EAU, el difunto Jeque Zayed bin Sultan Al Nahyan. La forma del edificio aborda el reto de mantener la vida en un entorno des\u00e9rtico y las fuertes tradiciones culturales de los EAU.<\/p>\n<p><a class=\"js-image-size__link lazy-anchor\" href=\"https:\/\/www.archdaily.cl\/cl\/1036711\/museo-nacional-zayed-foster-plus-partners\/69306912d7d6cc59e9edbdc3-zayed-national-museum-foster-plus-partners-photo\" rel=\"nofollow noopener\" target=\"_blank\"><img decoding=\"async\" alt=\"Museo Nacional Zayed \/ Foster + Partners - Fotograf\u00eda interior\" data-nr-picture-id=\"69306912d7d6cc59e9edbdc3\" height=\"427\" itemprop=\"image\" loading=\"lazy\" longdesc=\"https:\/\/www.archdaily.cl\/cl\/1036711\/museo-nacional-zayed-foster-plus-partners\/69306912d7d6cc59e9edbdc3-zayed-national-museum-foster-plus-partners-photo\" src=\"https:\/\/www.europesays.com\/es\/wp-content\/uploads\/2025\/12\/1765385845_366_zayed-national-museum-foster-plus-partners_14.jpg\" width=\"640\"\/>\u00a9 Nigel Young<\/a><a class=\"js-image-size__link lazy-anchor\" href=\"https:\/\/www.archdaily.cl\/cl\/1036711\/museo-nacional-zayed-foster-plus-partners\/69306912d7d6cc59e9edbdc1-zayed-national-museum-foster-plus-partners-photo\" rel=\"nofollow noopener\" target=\"_blank\"><img decoding=\"async\" alt=\"Museo Nacional Zayed \/ Foster + Partners - Imagen 9 de 60\" data-nr-picture-id=\"69306912d7d6cc59e9edbdc1\" height=\"427\" itemprop=\"image\" loading=\"lazy\" longdesc=\"https:\/\/www.archdaily.cl\/cl\/1036711\/museo-nacional-zayed-foster-plus-partners\/69306912d7d6cc59e9edbdc1-zayed-national-museum-foster-plus-partners-photo\" src=\"https:\/\/www.europesays.com\/es\/wp-content\/uploads\/2025\/12\/zayed-national-museum-foster-plus-partners_3.jpg\" width=\"640\"\/>\u00a9 Nigel Young<\/a><\/p>\n<p>Las <strong>cinco alas ligeras de acero del museo son parte del sistema de ventilaci\u00f3n natural<\/strong>. Las <strong>rejillas de ventilaci\u00f3n se abren en la parte superior de las torres<\/strong>, aprovechando la presi\u00f3n negativa en el lado de sotavento del perfil para <strong>extraer el aire caliente del atrio<\/strong>, con la ayuda del efecto t\u00e9rmico de la acumulaci\u00f3n de calor en las puntas de las alas. El <strong>aire que se ha enfriado <\/strong>de forma natural a trav\u00e9s de <strong>tuber\u00edas enterradas a gran profundidad bajo el suelo del desierto fluye hacia el atrio a trav\u00e9s de un sistema de ventilaci\u00f3n de bajo nivel.<\/strong> Las <strong>alas est\u00e1n acristaladas<\/strong> para canalizar la <strong>luz natural<\/strong> hacia las galer\u00edas situadas debajo, y cada una de ellas se puede ajustar individualmente.<\/p>\n<p><a class=\"js-image-size__link lazy-anchor\" href=\"https:\/\/www.archdaily.cl\/cl\/1036711\/museo-nacional-zayed-foster-plus-partners\/6930631f243c4d5a498763e1-zayed-national-museum-foster-plus-partners-site-and-ground-floor-plan\" rel=\"nofollow noopener\" target=\"_blank\"><img decoding=\"async\" alt=\"Museo Nacional Zayed \/ Foster + Partners - Imagen 34 de 60\" data-nr-picture-id=\"6930631f243c4d5a498763e1\" height=\"427\" itemprop=\"image\" loading=\"lazy\" longdesc=\"https:\/\/www.archdaily.cl\/cl\/1036711\/museo-nacional-zayed-foster-plus-partners\/6930631f243c4d5a498763e1-zayed-national-museum-foster-plus-partners-site-and-ground-floor-plan\" src=\"https:\/\/www.europesays.com\/es\/wp-content\/uploads\/2025\/12\/1550-fp978494-1.jpg\" width=\"640\"\/>Planta &#8211; Sitio y Terreno<\/a><\/p>\n<p>Los <strong>espacios del museo est\u00e1n ubicados dentro de un mont\u00edculo, que tiene paneles texturizados y facetados que son una abstracci\u00f3n de<\/strong> <strong>la topograf\u00eda de los EAU.<\/strong> El mont\u00edculo <strong>a\u00edsla los espacios interiores del calor solar<\/strong>, formando un escudo protector que evita que el calor entre en el edificio. Cuando los visitantes entran en el museo, acceden al luminoso atrio, o Al Liwan, que sirve tanto como espacio de encuentro como de orientaci\u00f3n, y en el que se celebran actuaciones como bailes tradicionales y recitales de poes\u00eda.<\/p>\n<p><a class=\"js-image-size__link lazy-anchor\" href=\"https:\/\/www.archdaily.cl\/cl\/1036711\/museo-nacional-zayed-foster-plus-partners\/69306912243c4d5a49876405-zayed-national-museum-foster-plus-partners-photo\" rel=\"nofollow noopener\" target=\"_blank\"><img decoding=\"async\" alt=\"Museo Nacional Zayed \/ Foster + Partners - Imagen 3 de 60\" data-nr-picture-id=\"69306912243c4d5a49876405\" height=\"427\" itemprop=\"image\" loading=\"lazy\" longdesc=\"https:\/\/www.archdaily.cl\/cl\/1036711\/museo-nacional-zayed-foster-plus-partners\/69306912243c4d5a49876405-zayed-national-museum-foster-plus-partners-photo\" src=\"https:\/\/www.europesays.com\/es\/wp-content\/uploads\/2025\/12\/1765385846_296_zayed-national-museum-foster-plus-partners_25.jpg\" width=\"640\"\/>\u00a9 Nigel Young<\/a><\/p>\n<p>De las seis galer\u00edas permanentes, cuatro galer\u00edas con forma de c\u00e1psula est\u00e1n suspendidas sobre Al Liwan y proporcionan entornos controlados para proteger los delicados objetos expuestos. El <strong>acristalamiento triple laminado de las torres modera la cantidad de luz natural<\/strong> que entra en el vest\u00edbulo y en los espacios de la galer\u00eda. El <strong>acristalamiento incluye una densa capa intermedia de malla<\/strong>, y cada m\u00f3dulo tiene una <strong>claraboya de vidrio electrocr\u00f3mico<\/strong> <strong>que cambia su transparencia en respuesta a los niveles de luz exterior.<\/strong><\/p>\n<p><a class=\"js-image-size__link lazy-anchor\" href=\"https:\/\/www.archdaily.cl\/cl\/1036711\/museo-nacional-zayed-foster-plus-partners\/69306913243c4d5a4987640a-zayed-national-museum-foster-plus-partners-photo\" rel=\"nofollow noopener\" target=\"_blank\"><img decoding=\"async\" alt=\"Museo Nacional Zayed \/ Foster + Partners - Imagen 4 de 60\" data-nr-picture-id=\"69306913243c4d5a4987640a\" height=\"427\" itemprop=\"image\" loading=\"lazy\" longdesc=\"https:\/\/www.archdaily.cl\/cl\/1036711\/museo-nacional-zayed-foster-plus-partners\/69306913243c4d5a4987640a-zayed-national-museum-foster-plus-partners-photo\" src=\"https:\/\/www.europesays.com\/es\/wp-content\/uploads\/2025\/12\/1765385847_187_zayed-national-museum-foster-plus-partners_30.jpg\" width=\"640\"\/>\u00a9 Nigel Young<\/a><\/p>\n<p>\u00abEl Museo Nacional Zayed narra la historia de la creaci\u00f3n de los Emiratos por parte del jeque Zayed y las m\u00faltiples facetas de su legado, incluida su visi\u00f3n de convertir el desierto en un oasis. El edificio en s\u00ed mismo es una expresi\u00f3n de sostenibilidad, con cinco alas aerodin\u00e1micas que forman parte integral del sistema medioambiental, actuando como chimeneas t\u00e9rmicas y atrayendo aire fresco a trav\u00e9s de los espacios p\u00fablicos. Tambi\u00e9n simbolizan el amor del jeque Zayed por el deporte tradicional de la cetrer\u00eda y se han convertido en puntos de referencia en el horizonte de la ciudad\u00bb. Norman Foster | Fundador y Presidente Ejecutivo, Foster + Partners<\/p>\n<p><a class=\"js-image-size__link lazy-anchor\" href=\"https:\/\/www.archdaily.cl\/cl\/1036711\/museo-nacional-zayed-foster-plus-partners\/69306911243c4d5a49876401-zayed-national-museum-foster-plus-partners-photo\" rel=\"nofollow noopener\" target=\"_blank\"><img decoding=\"async\" alt=\"Museo Nacional Zayed \/ Foster + Partners - Fotograf\u00eda interior, Cocina, Vidrio\" data-nr-picture-id=\"69306911243c4d5a49876401\" height=\"427\" itemprop=\"image\" loading=\"lazy\" longdesc=\"https:\/\/www.archdaily.cl\/cl\/1036711\/museo-nacional-zayed-foster-plus-partners\/69306911243c4d5a49876401-zayed-national-museum-foster-plus-partners-photo\" src=\"https:\/\/www.europesays.com\/es\/wp-content\/uploads\/2025\/12\/zayed-national-museum-foster-plus-partners_21.jpg\" width=\"640\"\/>\u00a9 Nigel Young<\/a><a class=\"js-image-size__link lazy-anchor\" href=\"https:\/\/www.archdaily.cl\/cl\/1036711\/museo-nacional-zayed-foster-plus-partners\/69306913d7d6cc58fcb84ce1-zayed-national-museum-foster-plus-partners-photo\" rel=\"nofollow noopener\" target=\"_blank\"><img decoding=\"async\" alt=\"Museo Nacional Zayed \/ Foster + Partners - Imagen 11 de 60\" data-nr-picture-id=\"69306913d7d6cc58fcb84ce1\" height=\"427\" itemprop=\"image\" loading=\"lazy\" longdesc=\"https:\/\/www.archdaily.cl\/cl\/1036711\/museo-nacional-zayed-foster-plus-partners\/69306913d7d6cc58fcb84ce1-zayed-national-museum-foster-plus-partners-photo\" src=\"https:\/\/www.europesays.com\/es\/wp-content\/uploads\/2025\/12\/zayed-national-museum-foster-plus-partners_27.jpg\" width=\"640\"\/>\u00a9 Nigel Young<\/a><\/p>\n<p>Cada una de las <strong>galer\u00edas con forma de c\u00e1psula<\/strong> est\u00e1 dise\u00f1ada para reflejar un tema espec\u00edfico, mientras que los <strong>espacios nodales que las conectan<\/strong> proporcionan informaci\u00f3n contextual que las une. Los visitantes pueden elegir su propio recorrido por las diferentes galer\u00edas y subir al piso superior por una <strong>escalera espiral escult\u00f3rica<\/strong> o por ascensores. En la planta baja, tambi\u00e9n hay dos galer\u00edas permanentes m\u00e1s cerca de las entradas del museo, as\u00ed como un espacio para exposiciones temporales, un restaurante de alta cocina y una cafeter\u00eda.<\/p>\n<p><a class=\"js-image-size__link lazy-anchor\" href=\"https:\/\/www.archdaily.cl\/cl\/1036711\/museo-nacional-zayed-foster-plus-partners\/69306912d7d6cc59e9edbdc5-zayed-national-museum-foster-plus-partners-photo\" rel=\"nofollow noopener\" target=\"_blank\"><img decoding=\"async\" alt=\"Museo Nacional Zayed \/ Foster + Partners - Fotograf\u00eda interior\" data-nr-picture-id=\"69306912d7d6cc59e9edbdc5\" height=\"427\" itemprop=\"image\" loading=\"lazy\" longdesc=\"https:\/\/www.archdaily.cl\/cl\/1036711\/museo-nacional-zayed-foster-plus-partners\/69306912d7d6cc59e9edbdc5-zayed-national-museum-foster-plus-partners-photo\" src=\"https:\/\/www.europesays.com\/es\/wp-content\/uploads\/2025\/12\/zayed-national-museum-foster-plus-partners_7.jpg\" width=\"640\"\/>\u00a9 Nigel Young<\/a><a class=\"js-image-size__link lazy-anchor\" href=\"https:\/\/www.archdaily.cl\/cl\/1036711\/museo-nacional-zayed-foster-plus-partners\/69306912243c4d5a49876406-zayed-national-museum-foster-plus-partners-photo\" rel=\"nofollow noopener\" target=\"_blank\"><img decoding=\"async\" alt=\"Museo Nacional Zayed \/ Foster + Partners - Fotograf\u00eda interior\" data-nr-picture-id=\"69306912243c4d5a49876406\" height=\"427\" itemprop=\"image\" loading=\"lazy\" longdesc=\"https:\/\/www.archdaily.cl\/cl\/1036711\/museo-nacional-zayed-foster-plus-partners\/69306912243c4d5a49876406-zayed-national-museum-foster-plus-partners-photo\" src=\"https:\/\/www.europesays.com\/es\/wp-content\/uploads\/2025\/12\/1765385848_190_zayed-national-museum-foster-plus-partners_12.jpg\" width=\"640\"\/>\u00a9 Nigel Young<\/a><\/p>\n<p>Fuera del edificio del museo, el amor de Jeque Zayed por la naturaleza queda reflejado en el jard\u00edn Al Masar, que conecta el edificio con la costa. <strong>Integrando el paisaje y el patrimonio, el jard\u00edn est\u00e1 concebido como un nuevo activo comunitario<\/strong>, con espacios para socializar, jugar y reflexionar. Tambi\u00e9n se invita a los visitantes a recorrer una ruta sombreada desde el nivel del suelo hasta una plataforma de observaci\u00f3n situada en la cima del mont\u00edculo, en la base de las torres de acero, que ofrece vistas panor\u00e1micas de los alrededores.<\/p>\n<p><a class=\"js-image-size__link lazy-anchor\" href=\"https:\/\/www.archdaily.cl\/cl\/1036711\/museo-nacional-zayed-foster-plus-partners\/69306913d7d6cc58fcb84ce2-zayed-national-museum-foster-plus-partners-photo\" rel=\"nofollow noopener\" target=\"_blank\"><img decoding=\"async\" alt=\"Museo Nacional Zayed \/ Foster + Partners - Fotograf\u00eda interior\" data-nr-picture-id=\"69306913d7d6cc58fcb84ce2\" height=\"427\" itemprop=\"image\" loading=\"lazy\" longdesc=\"https:\/\/www.archdaily.cl\/cl\/1036711\/museo-nacional-zayed-foster-plus-partners\/69306913d7d6cc58fcb84ce2-zayed-national-museum-foster-plus-partners-photo\" src=\"https:\/\/www.europesays.com\/es\/wp-content\/uploads\/2025\/12\/zayed-national-museum-foster-plus-partners_16.jpg\" width=\"640\"\/>\u00a9 Nigel Young<\/a><\/p>\n<p><strong>Los materiales han sido cuidadosamente seleccionados<\/strong> para armonizar con el entorno local y reflejar los edificios hist\u00f3ricos de los siete emiratos, que reflejan el color cambiante de la arena en diferentes lugares. Bas\u00e1ndose en esta tradici\u00f3n, <strong>tanto el exterior como los espacios interiores del museo reflejan el caracter\u00edstico tono blanco c\u00e1lido de la arena<\/strong> que se encuentra en la isla de Saadiyat. El proyecto se ha llevado a cabo en estrecha colaboraci\u00f3n con el Departamento de Cultura y Turismo de Abu Dabi.<\/p>\n<p><a class=\"js-image-size__link lazy-anchor\" href=\"https:\/\/www.archdaily.cl\/cl\/1036711\/museo-nacional-zayed-foster-plus-partners\/6930631f243c4d5a498763e0-zayed-national-museum-foster-plus-partners-2nd-floor-gallery-plan\" rel=\"nofollow noopener\" target=\"_blank\"><img decoding=\"async\" alt=\"Museo Nacional Zayed \/ Foster + Partners - Imagen 35 de 60\" data-nr-picture-id=\"6930631f243c4d5a498763e0\" height=\"427\" itemprop=\"image\" loading=\"lazy\" longdesc=\"https:\/\/www.archdaily.cl\/cl\/1036711\/museo-nacional-zayed-foster-plus-partners\/6930631f243c4d5a498763e0-zayed-national-museum-foster-plus-partners-2nd-floor-gallery-plan\" src=\"https:\/\/www.europesays.com\/es\/wp-content\/uploads\/2025\/12\/1550-fp978495-2.jpg\" width=\"640\"\/>Planta &#8211; 2do nivel &#8211; Galer\u00eda<\/a><\/p>\n<p>\u00abEl Museo Nacional Zayed ofrece un hogar permanente a la historia de nuestra naci\u00f3n. Nuestro museo nacional <strong>sirve para preservar y compartir nuestro pasado, al tiempo que conecta a las generaciones.<\/strong> Es donde nuestros hijos y nietos descubrir\u00e1n los valores que construyeron este pa\u00eds: unidad, humildad, apertura y respeto por el patrimonio. Estos son principios vividos que contin\u00faan gui\u00e1ndonos, y cuando los visitantes de todo el mundo caminan a trav\u00e9s de estas galer\u00edas, obtendr\u00e1n una comprensi\u00f3n m\u00e1s profunda de los Emiratos \u00c1rabes Unidos &#8211; pasado, presente y futuro\u00bb. &#8211; Su Excelencia Mohamed Khalifa Al Mubarak | Presidente del Departamento de Cultura y Turismo de Abu Dhabi<\/p>\n<p><a class=\"js-image-size__link lazy-anchor\" href=\"https:\/\/www.archdaily.cl\/cl\/1036711\/museo-nacional-zayed-foster-plus-partners\/69306911243c4d58ac29fbc2-zayed-national-museum-foster-plus-partners-photo\" rel=\"nofollow noopener\" target=\"_blank\"><img decoding=\"async\" alt=\"Museo Nacional Zayed \/ Foster + Partners - Imagen 28 de 60\" data-nr-picture-id=\"69306911243c4d58ac29fbc2\" height=\"427\" itemprop=\"image\" loading=\"lazy\" longdesc=\"https:\/\/www.archdaily.cl\/cl\/1036711\/museo-nacional-zayed-foster-plus-partners\/69306911243c4d58ac29fbc2-zayed-national-museum-foster-plus-partners-photo\" src=\"https:\/\/www.europesays.com\/es\/wp-content\/uploads\/2025\/12\/zayed-national-museum-foster-plus-partners_15.jpg\" width=\"640\"\/>\u00a9 Nigel Young<\/a><\/p>\n<p>\u00abEste proyecto nos ha permitido abordar, a gran escala, muchas de las cuestiones relacionadas con la arquitectura y el dise\u00f1o sostenible que han sido fundamentales en el trabajo del estudio durante d\u00e9cadas. Ha sido un placer colaborar con partes interesadas tan visionarias, cuyos amplios conocimientos sobre la regi\u00f3n han servido de base para nuestro trabajo\u00bb. Gerard Evenden | Jefe de Estudio, Foster + Partners<\/p>\n<p><a class=\"js-image-size__link lazy-anchor\" href=\"https:\/\/www.archdaily.cl\/cl\/1036711\/museo-nacional-zayed-foster-plus-partners\/69306913d7d6cc59e9edbdc6-zayed-national-museum-foster-plus-partners-photo\" rel=\"nofollow noopener\" target=\"_blank\"><img decoding=\"async\" alt=\"Museo Nacional Zayed \/ Foster + Partners - Fotograf\u00eda exterior\" data-nr-picture-id=\"69306913d7d6cc59e9edbdc6\" height=\"427\" itemprop=\"image\" loading=\"lazy\" longdesc=\"https:\/\/www.archdaily.cl\/cl\/1036711\/museo-nacional-zayed-foster-plus-partners\/69306913d7d6cc59e9edbdc6-zayed-national-museum-foster-plus-partners-photo\" src=\"https:\/\/www.europesays.com\/es\/wp-content\/uploads\/2025\/12\/zayed-national-museum-foster-plus-partners_18.jpg\" width=\"640\"\/>\u00a9 Nigel Young<\/a><script async src=\"https:\/\/platform.twitter.com\/widgets.js\" charset=\"utf-8\"><\/script><\/p>\n","protected":false},"excerpt":{"rendered":"Courtesy of Zayed National Museum + 55 Compartir Compartir Facebook Twitter Mail Pinterest Whatsapp O https:\/\/www.archdaily.cl\/cl\/1036711\/museo-nacional-zayed-foster-plus-partners Portapapeles \u00abCOPY\u00bb&hellip;\n","protected":false},"author":2,"featured_media":281446,"comment_status":"","ping_status":"","sticky":false,"template":"","format":"standard","meta":{"footnotes":""},"categories":[173],"tags":[26190,801,2968,229,233,231,230,232,234,146,147,25,24,470,32608,23,59318],"class_list":{"0":"post-281445","1":"post","2":"type-post","3":"status-publish","4":"format-standard","5":"has-post-thumbnail","7":"category-arte-y-diseno","8":"tag-abu-dhabi","9":"tag-arquitectura","10":"tag-arquitectura-cultural","11":"tag-arte","12":"tag-arte-y-diseno","13":"tag-arts","14":"tag-arts-and-design","15":"tag-design","16":"tag-diseno","17":"tag-entertainment","18":"tag-entretenimiento","19":"tag-es","20":"tag-espana","21":"tag-museo","22":"tag-museos-y-espacios-de-exhibicion","23":"tag-spain","24":"tag-sustentabilidad"},"share_on_mastodon":{"url":"https:\/\/pubeurope.com\/@es\/115696333705939061","error":""},"_links":{"self":[{"href":"https:\/\/www.europesays.com\/es\/wp-json\/wp\/v2\/posts\/281445","targetHints":{"allow":["GET"]}}],"collection":[{"href":"https:\/\/www.europesays.com\/es\/wp-json\/wp\/v2\/posts"}],"about":[{"href":"https:\/\/www.europesays.com\/es\/wp-json\/wp\/v2\/types\/post"}],"author":[{"embeddable":true,"href":"https:\/\/www.europesays.com\/es\/wp-json\/wp\/v2\/users\/2"}],"replies":[{"embeddable":true,"href":"https:\/\/www.europesays.com\/es\/wp-json\/wp\/v2\/comments?post=281445"}],"version-history":[{"count":0,"href":"https:\/\/www.europesays.com\/es\/wp-json\/wp\/v2\/posts\/281445\/revisions"}],"wp:featuredmedia":[{"embeddable":true,"href":"https:\/\/www.europesays.com\/es\/wp-json\/wp\/v2\/media\/281446"}],"wp:attachment":[{"href":"https:\/\/www.europesays.com\/es\/wp-json\/wp\/v2\/media?parent=281445"}],"wp:term":[{"taxonomy":"category","embeddable":true,"href":"https:\/\/www.europesays.com\/es\/wp-json\/wp\/v2\/categories?post=281445"},{"taxonomy":"post_tag","embeddable":true,"href":"https:\/\/www.europesays.com\/es\/wp-json\/wp\/v2\/tags?post=281445"}],"curies":[{"name":"wp","href":"https:\/\/api.w.org\/{rel}","templated":true}]}}