{"id":281447,"date":"2025-12-10T16:59:09","date_gmt":"2025-12-10T16:59:09","guid":{"rendered":"https:\/\/www.europesays.com\/es\/281447\/"},"modified":"2025-12-10T16:59:09","modified_gmt":"2025-12-10T16:59:09","slug":"el-incomodo-momento-al-tratar-de-enganchar-al-publico-con-una-incognita-ya-resuelta-por-patricia-pardo","status":"publish","type":"post","link":"https:\/\/www.europesays.com\/es\/281447\/","title":{"rendered":"el inc\u00f3modo momento al tratar de enganchar al p\u00fablico con una inc\u00f3gnita ya resuelta por Patricia Pardo"},"content":{"rendered":"\n<p> Como cada jornada, este mi\u00e9rcoles, 10 de diciembre, <a href=\"https:\/\/www.elconfidencial.com\/television\/programas-tv\/2025-10-21\/tiempo-justo-joaquin-prat-supervivientes-allstars_4232216\/\" target=\"_blank\" rel=\"nofollow noopener\"><strong>Joaqu\u00edn Prat <\/strong><\/a>intervino en los minutos finales de<a href=\"https:\/\/www.elconfidencial.com\/television\/programas-tv\/2025-09-29\/vamos-a-ver-patricia-pardo-lequio-telecinco_4218433\/\" target=\"_blank\" rel=\"nofollow noopener\"> Vamos a ver<\/a> con la misi\u00f3n de promocionar el contenido m\u00e1s potente de su programa, El tiempo justo. El presentador siempre conecta con<a href=\"https:\/\/www.elconfidencial.com\/television\/programas-tv\/2025-10-14\/vamos-a-ver-patricia-pardo-bronca-alejandra-rubio_4227994\/\" target=\"_blank\" rel=\"nofollow noopener\"><strong> Patricia Pardo<\/strong><\/a>, su antigua compa\u00f1era, para <strong>cebar ante la audiencia su gran tema, pero en esta ocasi\u00f3n se llev\u00f3 un chasco monumental al descubrir que el programa matinal ya lo hab\u00eda abordado antes. <\/strong>Su cara y el desd\u00e9n con el que se desped\u00eda lo dec\u00eda todo, consiente de tener que abordar horas m\u00e1s tarde un tema ya \u00abmanoseado\u00bb. <\/p>\n<p> \u00ab<strong>Hoy vamos a hablar de la numeros\u00edsima cantidad de espa\u00f1oles que est\u00e1n invirtiendo en Rep\u00fablica Dominicana. <\/strong>\u00bfQu\u00e9 es lo que ofrece el pa\u00eds para ser tan atractivo para los inversores espa\u00f1oles y latinoamericanos?\u00bb, se pregunt\u00f3, emplazando al p\u00fablico a descubrirlo a trav\u00e9s del an\u00e1lisis de su equipo. <\/p>\n<p> \u00bfPero por qu\u00e9 hablaban ahora de este asunto? El motivo no era otro que una cuesti\u00f3n de actualidad, como \u00e9l mismo destapaba acto seguido: \u00ab<strong>El \u00faltimo que ha invertido es un conocid\u00edsimo futbolista espa\u00f1ol<\/strong>\u00ab, sentenciaba, dejando en el aire la duda. <\/p>\n<p> El problema era que a esos espectadores que estaba tratando de atrapar con la inc\u00f3gnita, conoc\u00edan ya la respuesta: <strong>Iker Casillas. <\/strong><strong>Vamos a ver<\/strong><strong> hab\u00eda abordado hac\u00eda escasa media hora esta cuesti\u00f3n<\/strong>, ofreciendo todo tipo de detalles sobre la compra realizada por el exportero del Real Madrid. <\/p>\n<p>                Patricia y Joaqu\u00edn, en &#8216;Vamos a ver&#8217;. (Telecinco)            <\/p>\n<p> A Pardo se le escapaba una media sonrisa, consciente de la metedura de pata. \u00abNos suena un poco, Joaqu\u00edn\u00bb, se limitaba a decir, haci\u00e9ndole ver que ya hab\u00edan abordado el asunto. La cara de este era un poema: \u00ab<strong>Ah, \u00bfya lo hab\u00e9is contado?<\/strong>\u00ab, le preguntaba sin saber muy bien d\u00f3nde meterse, y es que, por si fuera poco, el programa sobreimpresionaba una imagen del propio Iker con la noticia en cuesti\u00f3n. <\/p>\n<p> Aun as\u00ed, Patricia trataba de echarle un capote r\u00e1pidamente: \u00abUn poquito solo, pero seguro que vosotros vais a profundizar m\u00e1s, que tendr\u00e9is todos los detalles. Ma\u00f1ana recogemos lo que cont\u00e9is\u00bb, le dec\u00eda, anim\u00e1ndole, pero poco pod\u00eda hacer ya. El tiempo de conexi\u00f3n se acababa, con <strong>Prat despidi\u00e9ndose con apat\u00eda, dejando patente la frustraci\u00f3n con su equipo por lo sucedido<\/strong>. De haber recibido el aviso, al menos habr\u00eda cebado otro de sus temas del d\u00eda. <\/p>\n<p> Pese a lo llamativo de esta situaci\u00f3n, <strong>lo cierto es que no es la primera vez que se produce entre estos mismos programas que, por sus caracter\u00edsticas, abordan temas muy similares <\/strong>cada d\u00eda. Telecinco enlaza cuatro magacines de corte similar, tres en la ma\u00f1ana (La mirada cr\u00edtica, El programa de AR y Vamos a ver) y uno en la tarde (El tiempo justo), por lo que en numerosas ocasiones terminan pisando temas, personajes y debates. Diferenciarse sea, quiz\u00e1, la clave para mejorar su rendimiento en audiencias. <\/p>\n<p> Como cada jornada, este mi\u00e9rcoles, 10 de diciembre, <a href=\"https:\/\/www.elconfidencial.com\/television\/programas-tv\/2025-10-21\/tiempo-justo-joaquin-prat-supervivientes-allstars_4232216\/\" target=\"_blank\" rel=\"nofollow noopener\"><strong>Joaqu\u00edn Prat <\/strong><\/a>intervino en los minutos finales de<a href=\"https:\/\/www.elconfidencial.com\/television\/programas-tv\/2025-09-29\/vamos-a-ver-patricia-pardo-lequio-telecinco_4218433\/\" target=\"_blank\" rel=\"nofollow noopener\"> Vamos a ver<\/a> con la misi\u00f3n de promocionar el contenido m\u00e1s potente de su programa, El tiempo justo. El presentador siempre conecta con<a href=\"https:\/\/www.elconfidencial.com\/television\/programas-tv\/2025-10-14\/vamos-a-ver-patricia-pardo-bronca-alejandra-rubio_4227994\/\" target=\"_blank\" rel=\"nofollow noopener\"><strong> Patricia Pardo<\/strong><\/a>, su antigua compa\u00f1era, para <strong>cebar ante la audiencia su gran tema, pero en esta ocasi\u00f3n se llev\u00f3 un chasco monumental al descubrir que el programa matinal ya lo hab\u00eda abordado antes. <\/strong>Su cara y el desd\u00e9n con el que se desped\u00eda lo dec\u00eda todo, consiente de tener que abordar horas m\u00e1s tarde un tema ya \u00abmanoseado\u00bb. <\/p>\n","protected":false},"excerpt":{"rendered":"Como cada jornada, este mi\u00e9rcoles, 10 de diciembre, Joaqu\u00edn Prat intervino en los minutos finales de Vamos a&hellip;\n","protected":false},"author":2,"featured_media":281448,"comment_status":"","ping_status":"","sticky":false,"template":"","format":"standard","meta":{"footnotes":""},"categories":[171],"tags":[146,147,25,24,23,214],"class_list":{"0":"post-281447","1":"post","2":"type-post","3":"status-publish","4":"format-standard","5":"has-post-thumbnail","7":"category-tv","8":"tag-entertainment","9":"tag-entretenimiento","10":"tag-es","11":"tag-espana","12":"tag-spain","13":"tag-tv"},"share_on_mastodon":{"url":"https:\/\/pubeurope.com\/@es\/115696341425360692","error":""},"_links":{"self":[{"href":"https:\/\/www.europesays.com\/es\/wp-json\/wp\/v2\/posts\/281447","targetHints":{"allow":["GET"]}}],"collection":[{"href":"https:\/\/www.europesays.com\/es\/wp-json\/wp\/v2\/posts"}],"about":[{"href":"https:\/\/www.europesays.com\/es\/wp-json\/wp\/v2\/types\/post"}],"author":[{"embeddable":true,"href":"https:\/\/www.europesays.com\/es\/wp-json\/wp\/v2\/users\/2"}],"replies":[{"embeddable":true,"href":"https:\/\/www.europesays.com\/es\/wp-json\/wp\/v2\/comments?post=281447"}],"version-history":[{"count":0,"href":"https:\/\/www.europesays.com\/es\/wp-json\/wp\/v2\/posts\/281447\/revisions"}],"wp:featuredmedia":[{"embeddable":true,"href":"https:\/\/www.europesays.com\/es\/wp-json\/wp\/v2\/media\/281448"}],"wp:attachment":[{"href":"https:\/\/www.europesays.com\/es\/wp-json\/wp\/v2\/media?parent=281447"}],"wp:term":[{"taxonomy":"category","embeddable":true,"href":"https:\/\/www.europesays.com\/es\/wp-json\/wp\/v2\/categories?post=281447"},{"taxonomy":"post_tag","embeddable":true,"href":"https:\/\/www.europesays.com\/es\/wp-json\/wp\/v2\/tags?post=281447"}],"curies":[{"name":"wp","href":"https:\/\/api.w.org\/{rel}","templated":true}]}}