{"id":281449,"date":"2025-12-10T17:00:13","date_gmt":"2025-12-10T17:00:13","guid":{"rendered":"https:\/\/www.europesays.com\/es\/281449\/"},"modified":"2025-12-10T17:00:13","modified_gmt":"2025-12-10T17:00:13","slug":"delalma-portada-del-single-proximo-video-y-fechas-www-rafabasa-com","status":"publish","type":"post","link":"https:\/\/www.europesays.com\/es\/281449\/","title":{"rendered":"DELALMA &#8211; Portada del single, Pr\u00f3ximo v\u00eddeo y fechas. &#8211; WWW.RAFABASA.COM"},"content":{"rendered":"<p>\u00a0<\/p>\n<p><strong>DELALMA \u2013 Portada del single, Pr\u00f3ximo v\u00eddeo y fechas.<\/strong><br \/>\n<img fetchpriority=\"high\" decoding=\"async\" src=\"https:\/\/www.europesays.com\/es\/wp-content\/uploads\/2025\/12\/a_traves_single500x267.jpg\" alt=\"DELALMA\" width=\"500\" height=\"267\"\/><\/p>\n<p>Esta es la nota que nos env\u00eda Manuel Seoane:<\/p>\n<p style=\"text-align: center;\" align=\"center\"><strong>DELALMA A TRAV\u00c9S \u2013 SEGUNDO ADELANTO DE DELALMA<\/strong><\/p>\n<p style=\"text-align: left;\" align=\"center\">La banda estrenar\u00e1 el segundo adelanto de su nueva obra el pr\u00f3ximo jueves 18 de diciembre a las 20:00 h (hora ESP). Llevar\u00e1 por t\u00edtulo <strong>DELALMA A TRAV\u00c9S<\/strong> y se presentar\u00e1 en forma de lyric video. Lo podr\u00e9is ver y escuchar en exclusiva en rafabasa.com.<\/p>\n<p style=\"text-align: left;\" align=\"center\">Este nuevo adelanto<strong>, DELALMA,\u00a0 A TRAV\u00c9S,<\/strong> servir\u00e1 adem\u00e1s para presentar a un nuevo artista invitado, quien realiza un fant\u00e1stico dueto junto a uno de los dos vocalistas principales, y que dar\u00e1 voz a un nuevo personaje, de nombre Justo, dentro de la trama sobre la que versa la nueva obra de <strong>DELALMA<\/strong>, que ver\u00e1 la luz el pr\u00f3ximo 20 de febrero de 2026.<\/p>\n<p align=\"center\">Esta es la portada.<\/p>\n<p><img loading=\"lazy\" decoding=\"async\" src=\"https:\/\/www.europesays.com\/es\/wp-content\/uploads\/2025\/12\/a_traves_single.jpg\" alt=\"DELALMA\" width=\"500\" height=\"500\"\/><\/p>\n<p>En el siguiente enlace pod\u00e9is acceder al pre-save del nuevo adelanto &gt; <a href=\"https:\/\/orcd.co\/delalma_delalmaatraves\" target=\"_blank\" rel=\"noopener nofollow\">https:\/\/orcd.co\/delalma_delalmaatraves<\/a><\/p>\n<p><strong>DELALMA <\/strong><a href=\"https:\/\/www.rafabasa.com\/2025\/10\/28\/delalma-estrena-su-video-cosas-por-decir\/\" target=\"_blank\" rel=\"noopener nofollow\">estren\u00f3 su v\u00eddeo \u201cCosas Por Decir<\/a><\/p>\n<p><strong><a href=\"https:\/\/www.rafabasa.com\/2025\/10\/06\/seoane-habla-en-exclusiva-de-su-futuro-entrevista-en-video\/\" target=\"_blank\" rel=\"noopener nofollow\">Recordemos la entrevista con su l\u00edder Seoane.<\/a><\/strong><\/p>\n<p><a href=\"https:\/\/www.rafabasa.com\/2025\/10\/27\/delalma-portadas-sinopsis-y-formatos\/\" target=\"_blank\" rel=\"noopener nofollow\">En esta anterior noticia, pod\u00e9is ver las portadas y formatos<\/a><\/p>\n<p>\u00a0<\/p>\n<p>\u00a0<\/p>\n<p>\u00a0<\/p>\n","protected":false},"excerpt":{"rendered":"\u00a0 DELALMA \u2013 Portada del single, Pr\u00f3ximo v\u00eddeo y fechas. Esta es la nota que nos env\u00eda Manuel&hellip;\n","protected":false},"author":2,"featured_media":281450,"comment_status":"","ping_status":"","sticky":false,"template":"","format":"standard","meta":{"footnotes":""},"categories":[170],"tags":[56003,146,147,25,24,184,185,23],"class_list":{"0":"post-281449","1":"post","2":"type-post","3":"status-publish","4":"format-standard","5":"has-post-thumbnail","7":"category-musica","8":"tag-delalma","9":"tag-entertainment","10":"tag-entretenimiento","11":"tag-es","12":"tag-espana","13":"tag-music","14":"tag-musica","15":"tag-spain"},"share_on_mastodon":{"url":"https:\/\/pubeurope.com\/@es\/115696345558386953","error":""},"_links":{"self":[{"href":"https:\/\/www.europesays.com\/es\/wp-json\/wp\/v2\/posts\/281449","targetHints":{"allow":["GET"]}}],"collection":[{"href":"https:\/\/www.europesays.com\/es\/wp-json\/wp\/v2\/posts"}],"about":[{"href":"https:\/\/www.europesays.com\/es\/wp-json\/wp\/v2\/types\/post"}],"author":[{"embeddable":true,"href":"https:\/\/www.europesays.com\/es\/wp-json\/wp\/v2\/users\/2"}],"replies":[{"embeddable":true,"href":"https:\/\/www.europesays.com\/es\/wp-json\/wp\/v2\/comments?post=281449"}],"version-history":[{"count":0,"href":"https:\/\/www.europesays.com\/es\/wp-json\/wp\/v2\/posts\/281449\/revisions"}],"wp:featuredmedia":[{"embeddable":true,"href":"https:\/\/www.europesays.com\/es\/wp-json\/wp\/v2\/media\/281450"}],"wp:attachment":[{"href":"https:\/\/www.europesays.com\/es\/wp-json\/wp\/v2\/media?parent=281449"}],"wp:term":[{"taxonomy":"category","embeddable":true,"href":"https:\/\/www.europesays.com\/es\/wp-json\/wp\/v2\/categories?post=281449"},{"taxonomy":"post_tag","embeddable":true,"href":"https:\/\/www.europesays.com\/es\/wp-json\/wp\/v2\/tags?post=281449"}],"curies":[{"name":"wp","href":"https:\/\/api.w.org\/{rel}","templated":true}]}}