{"id":281469,"date":"2025-12-10T17:13:07","date_gmt":"2025-12-10T17:13:07","guid":{"rendered":"https:\/\/www.europesays.com\/es\/281469\/"},"modified":"2025-12-10T17:13:07","modified_gmt":"2025-12-10T17:13:07","slug":"lorena-ochoa-ve-posible-medalla-de-oro-en-juegos-olimpicos-de-2028","status":"publish","type":"post","link":"https:\/\/www.europesays.com\/es\/281469\/","title":{"rendered":"Lorena Ochoa ve posible medalla de oro en Juegos Ol\u00edmpicos de 2028"},"content":{"rendered":"<p>El golf mexicano vive uno de los mejores momentos en su historia y, en la rama femenil, <strong>hay representantes en demas\u00eda para so\u00f1ar con una medalla ol\u00edmpica en los pr\u00f3ximos Juegos.<\/strong><\/p>\n<p><strong>Lorena Ochoa, la mejor golfista mexicana en la historia, lo tiene claro. En Los \u00c1ngeles 2028, la delegaci\u00f3n tricolor puede regresar con una presea dorada.<\/strong><\/p>\n<p><strong>\u00abTenemos el talento para ganar torneos internacionales, para ganar medallas de oro en los Ol\u00edmpicos, por supuesto. Si puedes ganar un torneo de la LPGA, como lo ha hecho Gaby L\u00f3pez, eso significa que podemos jugar contra las mejores del mundo, que tiene el ranking para hacerlo, y puede competir por una medalla de oro\u00bb,<\/strong> dijo.<\/p>\n<p><strong>La tapat\u00eda destac\u00f3 los nombres de L\u00f3pez, quien presume tres victorias en el m\u00e1ximo circuito; Mar\u00eda Fassi, que tiene dos participaciones ol\u00edmpicas; e Isabella Fierro, la joven golfista que regresar\u00e1 a la LPGA en la temporada 2026.<\/strong><\/p>\n<p>                    <strong>Lee: <\/strong><a href=\"https:\/\/www.informador.mx\/jalisco\/tienes-negocio-en-zapopan-asi-puedes-solicitar-un-credito-de-hasta-450-mil-pesos-con-tasas-preferenciales-20251209-0114.html\" rel=\"nofollow noopener\" target=\"_blank\"><strong>\u00bfC\u00f3mo solicitar un cr\u00e9dito de hasta 450 mil pesos para tu negocio en Zapopan?<\/strong><\/a> <\/p>\n<p>\u00abFalta un rato para el evento. Lo importante es el camino, la preparaci\u00f3n, la mentalidad. Gaby lo tiene todo; Fassi se encuentra en una etapa donde est\u00e1 mucho m\u00e1s tranquila, muy bien preparada; Isabella Fierro vuelve a la LPGA y eso le dar\u00e1 mucho fogueo. Entonces, ya veremos qui\u00e9n nos representa, pero claro que podemos ganar una medalla, por supuesto\u00bb, concluy\u00f3.<\/p>\n<p><strong>En Los \u00c1ngeles 2028, el prestigioso Riviera Country Club ser\u00e1 el campo donde se lleven a cabo las competencias de golf, ya que para la siguiente edici\u00f3n habr\u00e1 participaci\u00f3n varonil, femenil y mixta. <\/strong>Hasta ahora, L\u00f3pez ha participado en tres justas ol\u00edmpicas, siendo Par\u00eds 2024 su mejor participaci\u00f3n, al terminar en el lugar 29.<\/p>\n<p><strong>*Mantente al d\u00eda con las noticias, \u00fanete a nuestro canal de <\/strong><a href=\"https:\/\/www.whatsapp.com\/channel\/0029VaAf9Pu9hXF1EJ561i03\" target=\"_blank\" rel=\"nofollow noopener\"><strong>WhatsApp<\/strong><\/a><strong>.\u00a0<\/strong><\/p>\n<p>AO<br \/>\u00a0<\/p>\n<p>\n            Temas\n        <\/p>\n","protected":false},"excerpt":{"rendered":"El golf mexicano vive uno de los mejores momentos en su historia y, en la rama femenil, hay&hellip;\n","protected":false},"author":2,"featured_media":281470,"comment_status":"","ping_status":"","sticky":false,"template":"","format":"standard","meta":{"footnotes":""},"categories":[275],"tags":[313,168,25,24,329,11730,10409,23,167],"class_list":{"0":"post-281469","1":"post","2":"type-post","3":"status-publish","4":"format-standard","5":"has-post-thumbnail","7":"category-golf","8":"tag-ciclismo","9":"tag-deportes","10":"tag-es","11":"tag-espana","12":"tag-golf","13":"tag-isaac-del-toro","14":"tag-juegos-olimpicos","15":"tag-spain","16":"tag-sports"},"share_on_mastodon":{"url":"https:\/\/pubeurope.com\/@es\/115696396310093264","error":""},"_links":{"self":[{"href":"https:\/\/www.europesays.com\/es\/wp-json\/wp\/v2\/posts\/281469","targetHints":{"allow":["GET"]}}],"collection":[{"href":"https:\/\/www.europesays.com\/es\/wp-json\/wp\/v2\/posts"}],"about":[{"href":"https:\/\/www.europesays.com\/es\/wp-json\/wp\/v2\/types\/post"}],"author":[{"embeddable":true,"href":"https:\/\/www.europesays.com\/es\/wp-json\/wp\/v2\/users\/2"}],"replies":[{"embeddable":true,"href":"https:\/\/www.europesays.com\/es\/wp-json\/wp\/v2\/comments?post=281469"}],"version-history":[{"count":0,"href":"https:\/\/www.europesays.com\/es\/wp-json\/wp\/v2\/posts\/281469\/revisions"}],"wp:featuredmedia":[{"embeddable":true,"href":"https:\/\/www.europesays.com\/es\/wp-json\/wp\/v2\/media\/281470"}],"wp:attachment":[{"href":"https:\/\/www.europesays.com\/es\/wp-json\/wp\/v2\/media?parent=281469"}],"wp:term":[{"taxonomy":"category","embeddable":true,"href":"https:\/\/www.europesays.com\/es\/wp-json\/wp\/v2\/categories?post=281469"},{"taxonomy":"post_tag","embeddable":true,"href":"https:\/\/www.europesays.com\/es\/wp-json\/wp\/v2\/tags?post=281469"}],"curies":[{"name":"wp","href":"https:\/\/api.w.org\/{rel}","templated":true}]}}