{"id":281475,"date":"2025-12-10T17:17:09","date_gmt":"2025-12-10T17:17:09","guid":{"rendered":"https:\/\/www.europesays.com\/es\/281475\/"},"modified":"2025-12-10T17:17:09","modified_gmt":"2025-12-10T17:17:09","slug":"pablo-laso-nuevo-entrenador-del-anadolu-efes-baloncesto-deportes","status":"publish","type":"post","link":"https:\/\/www.europesays.com\/es\/281475\/","title":{"rendered":"Pablo Laso, nuevo entrenador del Anadolu Efes | Baloncesto | Deportes"},"content":{"rendered":"<p class=\"\">La Euroliga se ha convertido en una jungla que devora entrenadores. En menos de una semana, Igor Kokoskov perdi\u00f3 su puesto de trabajo al frente del Anadolu Efes, Ettore Messina cedi\u00f3 el asiento en el banquillo del Olimpia Milano y <a href=\"\" rel=\"\" title=\"\">Zeljko Obradovic <\/a>dijo basta en el Partiz\u00e1n de Belgrado despu\u00e9s de siete derrotas en las \u00faltimas ocho jornadas de la competici\u00f3n europea. Tres nombres ilustres en el paro cuando no se ha llegado ni siquiera al ecuador de la fase regular de una competici\u00f3n feroz por el alto nivel de los equipos y el aumento este curso a 20 conjuntos. Un calendario asfixiante que no concede un respiro para preparar los encuentros y la alta exigencia en las grandes entidades provoca que una mala racha ponga en tela de juicio a los t\u00e9cnicos. Y la oleada de despidos o renuncias ha abierto el baile. Unos salen y otros entran, y en esa rotaci\u00f3n es <a href=\"https:\/\/elpais.com\/deportes\/baloncesto\/2025-08-08\/el-baskonia-destituye-a-pablo-laso-tras-un-ano-en-el-banquillo-azulgrana.html\" target=\"_self\" rel=\"nofollow noopener\" title=\"https:\/\/elpais.com\/deportes\/baloncesto\/2025-08-08\/el-baskonia-destituye-a-pablo-laso-tras-un-ano-en-el-banquillo-azulgrana.html\">Pablo Laso <\/a>quien vuelve al ruedo, nuevo entrenador del Anadolu Efes.<\/p>\n<p class=\"\">El entrenador vitoriano de 58 a\u00f1os ha firmado un contrato con el club de Estambul por lo que resta de temporada y otra m\u00e1s. El Efes es cuarto en su liga dom\u00e9stica por detr\u00e1s del Besiktas, Fenerbah\u00e7e y Bahcesehir, y 17\u00ba clasificado entre 20 equipos en la Euroliga con cinco victorias y nueve derrotas en 14 jornadas, solo por delante de Asvel, Maccabi y Bayern. Para Laso es el cuarto conjunto al que dirige en la m\u00e1xima competici\u00f3n europea despu\u00e9s de su etapa en el Real Madrid (2011-2022, con 22 t\u00edtulos, entre ellos las Copas de Europa de 2015 y 2018), el Bayern M\u00fanich (2023-24) y el Baskonia (2024-25). <\/p>\n<p class=\"\">Tras la gloriosa etapa en el Madrid, cerrada de manera abrupta cuando el club prescindi\u00f3 de sus servicios tras sufrir un infarto de coraz\u00f3n, y de un curso sin equipo, Laso tom\u00f3 las riendas del Bayern M\u00fanich. El t\u00e9cnico coron\u00f3 al equipo alem\u00e1n en el escenario dom\u00e9stico, campe\u00f3n de Liga y Copa, pero se qued\u00f3 fuera de las eliminatorias <a href=\"https:\/\/elpais.com\/deportes\/baloncesto\/2025-12-04\/jornada-14-de-la-euroliga-horarios-resultados-y-clasificacion.html\" target=\"_self\" rel=\"nofollow noopener\" title=\"https:\/\/elpais.com\/deportes\/baloncesto\/2025-12-04\/jornada-14-de-la-euroliga-horarios-resultados-y-clasificacion.html\">en la Euroliga<\/a> y el preparador cerr\u00f3 su primera aventura extranjera al final de esa temporada \u201cpor motivos personales\u201d. Poco despu\u00e9s consum\u00f3 su regreso al Baskonia, su casa, all\u00ed donde jug\u00f3 entre 1984 y 1995 y despeg\u00f3 al m\u00e1ximo nivel su carrera como un base con un talento innato para el pase (solo Marcelinho Huertas le supera en la clasificaci\u00f3n hist\u00f3rica de asistencias en la ACB). Pero tampoco con una leyenda como Laso recuper\u00f3 el conjunto vitoriano su versi\u00f3n m\u00e1s competitiva: 14\u00ba en la Euroliga, octavo en la ACB y eliminado en cuartos por el Madrid y fuera de la Copa del Rey. El presidente, Josean Querejeta, tambi\u00e9n cedi\u00f3 al peso de esos resultados y rompi\u00f3 el v\u00ednculo con el t\u00e9cnico a pesar de que le restaban dos campa\u00f1as m\u00e1s de contrato. Laso lament\u00f3 la falta de continuidad cuando \u00e9l consideraba que estaba al frente de un \u201cproyecto\u201d m\u00e1s all\u00e1 del corto plazo.<\/p>\n<p class=\"\">Un curso en M\u00fanich, otro en Baskonia y vuelta al mercado. Despu\u00e9s de estar sobre la mesa de la Federaci\u00f3n Espa\u00f1ola para sustituir a Sergio Scariolo, cargo que desempe\u00f1a <a href=\"https:\/\/elpais.com\/deportes\/baloncesto\/2025-11-24\/chus-mateo-solo-las-victorias-justifican-que-has-trabajado-bien-y-eso-no-es-justo.html\" target=\"_self\" rel=\"nofollow noopener\" title=\"https:\/\/elpais.com\/deportes\/baloncesto\/2025-11-24\/chus-mateo-solo-las-victorias-justifican-que-has-trabajado-bien-y-eso-no-es-justo.html\">ahora Chus Mateo<\/a>, Laso regresa a la \u00e9lite continental al mando del Anadolu Efes. Le espera una Euroliga salvaje.<\/p>\n","protected":false},"excerpt":{"rendered":"La Euroliga se ha convertido en una jungla que devora entrenadores. En menos de una semana, Igor Kokoskov&hellip;\n","protected":false},"author":2,"featured_media":34486,"comment_status":"","ping_status":"","sticky":false,"template":"","format":"standard","meta":{"footnotes":""},"categories":[269],"tags":[63041,299,298,1540,168,68179,25,24,833,8283,17591,10765,23,167],"class_list":{"0":"post-281475","1":"post","2":"type-post","3":"status-publish","4":"format-standard","5":"has-post-thumbnail","7":"category-baloncesto","8":"tag-anadolu-efes","9":"tag-baloncesto","10":"tag-basketball","11":"tag-competiciones","12":"tag-deportes","13":"tag-efes-pilsen","14":"tag-es","15":"tag-espana","16":"tag-euroliga","17":"tag-jugadores-baloncesto","18":"tag-pablo-laso","19":"tag-real-madrid-baloncesto","20":"tag-spain","21":"tag-sports"},"share_on_mastodon":{"url":"","error":""},"_links":{"self":[{"href":"https:\/\/www.europesays.com\/es\/wp-json\/wp\/v2\/posts\/281475","targetHints":{"allow":["GET"]}}],"collection":[{"href":"https:\/\/www.europesays.com\/es\/wp-json\/wp\/v2\/posts"}],"about":[{"href":"https:\/\/www.europesays.com\/es\/wp-json\/wp\/v2\/types\/post"}],"author":[{"embeddable":true,"href":"https:\/\/www.europesays.com\/es\/wp-json\/wp\/v2\/users\/2"}],"replies":[{"embeddable":true,"href":"https:\/\/www.europesays.com\/es\/wp-json\/wp\/v2\/comments?post=281475"}],"version-history":[{"count":0,"href":"https:\/\/www.europesays.com\/es\/wp-json\/wp\/v2\/posts\/281475\/revisions"}],"wp:featuredmedia":[{"embeddable":true,"href":"https:\/\/www.europesays.com\/es\/wp-json\/wp\/v2\/media\/34486"}],"wp:attachment":[{"href":"https:\/\/www.europesays.com\/es\/wp-json\/wp\/v2\/media?parent=281475"}],"wp:term":[{"taxonomy":"category","embeddable":true,"href":"https:\/\/www.europesays.com\/es\/wp-json\/wp\/v2\/categories?post=281475"},{"taxonomy":"post_tag","embeddable":true,"href":"https:\/\/www.europesays.com\/es\/wp-json\/wp\/v2\/tags?post=281475"}],"curies":[{"name":"wp","href":"https:\/\/api.w.org\/{rel}","templated":true}]}}