{"id":281476,"date":"2025-12-10T17:18:05","date_gmt":"2025-12-10T17:18:05","guid":{"rendered":"https:\/\/www.europesays.com\/es\/281476\/"},"modified":"2025-12-10T17:18:05","modified_gmt":"2025-12-10T17:18:05","slug":"sow-admite-problemas-de-adaptacion-a-tanto-cambio-de-entrenador-hay-dudas-y-es-normal-al-sevilla-le-cuesta-ganar-en-casa-pero-fuera-tambien","status":"publish","type":"post","link":"https:\/\/www.europesays.com\/es\/281476\/","title":{"rendered":"Sow admite problemas de adaptaci\u00f3n a tanto cambio de entrenador: \u00abHay dudas y es normal, al Sevilla le cuesta ganar en casa, pero fuera tambi\u00e9n\u00bb"},"content":{"rendered":"<p>El internacional suizo admite que tanto su rendimiento como el del resto de sus compa\u00f1eros est\u00e1 muy por debajo de lo esperado pero, aunque deja claro que el vestuario est\u00e1 \u00abal cien por cien\u00bb con Mat\u00edas Almeyda<\/p>\n<p class=\"parrafo\">El primer tercio de la temporada 2025\/2026 ha ofrecido una imagen muy irregular del Sevilla FC y la l\u00ednea es directamente extrapolable al plano individual en la figura de Djibril Sow. Tras un largo verano en el que son\u00f3 con fuerza como posible venta para hacer caja, le cost\u00f3 entrar en el once de Mat\u00edas Almeyda y, cuando lo ha conseguido, su rendimiento sigue estando lejos del esperado en un futbolista de su cach\u00e9. En este sentido, el internacional suizo admite que le est\u00e1 costando bastante adaptarse al cambio de entrenador y a los m\u00e9todos del argentino. O, mejor dicho, <strong>expone como atenuante que ha tenido \u00abseis entrenadores\u00bb -con sus seis estilos y cometidos diferentes para \u00e9l- en los poco m\u00e1s de dos a\u00f1os que lleva en el club<\/strong>. <\/p>\n<p><a class=\"elementos-rel-t2\" href=\"https:\/\/www.estadiodeportivo.com\/futbol\/sevilla-fc\/tenso-enganchon-entre-almeyda-cuadra-fernandez-tunel-vestuarios-estas-moviendo-orto-20251208-523001.html\" title=\"El tenso enganch\u00f3n entre Almeyda y Cuadra Fern\u00e1ndez en el t\u00fanel de vestuarios: &quot;Eh, \u00bfme est\u00e1s moviendo el orto?&quot;\" rel=\"nofollow noopener\" target=\"_blank\"><\/p>\n<p class=\"titular titulo-4\">El tenso enganch\u00f3n entre Almeyda y Cuadra Fern\u00e1ndez en el t\u00fanel de vestuarios: \u00abEh, \u00bfme est\u00e1s moviendo el orto?\u00bb<\/p>\n<p><img decoding=\"async\" src=\"https:\/\/www.europesays.com\/es\/wp-content\/uploads\/2025\/12\/0a3b9b91-2422-4db5-baa3-11ff2c16aa7b_320x180.jpeg\" alt=\"El tenso enganch\u00f3n entre Almeyda y Cuadra Fern\u00e1ndez en el t\u00fanel de vestuarios: &quot;Eh, \u00bfme est\u00e1s moviendo el orto?&quot;\"\/><\/a><a class=\"elementos-rel-t2\" href=\"https:\/\/www.estadiodeportivo.com\/futbol\/sevilla-fc\/sanciones-una-segunda-plaga-para-mermar-sevilla-coleccionista-amarillas-cumple-ciclo-por-tercera-vez-jornadas-20251208-523000.html\" title=\"Las sanciones, otra plaga que asola al Sevilla: el coleccionista de amarillas cumple ciclo por tercera vez en 15 jornadas  \" rel=\"nofollow noopener\" target=\"_blank\"><\/p>\n<p class=\"titular titulo-4\">Las sanciones, otra plaga que asola al Sevilla: el coleccionista de amarillas cumple ciclo por tercera vez en 15 jornadas  <\/p>\n<p><img decoding=\"async\" src=\"https:\/\/www.europesays.com\/es\/wp-content\/uploads\/2025\/12\/585bb77e-0f58-4a57-b836-2d125ce4f79b_320x180.jpeg\" alt=\"Las sanciones, otra plaga que asola al Sevilla: el coleccionista de amarillas cumple ciclo por tercera vez en 15 jornadas  \"\/><\/a><a class=\"elementos-rel-t2\" href=\"https:\/\/www.estadiodeportivo.com\/futbol\/sevilla-fc\/inexplicable-obstinacion-akor-adams-veces-fuera-juego-20251207-522985.html\" title=\"La inexplicable obstinaci\u00f3n de Akor Adams: \u00a122 veces en fuera de juego!\" rel=\"nofollow noopener\" target=\"_blank\"><\/p>\n<p class=\"titular titulo-4\">La inexplicable obstinaci\u00f3n de Akor Adams: \u00a122 veces en fuera de juego!<\/p>\n<p><img decoding=\"async\" src=\"https:\/\/www.europesays.com\/es\/wp-content\/uploads\/2025\/12\/6e94246e-6ce6-4ef5-b0ec-d2067bf9d8fa_320x180.jpeg\" alt=\"La inexplicable obstinaci\u00f3n de Akor Adams: \u00a122 veces en fuera de juego!\"\/><\/a><\/p>\n<p class=\"parrafo\">As\u00ed, aunque considera que \u00abel equipo est\u00e1 dando pasos hacia adelante para mejorar\u00bb, <strong>Sow asegura comprender las cr\u00edticas de la afici\u00f3n sevillista: \u00abEs normal que haya dudas, no s\u00f3lo nos est\u00e1 costando ganar en el S\u00e1nchez-Pizju\u00e1n; fuera de casa, tambi\u00e9n\u00bb<\/strong>, ha admitido el centrocampista de 28 a\u00f1os en una comparecencia ante los medios de comunicaci\u00f3n a las puertas del Hospital Infantil Virgen del Roc\u00edo de Sevilla, donde el club ha organizado una de sus cl\u00e1sicas visitas navide\u00f1as en la que han participado directivos y componentes de los primeros equipos masculino y femenino del Sevilla FC. <\/p>\n<p>Sow admite que a\u00fan no se ha adaptado al juego de Almeyda, sexto entrenador en sus dos a\u00f1os en el Sevilla FC<\/p>\n<p class=\"parrafo\">La c\u00e1mara de Juan Jos\u00e9 Ponce para ESTADIO Deportivo ha sido testigo directo de la autocr\u00edtica confesi\u00f3n de Sow, que ha sido preguntado por esos rumores estivales de traspaso, por su decisi\u00f3n de continuar en el Sevilla FC y por la opini\u00f3n que tiene de su propio rendimiento en esta 25\/26. \u00ab<strong>No, no me he visto bien; pero creo que todav\u00eda estamos en ese proceso del cambio de entrenador<\/strong><strong>. (Almeyda) es el sexto entrenador que tengo aqu\u00ed. Siempre que llega un entrenador nuevo tiene diferentes ideas, diferentes posiciones para m\u00ed&#8230; pero yo siempre busco mejorar para ayudar al equipo y ser exigente\u00bb<\/strong>. <\/p>\n<p><img decoding=\"async\" src=\"https:\/\/www.europesays.com\/es\/wp-content\/uploads\/2025\/12\/3d454cb3-7e46-4654-8171-8edce061ceec_800x450.jpeg\" loading=\"lazy\"\/><\/p>\n<p class=\"parrafo\">\u00abS\u00ed, porque creo que siempre es dif\u00edcil cambiar de entrenador, cambiar de posici\u00f3n&#8230; pero yo siempre intento ayudar al equipo. Me da igual d\u00f3nde juegue, siempre intento ayudar\u00bb, ha insistido el mediocentro helv\u00e9tico ante una segunda pregunta con la que los periodistas quer\u00edan cerciorarse de su respuesta y descartar un posible malentendido provocado por las barreras ling\u00fc\u00edsticas. \u00ab<strong>Podemos ver que nos falta todav\u00eda un poco de estabilidad en los partidos, dependemos mucho de los errores, pero creo que en el \u00faltimo partido dimos un paso adelante, con un juego m\u00e1s compacto y m\u00e1s serio<\/strong>. \u00c9ste es el camino\u00bb, ha analizado, con optimismo. <\/p>\n<p>Los malos resultados del Sevilla FC en el S\u00e1nchez-Pizju\u00e1n y las cr\u00edticas de la afici\u00f3n<\/p>\n<p class=\"parrafo\">\u00abBueno, no nos cuesta s\u00f3lo en el S\u00e1nchez-Pizju\u00e1n. Tambi\u00e9n fuera de casa est\u00e1n siendo partidos muy dif\u00edciles. <strong>En este momento nos falta un poco de efectividad arriba. Eso queremos que mejore\u00bb<\/strong>. \u00ab<strong>Creo que cuando uno gana siempre hay dudas, siempre hay cr\u00edticas<\/strong>, pero nosotros tenemos que creer en lo que el m\u00edster nos pide y creer en el camino que estamos haciendo juntos\u00bb, ha opinado, asumiendo el pobre rendimiento del Sevilla FC; siete puntos de 21 en casa, 10 de 24 como visitante y un parcial de 4\/21 en las siete \u00faltimas jornadas. \u00abEl objetivo es buscar la estabilidad, sumar los m\u00e1ximos puntos posibles y no sufrir como el a\u00f1o pasado\u00bb. <\/p>\n<p><img decoding=\"async\" src=\"https:\/\/www.europesays.com\/es\/wp-content\/uploads\/2025\/12\/822a20e2-4e15-4350-aa6e-8a508fbe8e92_800x454.jpeg\" loading=\"lazy\"\/><\/p>\n<p class=\"parrafo\">\u00abS\u00ed (el Oviedo est\u00e1 abajo), pero tambi\u00e9n es un equipo al que no es tan f\u00e1cil ganar. No pierden muchos partidos, casi siempre empatan y para m\u00ed no hay partidos f\u00e1ciles. Claro que tenemos ilusi\u00f3n de ganar. <strong>Es un partido important\u00edsimo. Es una pena que no pudimos sacar los tres puntos en Valencia, pero queremos sacarlos este domingo<\/strong>\u00ab, ha se\u00f1alado Sow, que se ha acordado de <a href=\"https:\/\/www.estadiodeportivo.com\/futbol\/sevilla-fc\/juanlu-protagoniza-una-sesion-con-hasta-siete-bajas-20251210-523208.html\" target=\"_blank\" class=\"intext-link\" rel=\"nofollow noopener\">los numerosos lesionados que tiene el Sevilla FC<\/a>: \u00abLlevamos s\u00f3lo dos entrenamientos, tenemos muchos jugadores que espero que puedan recuperarse para el partido del domingo y tenemos una semana muy larga para prepararnos\u00bb.<\/p>\n<p>El enfado de Almeyda con el \u00e1rbitro del Valencia &#8211; Sevilla por la amarilla de Peque: \u00abPara m\u00ed no era tarjeta\u00bb, opina Sow<\/p>\n<p class=\"parrafo\">Adem\u00e1s de los numerosos lesionados, Peque e Isaac Romero tampoco estar\u00e1n ante el Real Oviedo por sanci\u00f3n. <strong>\u00abNo, no lo he visto\u00bb, ha respondido con cara de sorpresa Sow al ser preguntado por el <a href=\"https:\/\/www.estadiodeportivo.com\/futbol\/sevilla-fc\/tenso-enganchon-entre-almeyda-cuadra-fernandez-tunel-vestuarios-estas-moviendo-orto-20251208-523001.html\" target=\"_blank\" class=\"intext-link\" rel=\"nofollow noopener\">vehemente enfado de Mat\u00edas Almeyda con Cuadra Fern\u00e1ndez<\/a>, \u00e1rbitro del Valencia &#8211; Sevilla, a cuenta de una rigurosa amarilla al ex del Racing<\/strong>, que adem\u00e1s acarrea sanci\u00f3n. \u00abBueno, la amarilla de Peque para m\u00ed no era, pero eso ya es pasado. No lo vi la situaci\u00f3n del m\u00edster\u00bb, ha a\u00f1adido el internacional suizo, quien en cualquier caso ha querido dejar muy claro que <strong>el vestuario del Sevilla FC est\u00e1 con el m\u00edster al cien por cien: \u00abS\u00ed, s\u00ed, claro que s\u00ed\u00bb.<\/strong> <\/p>\n","protected":false},"excerpt":{"rendered":"El internacional suizo admite que tanto su rendimiento como el del resto de sus compa\u00f1eros est\u00e1 muy por&hellip;\n","protected":false},"author":2,"featured_media":281477,"comment_status":"","ping_status":"","sticky":false,"template":"","format":"standard","meta":{"footnotes":""},"categories":[268],"tags":[168,68180,25,24,284,280,282,2991,1945,2993,281,23,167],"class_list":{"0":"post-281476","1":"post","2":"type-post","3":"status-publish","4":"format-standard","5":"has-post-thumbnail","7":"category-futbol","8":"tag-deportes","9":"tag-djibril-sow","10":"tag-es","11":"tag-espana","12":"tag-estadio-deportivo","13":"tag-football","14":"tag-futbol","15":"tag-matias-almeyda","16":"tag-primera-division","17":"tag-sevilla-futbol-club","18":"tag-soccer","19":"tag-spain","20":"tag-sports"},"share_on_mastodon":{"url":"https:\/\/pubeurope.com\/@es\/115696417074749237","error":""},"_links":{"self":[{"href":"https:\/\/www.europesays.com\/es\/wp-json\/wp\/v2\/posts\/281476","targetHints":{"allow":["GET"]}}],"collection":[{"href":"https:\/\/www.europesays.com\/es\/wp-json\/wp\/v2\/posts"}],"about":[{"href":"https:\/\/www.europesays.com\/es\/wp-json\/wp\/v2\/types\/post"}],"author":[{"embeddable":true,"href":"https:\/\/www.europesays.com\/es\/wp-json\/wp\/v2\/users\/2"}],"replies":[{"embeddable":true,"href":"https:\/\/www.europesays.com\/es\/wp-json\/wp\/v2\/comments?post=281476"}],"version-history":[{"count":0,"href":"https:\/\/www.europesays.com\/es\/wp-json\/wp\/v2\/posts\/281476\/revisions"}],"wp:featuredmedia":[{"embeddable":true,"href":"https:\/\/www.europesays.com\/es\/wp-json\/wp\/v2\/media\/281477"}],"wp:attachment":[{"href":"https:\/\/www.europesays.com\/es\/wp-json\/wp\/v2\/media?parent=281476"}],"wp:term":[{"taxonomy":"category","embeddable":true,"href":"https:\/\/www.europesays.com\/es\/wp-json\/wp\/v2\/categories?post=281476"},{"taxonomy":"post_tag","embeddable":true,"href":"https:\/\/www.europesays.com\/es\/wp-json\/wp\/v2\/tags?post=281476"}],"curies":[{"name":"wp","href":"https:\/\/api.w.org\/{rel}","templated":true}]}}