{"id":281478,"date":"2025-12-10T17:19:12","date_gmt":"2025-12-10T17:19:12","guid":{"rendered":"https:\/\/www.europesays.com\/es\/281478\/"},"modified":"2025-12-10T17:19:12","modified_gmt":"2025-12-10T17:19:12","slug":"el-2025-termina-con-una-cascada-de-anuncios-de-embarazos","status":"publish","type":"post","link":"https:\/\/www.europesays.com\/es\/281478\/","title":{"rendered":"El 2025 termina con una cascada de anuncios de embarazos"},"content":{"rendered":"<p class=\"v-mdl-ath__p v-mdl-ath__p--6\">\nMi\u00e9rcoles, 10 de diciembre 2025, 13:43<\/p>\n<p class=\"v-p\">La recta final de este 2025 se est\u00e1 llenando de buenas noticias con varias parejas de famosos anunciando embarazo. Ana Boyer y Fernando Verdasco ocupan esta semana la portada de \u00a1Hola! para contar que est\u00e1n esperando su cuarto hijo. Despu\u00e9s de Miguel, Mateo y Mart\u00edn, les har\u00eda \u00abilusi\u00f3n\u00bb que fuese una ni\u00f1a, aunque lo importante es que tenga salud: \u00abSi son cuatro chicos, nosotros felices, mientras est\u00e9n sanos, que es lo m\u00e1s importante\u00bb, ha dicho la peque\u00f1a de los Preysler. La primera en saberlo, despu\u00e9s de los entusiasmados pap\u00e1s, la abuela materna, Isabel Preysler. \u00abLo que m\u00e1s le gusta del mundo es pasar tiempo con sus nietos, as\u00ed que estar\u00e1 encantada de tener otro m\u00e1s\u00bb, ha se\u00f1alado Ana. Antes, la familia dar\u00e1 la bienvenida a otro nuevo miembro, el hijo que esperan Enrique Iglesias y Anna Kournikova, tambi\u00e9n el cuarto. <\/p>\n<p class=\"v-p\">En la misma portada, una ventana anuncia que el piloto de F\u00f3rmula 1 Fernando Alonso est\u00e1 <a href=\"https:\/\/www.elcorreo.com\/gente-estilo\/fernando-alonso-padre-primera-vez-periodista-melissa-20251210100842-ntrc.html\" target=\"_blank\" data-voc-vtm-id=\"in-text-traffic\" title=\"esperando su primer hijo\" rel=\"nofollow noopener\">esperando su primer hijo<\/a> con Melissa Jim\u00e9nez, que tiene otros tres de su anterior matrimonio con el futbolista Marc Bartra: Gala, Abril y Max. Siempre discretos, el embarazo ha sido confirmado a la revista \u00a1Hola! por el entorno de la pareja despu\u00e9s de los intensos rumores de las pasadas semanas. La ausencia de Melissa en las \u00faltimas citas de F\u00f3rmula hizo que arreciaran las especulaciones. \u00abQuiere aparcar temporalmente el fren\u00e9tico ritmo de los circuitos, sobre todo ahora, que est\u00e1 en el \u00faltimo trimestre\u00bb, han comentado las personas consultadas por la publicaci\u00f3n. La pareja est\u00e1 muy contenta con la llegada del beb\u00e9 que se espera para el pr\u00f3ximo mes de marzo.<\/p>\n<p class=\"v-p\">En 2024, Fernando ya reconoci\u00f3 p\u00fablicamente su deseo de ser padre: \u00abNo tengo hijos, algo que quiero tener como objetivo personal en los pr\u00f3ximos a\u00f1os, en no demasiados, ojal\u00e1\u00bb. Un sue\u00f1o que cumplir\u00e1 en breve. <\/p>\n<p class=\"v-p\">M\u00e1s all\u00e1 de nuestras fronteras, esta misma semana la actriz Rebel Wilson y la dise\u00f1adora Ramona Agruma han anunciado que est\u00e1n esperando su segundo hijo. \u00abLa noticia m\u00e1s feliz en nuestra familia.\u00a0\u00a1Pronto seremos 4! El beb\u00e9 n\u00famero 2 est\u00e1 en camino\u00bb, public\u00f3 Ramona en sus redes sociales. La pareja tuvo a su primera hija en noviembre de 2022 por gestaci\u00f3n subrogada. Ahora, es Ramona quien est\u00e1 embarazada de dos o tres semanas, seg\u00fan el test de embarazo que han mostrado en Instagram. <\/p>\n<p>Reporta un error<\/p>\n","protected":false},"excerpt":{"rendered":"Mi\u00e9rcoles, 10 de diciembre 2025, 13:43 La recta final de este 2025 se est\u00e1 llenando de buenas noticias&hellip;\n","protected":false},"author":2,"featured_media":281479,"comment_status":"","ping_status":"","sticky":false,"template":"","format":"standard","meta":{"footnotes":""},"categories":[174],"tags":[45,9616,6098,255,27508,146,147,25,24,256,23,4178],"class_list":{"0":"post-281478","1":"post","2":"type-post","3":"status-publish","4":"format-standard","5":"has-post-thumbnail","7":"category-famosos","8":"tag-45","9":"tag-anuncios","10":"tag-cascada","11":"tag-celebrities","12":"tag-embarazos","13":"tag-entertainment","14":"tag-entretenimiento","15":"tag-es","16":"tag-espana","17":"tag-famosos","18":"tag-spain","19":"tag-termina"},"share_on_mastodon":{"url":"https:\/\/pubeurope.com\/@es\/115696419836167560","error":""},"_links":{"self":[{"href":"https:\/\/www.europesays.com\/es\/wp-json\/wp\/v2\/posts\/281478","targetHints":{"allow":["GET"]}}],"collection":[{"href":"https:\/\/www.europesays.com\/es\/wp-json\/wp\/v2\/posts"}],"about":[{"href":"https:\/\/www.europesays.com\/es\/wp-json\/wp\/v2\/types\/post"}],"author":[{"embeddable":true,"href":"https:\/\/www.europesays.com\/es\/wp-json\/wp\/v2\/users\/2"}],"replies":[{"embeddable":true,"href":"https:\/\/www.europesays.com\/es\/wp-json\/wp\/v2\/comments?post=281478"}],"version-history":[{"count":0,"href":"https:\/\/www.europesays.com\/es\/wp-json\/wp\/v2\/posts\/281478\/revisions"}],"wp:featuredmedia":[{"embeddable":true,"href":"https:\/\/www.europesays.com\/es\/wp-json\/wp\/v2\/media\/281479"}],"wp:attachment":[{"href":"https:\/\/www.europesays.com\/es\/wp-json\/wp\/v2\/media?parent=281478"}],"wp:term":[{"taxonomy":"category","embeddable":true,"href":"https:\/\/www.europesays.com\/es\/wp-json\/wp\/v2\/categories?post=281478"},{"taxonomy":"post_tag","embeddable":true,"href":"https:\/\/www.europesays.com\/es\/wp-json\/wp\/v2\/tags?post=281478"}],"curies":[{"name":"wp","href":"https:\/\/api.w.org\/{rel}","templated":true}]}}