{"id":281480,"date":"2025-12-10T17:20:15","date_gmt":"2025-12-10T17:20:15","guid":{"rendered":"https:\/\/www.europesays.com\/es\/281480\/"},"modified":"2025-12-10T17:20:15","modified_gmt":"2025-12-10T17:20:15","slug":"una-exposicion-descubre-la-malaga-que-se-asoma-tras-el-arte-abstracto-de-ankersmit","status":"publish","type":"post","link":"https:\/\/www.europesays.com\/es\/281480\/","title":{"rendered":"Una exposici\u00f3n descubre la M\u00e1laga que se asoma tras el arte abstracto de Ankersmit"},"content":{"rendered":"<p>Se define como pintora abstracta y a\u00f1ade que su principal modelo es el paisaje malague\u00f1o que siempre aparece en el horizonte, el mar. Y un  &#8230; vistazo a su obra lo confirma. No solo por los colores de esta tierra, sino tambi\u00e9n porque el pincel se rebela en su mano y lo figurativo se cuela entre esa abstracci\u00f3n. Ah\u00ed est\u00e1n los reconocibles contornos del Balneario de los Ba\u00f1os del Carmen, a los pies de las olas; los estilizados brazos de las gr\u00faas del puerto o los veleros que el fin de semana regatean a favor del viento en la bah\u00eda. \u00abCada obra refleja un proceso creativo \u00fanico, inspirado en la luz de M\u00e1laga y los paisajes emocionales\u00bb, confiesa Marta Ruiz Ankersmit, que este mi\u00e9rcoles inaugura su nueva exposici\u00f3n individual en la Casa Hermandad del Sepulcro (calle Alcazabilla, 5; 19, 30 horas).<\/p>\n<p><img decoding=\"async\" loading=\"lazy\" src=\"https:\/\/s1.ppllstatics.com\/diariosur\/www\/multimedia\/2025\/12\/10\/WhatsApp%20Image%202025-12-10%20at%2012.16.12-U76114847247DxQ-650x455@Diario%20Sur.jpeg\" class=\"v-a-img\" width=\"650\" height=\"455\" alt=\"El Balneario de los Ba\u00f1os del Carmen asoma en los paisajes abstractos de Ankersmit.\" data-voc-vtm-id=\"in-text-traffic\"\/><\/p>\n<p>El Balneario de los Ba\u00f1os del Carmen asoma en los paisajes abstractos de Ankersmit.<\/p>\n<p>SUR<\/p>\n<p><img loading=\"lazy\" decoding=\"async\" src=\"https:\/\/s1.ppllstatics.com\/diariosur\/www\/multimedia\/2025\/12\/10\/WhatsApp%20Image%202025-12-10%20at%2012.16.12-U76114847247DxQ-650x455@Diario%20Sur.jpeg\" class=\"v-mdl__img-z\" width=\"650\" height=\"455\" alt=\"\"\/><\/p>\n<p class=\"v-p\">Una treintena de obras componen esta muestra que exhibe hasta el pr\u00f3ximo 31 de diciembre tanto la trayectoria como la producci\u00f3n m\u00e1s reciente de la pintora malague\u00f1a, cuya obra se inspira en la \u00abluz y los colores de M\u00e1laga\u00bb, a la vez que explora \u00abtexturas y combinaciones que fusionan tradici\u00f3n con modernidad\u00bb. El recorrido expositivo descubre adem\u00e1s otros paisajes de ultramar que tambi\u00e9n le han influido sobremanera, como la ambientaci\u00f3n japonesa de algunas de sus piezas en las que el dorado, las garzas y el bamb\u00fa toman el protagonismo, o la selva, en la que el relieve de los materiales dan sensaci\u00f3n de adentrarnos en la espesura. <\/p>\n<p class=\"v-p\">\u00abTransformar espacios y conectar a trav\u00e9s del arte\u00bb son las l\u00edneas argumentales de la producci\u00f3n de Ankersmit, cuya obra es apreciada por coleccionistas y se exhibe en espacios p\u00fablicos, como los hoteles Barcel\u00f3 Occidental Puerto Ban\u00fas y Only You de M\u00e1laga, y los restaurantes Mar de Verum -donde exhibi\u00f3 sus primeras obras- y Araboka, en la capital. Piezas que no ocultan que su principal fuente de creaci\u00f3n es el mar y el paisaje que le rodea, como tambi\u00e9n exhibe la muestra.<\/p>\n<p class=\"v-p\">\u00abAunque mi pintura sea fundamentalmente abstracta, algunas l\u00edneas delatan que mi gran inspiraci\u00f3n es M\u00e1laga, que para mi es la parte m\u00e1s importante de la exposici\u00f3n\u00bb, explica a SUR Marta Ankersmit, que confiesa que sus piezas preferidas son las que atrapan la Caleta, los Ba\u00f1os del Carmen y el Muelle Uno, en las que el mar, por supuesto, est\u00e1 muy presente. Aunque la mayor parte son acr\u00edlico sobre lienzo, en este apartado tambi\u00e9n se incluyen tres piezas realizadas sobre cer\u00e1mica, entre las que destaca una obra, a medio camino entre la pintura y el relieve, en el que se asoma el conocido Palmeral de las sorpresas y la Alcazaba, observados desde ese mar sin el que la obra de esta artista no se entender\u00eda.<\/p>\n","protected":false},"excerpt":{"rendered":"Se define como pintora abstracta y a\u00f1ade que su principal modelo es el paisaje malague\u00f1o que siempre aparece&hellip;\n","protected":false},"author":2,"featured_media":281481,"comment_status":"","ping_status":"","sticky":false,"template":"","format":"standard","meta":{"footnotes":""},"categories":[173],"tags":[68181,68182,229,233,231,230,23324,16443,232,234,146,147,25,24,2003,3855,23,575],"class_list":{"0":"post-281480","1":"post","2":"type-post","3":"status-publish","4":"format-standard","5":"has-post-thumbnail","7":"category-arte-y-diseno","8":"tag-abstracto","9":"tag-ankersmit","10":"tag-arte","11":"tag-arte-y-diseno","12":"tag-arts","13":"tag-arts-and-design","14":"tag-asoma","15":"tag-descubre","16":"tag-design","17":"tag-diseno","18":"tag-entertainment","19":"tag-entretenimiento","20":"tag-es","21":"tag-espana","22":"tag-exposicion","23":"tag-malaga","24":"tag-spain","25":"tag-tras"},"share_on_mastodon":{"url":"https:\/\/pubeurope.com\/@es\/115696424119019611","error":""},"_links":{"self":[{"href":"https:\/\/www.europesays.com\/es\/wp-json\/wp\/v2\/posts\/281480","targetHints":{"allow":["GET"]}}],"collection":[{"href":"https:\/\/www.europesays.com\/es\/wp-json\/wp\/v2\/posts"}],"about":[{"href":"https:\/\/www.europesays.com\/es\/wp-json\/wp\/v2\/types\/post"}],"author":[{"embeddable":true,"href":"https:\/\/www.europesays.com\/es\/wp-json\/wp\/v2\/users\/2"}],"replies":[{"embeddable":true,"href":"https:\/\/www.europesays.com\/es\/wp-json\/wp\/v2\/comments?post=281480"}],"version-history":[{"count":0,"href":"https:\/\/www.europesays.com\/es\/wp-json\/wp\/v2\/posts\/281480\/revisions"}],"wp:featuredmedia":[{"embeddable":true,"href":"https:\/\/www.europesays.com\/es\/wp-json\/wp\/v2\/media\/281481"}],"wp:attachment":[{"href":"https:\/\/www.europesays.com\/es\/wp-json\/wp\/v2\/media?parent=281480"}],"wp:term":[{"taxonomy":"category","embeddable":true,"href":"https:\/\/www.europesays.com\/es\/wp-json\/wp\/v2\/categories?post=281480"},{"taxonomy":"post_tag","embeddable":true,"href":"https:\/\/www.europesays.com\/es\/wp-json\/wp\/v2\/tags?post=281480"}],"curies":[{"name":"wp","href":"https:\/\/api.w.org\/{rel}","templated":true}]}}