{"id":281511,"date":"2025-12-10T17:43:16","date_gmt":"2025-12-10T17:43:16","guid":{"rendered":"https:\/\/www.europesays.com\/es\/281511\/"},"modified":"2025-12-10T17:43:16","modified_gmt":"2025-12-10T17:43:16","slug":"se-me-conoce-como-restaurador-pero-siempre-he-seguido-pintando","status":"publish","type":"post","link":"https:\/\/www.europesays.com\/es\/281511\/","title":{"rendered":"\u00abSe me conoce como restaurador, pero siempre he seguido pintando\u00bb"},"content":{"rendered":"<p style=\"\">No s\u00f3lo a la restauraci\u00f3n se ha dedicado <strong>Francisco Arquillo<\/strong>, que este a\u00f1o ha sido muy protagonista por su intervenci\u00f3n a la Macarena. El catedr\u00e1tico inaugur\u00f3 este martes en la Casa de los Pinelo, sede de la Real Academia Sevillana de Bellas Artes, una  &#8230; <strong>exposici\u00f3n que repasa su trayectoria en el mundo de la pintura<\/strong>. La muestra hace un recorrido por 18 obras de pr\u00e1cticamente todas las etapas del artista y recoge distintas t\u00e9cnicas, formatos, soportes y motivos.<\/p>\n<p class=\"voc-p\" style=\"\">Durante la presentaci\u00f3n, el propio Arquillo explic\u00f3 que \u00abaunque no se me conozca como pintor, espero que s\u00ed se reconozca que he tenido<strong> una vida intensamente dedicada a la pintura<\/strong>. Ha sido mi compa\u00f1era de viaje permanentemente.  A m\u00ed se me conoce como restaurador, pero siempre he tenido deseos de pintar\u00bb. Tras su formaci\u00f3n acad\u00e9mica en Bellas Artes, Arquillo descubri\u00f3 la conservaci\u00f3n de obras de arte en Madrid y se lanz\u00f3 a ella. \u00abPero yo siempre he seguido pintando. He combinado mi formaci\u00f3n, de t\u00e9cnico, de persona que tiene un rigor cient\u00edfico y sensibilidad art\u00edstica, con la vocaci\u00f3n, que te permite adaptar tus sentimientos y emociones, y manifestar vivencias que de otra manera no puedes hacer\u00bb.<\/p>\n<p class=\"voc-p\" style=\"\">El profesor ha continuado asegurando que \u00abme ha gustado siempre mucho la investigaci\u00f3n. En un cuadro hay un procedimiento pict\u00f3rico, en otro cuadro hay un soporte diferente, una t\u00e9cnica distinta, porque me gusta investigar y buscar cosas nuevas. <strong>Cada cuadro tiene algo distinto<\/strong>\u00bb. Tambi\u00e9n ha se\u00f1alado, y la exposici\u00f3n es buena muestra de ello, que \u00aben cuanto a los conceptos pict\u00f3ricos, yo no me atengo a nada m\u00e1s que a lo que pinto, porque me apetece pintar, y dependiendo del estado an\u00edmico, saldr\u00e1 una cosa o saldr\u00e1 otra. <strong>No pinto para vender<\/strong>, pinto para satisfacer mi deseo de belleza\u00bb.<\/p>\n<p><img decoding=\"async\" loading=\"lazy\" src=\"https:\/\/www.europesays.com\/es\/wp-content\/uploads\/2025\/12\/exposicion-francisco-arquillo (1)-U41773715073MBU-760x427@diario_abc.jpg\" class=\"voc-img\" width=\"760\" height=\"427\" alt=\"Asistentes a la inauguraci\u00f3n de la muestra\" data-voc-vtm-id=\"in-text-traffic\"\/><\/p>\n<p>Asistentes a la inauguraci\u00f3n de la muestra<\/p>\n<p>P. T.<\/p>\n<p class=\"voc-p\" style=\"\">Arquillo<strong> se detuvo en varias de las obras<\/strong> expuestas. Una de ellas, &#8216;Desequilibrio&#8217;: \u00abUstedes ven que hay una balanza donde hay un desequilibrio, porque el arte, para m\u00ed, pesa m\u00e1s que la tecnolog\u00eda\u00bb. Otro es una obra menos convencional que a priori podr\u00eda no entenderse: \u00abAqu\u00ed tenemos un hongo visto al microscopio electr\u00f3nico y aumentado 1.000, 2.000 o 200 veces. Entonces, estas son las ra\u00edces del hongo. Es una interpretaci\u00f3n, el cual se denomina &#8216;Naturaleza invisible&#8217;\u00bb.<\/p>\n<p class=\"voc-p\" style=\"\">Tambi\u00e9n se\u00f1al\u00f3 un cuadro realizado con la t\u00e9cnica del <strong>mosaico titulado &#8216;Recordando a Justiniano&#8217;<\/strong> \u00abque obedece a un ejercicio que hice en R\u00e1vena. Le tengo especial cari\u00f1o y devoci\u00f3n porque por detr\u00e1s aparece una dedicatoria a Esperanzi, R\u00e1vena en 1966. Se lo dediqu\u00e9 a mi mujer\u00bb. La muestra se completa con <strong>paisajes diurnos y nocturnos<\/strong> realizados recientemente en sus viajes por Europa durante sus vacaciones de verano mientras estudiaba, adem\u00e1s de otros en Olvera, as\u00ed como de otras pinturas de distinta \u00edndole que pueden visitarse hasta el pr\u00f3ximo 19 de diciembre y del 12 al 23 de enero en horario de 10.30 a 13.30 de lunes a viernes.<\/p>\n","protected":false},"excerpt":{"rendered":"No s\u00f3lo a la restauraci\u00f3n se ha dedicado Francisco Arquillo, que este a\u00f1o ha sido muy protagonista por&hellip;\n","protected":false},"author":2,"featured_media":281512,"comment_status":"","ping_status":"","sticky":false,"template":"","format":"standard","meta":{"footnotes":""},"categories":[173],"tags":[923,9504,229,233,1968,231,230,1967,11181,232,234,146,147,25,24,18134,4125,68186,68187,9574,20907,369,23],"class_list":{"0":"post-281511","1":"post","2":"type-post","3":"status-publish","4":"format-standard","5":"has-post-thumbnail","7":"category-arte-y-diseno","8":"tag-academia","9":"tag-arquillo","10":"tag-arte","11":"tag-arte-y-diseno","12":"tag-artes","13":"tag-arts","14":"tag-arts-and-design","15":"tag-bellas","16":"tag-conoce","17":"tag-design","18":"tag-diseno","19":"tag-entertainment","20":"tag-entretenimiento","21":"tag-es","22":"tag-espana","23":"tag-expone","24":"tag-obra","25":"tag-pictorica","26":"tag-pintando","27":"tag-restaurador","28":"tag-seguido","29":"tag-siempre","30":"tag-spain"},"share_on_mastodon":{"url":"https:\/\/pubeurope.com\/@es\/115696514222490396","error":""},"_links":{"self":[{"href":"https:\/\/www.europesays.com\/es\/wp-json\/wp\/v2\/posts\/281511","targetHints":{"allow":["GET"]}}],"collection":[{"href":"https:\/\/www.europesays.com\/es\/wp-json\/wp\/v2\/posts"}],"about":[{"href":"https:\/\/www.europesays.com\/es\/wp-json\/wp\/v2\/types\/post"}],"author":[{"embeddable":true,"href":"https:\/\/www.europesays.com\/es\/wp-json\/wp\/v2\/users\/2"}],"replies":[{"embeddable":true,"href":"https:\/\/www.europesays.com\/es\/wp-json\/wp\/v2\/comments?post=281511"}],"version-history":[{"count":0,"href":"https:\/\/www.europesays.com\/es\/wp-json\/wp\/v2\/posts\/281511\/revisions"}],"wp:featuredmedia":[{"embeddable":true,"href":"https:\/\/www.europesays.com\/es\/wp-json\/wp\/v2\/media\/281512"}],"wp:attachment":[{"href":"https:\/\/www.europesays.com\/es\/wp-json\/wp\/v2\/media?parent=281511"}],"wp:term":[{"taxonomy":"category","embeddable":true,"href":"https:\/\/www.europesays.com\/es\/wp-json\/wp\/v2\/categories?post=281511"},{"taxonomy":"post_tag","embeddable":true,"href":"https:\/\/www.europesays.com\/es\/wp-json\/wp\/v2\/tags?post=281511"}],"curies":[{"name":"wp","href":"https:\/\/api.w.org\/{rel}","templated":true}]}}