{"id":281513,"date":"2025-12-10T17:45:17","date_gmt":"2025-12-10T17:45:17","guid":{"rendered":"https:\/\/www.europesays.com\/es\/281513\/"},"modified":"2025-12-10T17:45:17","modified_gmt":"2025-12-10T17:45:17","slug":"islandia-quinto-pais-en-anunciar-su-retirada-de-eurovision-por-permitir-participar-a-israel-musica","status":"publish","type":"post","link":"https:\/\/www.europesays.com\/es\/281513\/","title":{"rendered":"Islandia, quinto pa\u00eds en anunciar su retirada de Eurovisi\u00f3n por permitir participar a Israel | M\u00fasica"},"content":{"rendered":"<p>La televisi\u00f3n p\u00fablica islandesa R\u00daV ha anunciado este mi\u00e9rcoles que se retirar\u00e1 de la pr\u00f3xima edici\u00f3n de Eurovisi\u00f3n despu\u00e9s de que la Uni\u00f3n Europea de Radiodifusi\u00f3n (UER) tomase la decisi\u00f3n de permitir la participaci\u00f3n de Israel, sum\u00e1ndose a otros cuatro pa\u00edses que ya anunciaron su salida por este motivo, Espa\u00f1a, Irlanda, Eslovenia y Pa\u00edses Bajos. <\/p>\n<p>M\u00e1s informaci\u00f3n<\/p>\n<p>En una reuni\u00f3n del Consejo de Direcci\u00f3n, la Corporaci\u00f3n Nacional Islandesa de Radiotelevisi\u00f3n ha decidido no tomar parte en el certamen que se celebrar\u00e1 en Viena, seg\u00fan ha informado en un comunicado. La nota explic\u00f3 que el debate sobre la participaci\u00f3n de la cadena p\u00fablica israel\u00ed KAN en el concurso ha causado \u00abdiscordia\u00bb tanto entre los Estados miembros como entre el p\u00fablico.<\/p>\n<p>En la reuni\u00f3n de la UER la semana pasada en Ginebra, una mayor\u00eda de miembros coincidi\u00f3 en que las enmiendas realizadas a las reglas y de cara a la implementaci\u00f3n del concurso eran satisfactorias y renunciaron por ello a votar sobre la participaci\u00f3n de KAN, record\u00f3 R\u00daV.<\/p>\n<p>Sin embargo, esto no disip\u00f3 las dudas de la radiotelevisi\u00f3n islandesa, debido a la oposici\u00f3n reinante en el pa\u00eds n\u00f3rdico a la participaci\u00f3n en el certamen si no se exclu\u00eda a Israel, agreg\u00f3, lo que llev\u00f3 a la decisi\u00f3n del d\u00eda de hoy.<\/p>\n<p>\u00abEst\u00e1 claro por el debate p\u00fablico en este pa\u00eds y la reacci\u00f3n a la decisi\u00f3n de la UER de la semana pasada que no habr\u00e1 ni alegr\u00eda ni paz si R\u00daV participa en Eurovisi\u00f3n. Es por ello que R\u00daV ha tomado la decisi\u00f3n de informar hoy a la UER de que R\u00daV no participar\u00e1 en Eurovisi\u00f3n el a\u00f1o que viene\u00bb, destac\u00f3 el comunicado.<\/p>\n<p>Eurovisi\u00f3n \u00absiempre ha tenido el objetivo de unir al pueblo island\u00e9s, pero ahora est\u00e1 claro que ese objetivo no se alcanzar\u00e1\u00bb, argument\u00f3 la corporaci\u00f3n. Durante la reuni\u00f3n del Consejo de Direcci\u00f3n de R\u00daV, un grupo de manifestantes con banderas palestinas se congregaron ante el edificio para pedir el boicot a Eurovisi\u00f3n debido a las violaciones de derechos humanos en Gaza.<\/p>\n<p>Con antelaci\u00f3n, 600 m\u00fasicos islandeses hab\u00edan pedido a la corporaci\u00f3n que no participara en el certamen. Tambi\u00e9n el ministro de Cultura island\u00e9s, Logi Einarsson, hab\u00eda declarado el martes que su opini\u00f3n personal era que participar bajo las actuales circunstancias en Eurovisi\u00f3n ser\u00eda \u00abdesafortunado\u00bb.<\/p>\n<p>En una reuni\u00f3n de la asamblea general de la UER celebrada el jueves de la semana pasada en Ginebra, los miembros de la uni\u00f3n, pertenecientes a 68 cadenas p\u00fablicas de radio y televisi\u00f3n de 56 naciones, aceptaron una serie de reformas, que implicaban la permanencia de Israel. Eso provoc\u00f3 la retirada inmediata de Espa\u00f1a, Irlanda, Pa\u00edses Bajos y Eslovenia. <\/p>\n<p><img loading=\"lazy\" decoding=\"async\" src=\"https:\/\/www.europesays.com\/es\/wp-content\/uploads\/2025\/12\/1764931029_856_maxresdefault.jpg\" width=\"16\" height=\"9\"\/><\/p>\n","protected":false},"excerpt":{"rendered":"La televisi\u00f3n p\u00fablica islandesa R\u00daV ha anunciado este mi\u00e9rcoles que se retirar\u00e1 de la pr\u00f3xima edici\u00f3n de Eurovisi\u00f3n&hellip;\n","protected":false},"author":2,"featured_media":281514,"comment_status":"","ping_status":"","sticky":false,"template":"","format":"standard","meta":{"footnotes":""},"categories":[171],"tags":[146,147,25,24,23,214],"class_list":{"0":"post-281513","1":"post","2":"type-post","3":"status-publish","4":"format-standard","5":"has-post-thumbnail","7":"category-tv","8":"tag-entertainment","9":"tag-entretenimiento","10":"tag-es","11":"tag-espana","12":"tag-spain","13":"tag-tv"},"share_on_mastodon":{"url":"https:\/\/pubeurope.com\/@es\/115696522315198194","error":""},"_links":{"self":[{"href":"https:\/\/www.europesays.com\/es\/wp-json\/wp\/v2\/posts\/281513","targetHints":{"allow":["GET"]}}],"collection":[{"href":"https:\/\/www.europesays.com\/es\/wp-json\/wp\/v2\/posts"}],"about":[{"href":"https:\/\/www.europesays.com\/es\/wp-json\/wp\/v2\/types\/post"}],"author":[{"embeddable":true,"href":"https:\/\/www.europesays.com\/es\/wp-json\/wp\/v2\/users\/2"}],"replies":[{"embeddable":true,"href":"https:\/\/www.europesays.com\/es\/wp-json\/wp\/v2\/comments?post=281513"}],"version-history":[{"count":0,"href":"https:\/\/www.europesays.com\/es\/wp-json\/wp\/v2\/posts\/281513\/revisions"}],"wp:featuredmedia":[{"embeddable":true,"href":"https:\/\/www.europesays.com\/es\/wp-json\/wp\/v2\/media\/281514"}],"wp:attachment":[{"href":"https:\/\/www.europesays.com\/es\/wp-json\/wp\/v2\/media?parent=281513"}],"wp:term":[{"taxonomy":"category","embeddable":true,"href":"https:\/\/www.europesays.com\/es\/wp-json\/wp\/v2\/categories?post=281513"},{"taxonomy":"post_tag","embeddable":true,"href":"https:\/\/www.europesays.com\/es\/wp-json\/wp\/v2\/tags?post=281513"}],"curies":[{"name":"wp","href":"https:\/\/api.w.org\/{rel}","templated":true}]}}