{"id":281517,"date":"2025-12-10T17:47:14","date_gmt":"2025-12-10T17:47:14","guid":{"rendered":"https:\/\/www.europesays.com\/es\/281517\/"},"modified":"2025-12-10T17:47:14","modified_gmt":"2025-12-10T17:47:14","slug":"la-odisea-de-christopher-nolan-lanzara-su-prologo-en-cines-este-fin-de-semana-pero-solo-en-ciertas-salas-y-proyecciones","status":"publish","type":"post","link":"https:\/\/www.europesays.com\/es\/281517\/","title":{"rendered":"La Odisea de Christopher Nolan lanzar\u00e1 su pr\u00f3logo en cines este fin de semana, pero solo en ciertas salas y proyecciones"},"content":{"rendered":"<p class=\"c-paragraph\">2026 nos depara muchas grandes pel\u00edculas. Solo en verano, <a href=\"https:\/\/www.hobbyconsolas.com\/hobbycine\/2026-ya-tiene-5-candidatos-taquillazos-veraniegos-que-se-estrenaran-un-lapso-mes-medio_6908063_0.html\" title=\"2026 ya tiene 5 candidatos a taquillazos veraniegos que se estrenar\u00e1n en un lapso de mes y medio\" rel=\"nofollow noopener\" target=\"_blank\">la acumulaci\u00f3n de estrenos de alto perfil da v\u00e9rtigo<\/a>, como coment\u00e1bamos ayer. Entre ellas, hoy nos toca hablar de <a href=\"https:\/\/www.hobbyconsolas.com\/hobbycine\/odisea-christopher-nolan-presenta-nuevas-imagenes-lujoso-elenco-liderado-por-matt-damon_6900579_0.html\" title=\"La Odisea de Christopher Nolan presenta nuevas im\u00e1genes del lujoso elenco liderado por Matt Damon\" rel=\"nofollow noopener\" target=\"_blank\">La Odisea<\/a>, el regreso a la gran pantalla de <a href=\"https:\/\/www.hobbyconsolas.com\/reportajes\/10-mejores-peliculas-dirigidas-christopher-nolan-supera-todas-1129613\" rel=\"nofollow noopener\" target=\"_blank\">Christopher Nolan<\/a> tras coronarse con <a href=\"https:\/\/www.hobbyconsolas.com\/reviews\/critica-oppenheimer-nolan-abruma-conmociona-aterra-partes-iguales-1276648\" rel=\"nofollow noopener\" target=\"_blank\">Oppenheimer <\/a>en 2023.<\/p>\n<p class=\"c-paragraph\">El director brit\u00e1nico se embarca en la adaptaci\u00f3n del poema \u00e9pico de Homero que narra el largo viaje de Odiseo de regreso a su hogar en \u00cdtaca tras una d\u00e9cada de guerra en Troya. Es un viaje largo y conflictivo que ha alimentado la mitolog\u00eda griega desde hace milenios.<\/p>\n<p>SkyShowtime por 4,99 euros al mes<\/p>\n<p><img decoding=\"async\" loading=\"lazy\" alt=\"SkyShowtime\" width=\"640\" height=\"616\" src=\"https:\/\/www.europesays.com\/es\/wp-content\/uploads\/2025\/12\/1765369450_709_691acc765aaa0.jpeg\"\/><\/p>\n<p class=\"c-passport__description\">Esta plataforma de streaming ha rebajado sus precios de forma temporal, con un inmenso cat\u00e1logo plagado de joyas como la franquicia Yellowstone.<\/p>\n<p class=\"c-paragraph\">Un elenco estelar liderado por <b>Matt Damon<\/b> da forma a esta pel\u00edcula. Entre las estrellas destacadas tenemos a <b>Tom Holland, Robert Pattinson, Anne Hathaway, Zendaya, Charlize Theron, Lupita Nyong&#8217;o, Jon Bernthal, Ben Safdie, John Leguizamo y Elliot Page<\/b>.<\/p>\n<p class=\"c-paragraph\">La Odisea comenz\u00f3 su promoci\u00f3n en verano, con un teaser que se proyect\u00f3 en salas <a href=\"https:\/\/www.hobbyconsolas.com\/reportajes\/imax-formato-apasiona-directores-como-christopher-nolan-denis-villeneuve-1475652\" rel=\"nofollow noopener\" target=\"_blank\">IMAX <\/a>antes de <a href=\"https:\/\/www.hobbyconsolas.com\/reviews\/critica-superman-pelicula-james-gunn-propone-edificar-nuevo-universo-dc-1472018\" rel=\"nofollow noopener\" target=\"_blank\">Superman <\/a>y <a href=\"https:\/\/www.hobbyconsolas.com\/reviews\/critica-jurassic-world-renacer-gareth-edwards-presenta-aventura-nuevos-personajes-1470017\" rel=\"nofollow noopener\" target=\"_blank\">Jurassic World: El renacer<\/a>. Casi al mismo tiempo, una primera tanda de entradas para ver la pel\u00edcula de Christopher Nolan se puso a la venta y se agot\u00f3 a un a\u00f1o vista del estreno. Tal es la expectaci\u00f3n por ver esta cinta.<\/p>\n<p>La Odisea apuesta por un formato promocional diferente<\/p>\n<p class=\"c-paragraph\">Pues esta singular promoci\u00f3n continuar\u00e1 este fin de semana en las proyecciones en salas IMAX de <a href=\"https:\/\/www.hobbyconsolas.com\/reviews\/critica-pecadores-ryan-coogler-rueda-abierto-amanecer-1455086\" rel=\"nofollow noopener\" target=\"_blank\">Los pecadores<\/a> y <a href=\"https:\/\/www.hobbyconsolas.com\/reviews\/critica-batalla-otra-adaptacion-thomas-pynchon-paul-thomas-anderson-leonardo-dicaprio-1485259\" rel=\"nofollow noopener\" target=\"_blank\">Una batalla tras otra<\/a>. Ambas pel\u00edculas regresan para un reestreno limitado de una semana y, aprovechando la tesitura, <b>Universal Pictures<\/b> proyectar\u00e1 un pr\u00f3logo de La Odisea de seis minutos de duraci\u00f3n.<\/p>\n<p class=\"c-paragraph\">Est\u00e1 claro que Christopher Nolan se est\u00e1 volcando con el apoyo recibido por parte de IMAX, un formato en el que se ha filmado por completo La Odisea. Como defensor de la experiencia cinematogr\u00e1fica, el director incluso limita muchos de estos actos promocionales a ese tipo de salas.<\/p>\n<p class=\"c-paragraph\">Adem\u00e1s, seg\u00fan informa <a href=\"https:\/\/screenrant.com\/the-odyssey-christopher-nolan-6-minute-prologue-imax-theaters\/\" rel=\"nofollow noreferrer noopener\" target=\"_blank\">Screen Rant<\/a>, el tr\u00e1iler de La Odisea est\u00e1 al caer, pues se quiere aprovechar el estreno de <a href=\"https:\/\/www.hobbyconsolas.com\/hobbycine\/avatar-fuego-ceniza-ha-cambiado-raiz-respuesta-publico-sentido-agua-admite-james-cameron_6908039_0.html\" title=\"Avatar: Fuego y ceniza ha cambiado a ra\u00edz de la respuesta del p\u00fablico a El sentido del agua, admite James Cameron\" rel=\"nofollow noopener\" target=\"_blank\">Avatar: Fuego y ceniza<\/a> para dar el pistoletazo de salida en ese sentido, entendemos que esta vez en todas las salas.<\/p>\n<p class=\"c-paragraph\">Los visionados de la pel\u00edcula de James Cameron van a ser interesantes, pues Disney tambi\u00e9n prepara lanzar el tr\u00e1iler de <a href=\"https:\/\/www.hobbyconsolas.com\/hobbycine\/marvel-reeditara-un-comic-iron-man-que-servira-como-contexto-para-doctor-muerte-robert-downey-jr-avengers-doomsday_6908537_0.html\" title=\"Marvel reeditar\u00e1 un c\u00f3mic de Iron Man que servir\u00e1 como contexto para el Doctor Muerte de Robert Downey Jr. en Avengers: Doomsday\" rel=\"nofollow noopener\" target=\"_blank\">Avengers: Doomsday<\/a>, as\u00ed que no solo tendr\u00e1s el de <b>La Odisea<\/b> para ir afilando los dientes de cara a 2026.<\/p>\n","protected":false},"excerpt":{"rendered":"2026 nos depara muchas grandes pel\u00edculas. Solo en verano, la acumulaci\u00f3n de estrenos de alto perfil da v\u00e9rtigo,&hellip;\n","protected":false},"author":2,"featured_media":281518,"comment_status":"","ping_status":"","sticky":false,"template":"","format":"standard","meta":{"footnotes":""},"categories":[169],"tags":[16008,177,146,147,25,24,176,43359,175,14202,14201,23,3271],"class_list":{"0":"post-281517","1":"post","2":"type-post","3":"status-publish","4":"format-standard","5":"has-post-thumbnail","7":"category-cine","8":"tag-christopher","9":"tag-cine","10":"tag-entertainment","11":"tag-entretenimiento","12":"tag-es","13":"tag-espana","14":"tag-film","15":"tag-lanzara","16":"tag-movies","17":"tag-nolan","18":"tag-odisea","19":"tag-spain","20":"tag-su"},"share_on_mastodon":{"url":"https:\/\/pubeurope.com\/@es\/115696530224022096","error":""},"_links":{"self":[{"href":"https:\/\/www.europesays.com\/es\/wp-json\/wp\/v2\/posts\/281517","targetHints":{"allow":["GET"]}}],"collection":[{"href":"https:\/\/www.europesays.com\/es\/wp-json\/wp\/v2\/posts"}],"about":[{"href":"https:\/\/www.europesays.com\/es\/wp-json\/wp\/v2\/types\/post"}],"author":[{"embeddable":true,"href":"https:\/\/www.europesays.com\/es\/wp-json\/wp\/v2\/users\/2"}],"replies":[{"embeddable":true,"href":"https:\/\/www.europesays.com\/es\/wp-json\/wp\/v2\/comments?post=281517"}],"version-history":[{"count":0,"href":"https:\/\/www.europesays.com\/es\/wp-json\/wp\/v2\/posts\/281517\/revisions"}],"wp:featuredmedia":[{"embeddable":true,"href":"https:\/\/www.europesays.com\/es\/wp-json\/wp\/v2\/media\/281518"}],"wp:attachment":[{"href":"https:\/\/www.europesays.com\/es\/wp-json\/wp\/v2\/media?parent=281517"}],"wp:term":[{"taxonomy":"category","embeddable":true,"href":"https:\/\/www.europesays.com\/es\/wp-json\/wp\/v2\/categories?post=281517"},{"taxonomy":"post_tag","embeddable":true,"href":"https:\/\/www.europesays.com\/es\/wp-json\/wp\/v2\/tags?post=281517"}],"curies":[{"name":"wp","href":"https:\/\/api.w.org\/{rel}","templated":true}]}}