{"id":281526,"date":"2025-12-10T17:53:09","date_gmt":"2025-12-10T17:53:09","guid":{"rendered":"https:\/\/www.europesays.com\/es\/281526\/"},"modified":"2025-12-10T17:53:09","modified_gmt":"2025-12-10T17:53:09","slug":"america-latina-esta-mas-en-el-radar-de-trump-que-nunca-dw-09-12-2025","status":"publish","type":"post","link":"https:\/\/www.europesays.com\/es\/281526\/","title":{"rendered":"\u00abAm\u00e9rica Latina est\u00e1 m\u00e1s en el radar de Trump que nunca\u00bb \u2013 DW \u2013 09\/12\/2025"},"content":{"rendered":"<p>En su nueva <a class=\"internal-link\" href=\"https:\/\/www.dw.com\/es\/ee-uu-redefine-su-estrategia-de-seguridad-nacional-con-foco-en-am\u00e9rica-latina\/a-75036577\" rel=\"nofollow noopener\" target=\"_blank\">estrategia de seguridad nacional<\/a> y pol\u00edtica exterior, Washington ha plasmado en blanco y negro su postura de cara a <a class=\"internal-link\" href=\"https:\/\/www.dw.com\/es\/am\u00e9rica-latina\/t-17411636\" rel=\"nofollow noopener\" target=\"_blank\">Am\u00e9rica Latina<\/a>.<\/p>\n<p>Si bien muchas de las medidas que el presidente <a class=\"internal-link\" href=\"https:\/\/www.dw.com\/es\/donald-trump\/t-19445010\" rel=\"nofollow noopener\" target=\"_blank\">Donald Trump<\/a> tom\u00f3 en los primeros diez meses de su Gobierno\u00a0anticipaban el tono del documento, la menci\u00f3n expl\u00edcita de las pretensiones hegem\u00f3nicas de <a class=\"internal-link\" href=\"https:\/\/www.dw.com\/es\/estados-unidos\/t-17411942\" rel=\"nofollow noopener\" target=\"_blank\">Estados Unidos<\/a> en Am\u00e9rica agita el tablero latinoamericano.<\/p>\n<p>Aparte de revivir la Doctrina Monroe, de 1823, con la que Washington justific\u00f3 su aspiraci\u00f3n a convertirse en la principal potencia del hemisferio occidental, el Gobierno de Donald Trump expresa su rechazo a cualquier tipo de injerencia por parte de \u00abcompetidores no hemisf\u00e9ricos\u00bb, refiri\u00e9ndose especialmente a <a class=\"internal-link\" href=\"https:\/\/www.dw.com\/es\/china-critica-doctrina-monroe-de-eeuu-y-pide-respeto-por-honduras\/a-65055059\" rel=\"nofollow noopener\" target=\"_blank\">China<\/a>, Rusia e Ir\u00e1n.<\/p>\n<p>El regreso al \u00abpatio trasero\u00bb<\/p>\n<p>\u00abLa estrategia de seguridad de Trump se proyecta sobre un ciclo de m\u00e1s de dos d\u00e9cadas en el que la atenci\u00f3n de Washington hacia Am\u00e9rica Latina fue intermitente. El 11 de septiembre de 2001 marc\u00f3 el quiebre: la agenda estadounidense se concentr\u00f3 casi por completo en Medio Oriente y la regi\u00f3n qued\u00f3 relegada\u00bb, dice Guillermo Garc\u00eda, consejero coordinador del Grupo de Comunicaci\u00f3n y Pol\u00edtica Exterior del Consejo Argentino para las Relaciones Internacionales (CARI).<\/p>\n<p>\u00abGuste o no, Trump es el primer presidente estadounidense que retoma una mirada estrat\u00e9gica hacia el sur del R\u00edo Bravo con un enfoque expl\u00edcito y sostenido\u00bb, apunta Garc\u00eda, en declaraciones a DW.<\/p>\n<p>Militarizaci\u00f3n e intervenci\u00f3n<\/p>\n<p>Tambi\u00e9n Michael Shifter, experto en pol\u00edtica latinoamericana y profesor adjunto en la escuela de estudios internacionales de la Universidad de Georgetown, reconoce que \u00abAm\u00e9rica Latina est\u00e1 m\u00e1s en el radar de Trump que nunca\u00bb.<\/p>\n<p>Sin embargo, hace hincapi\u00e9 en que la estrategia de seguridad del presidente norteamericano -que algunos medios han llegado a bautizar como \u00abDoctrina Donroe\u00bb- \u00abconsiste en gran medida en una mezcla impredecible de instinto, resentimiento y ego\u00bb.<\/p>\n<p>\u00abNo est\u00e1 definida por intereses nacionales o estrat\u00e9gicos, a diferencia de administraciones anteriores, incluyendo el primer Gobierno de Trump\u00bb, sostiene Shifter, expresidente del centro de pensamiento estadounidense Di\u00e1logo Interamericano.<\/p>\n<p>En entrevista con DW, el acad\u00e9mico resume las consecuencias m\u00e1s palpables de la estrategia de seguridad para la regi\u00f3n: una creciente \u00abmilitarizaci\u00f3n y la <a class=\"internal-link\" href=\"https:\/\/www.dw.com\/es\/as\u00ed-influye-trump-en-la-estrategia-opositora-de-am\u00e9rica-latina\/a-73385404\" rel=\"nofollow noopener\" target=\"_blank\">intervenci\u00f3n<\/a> en procesos nacionales electorales o judiciales, como ha sido evidente en los casos de Brasil,\u00a0Argentina y Honduras\u00bb.\u00a0 \u00a0<\/p>\n<p>Amenazas transfronterizas<\/p>\n<p>Otros temas centrales del documento, publicado el 5 de diciembre de 2025, son la migraci\u00f3n, el crimen organizado y la influencia de poderes extra hemisf\u00e9ricos.<\/p>\n<p>\u00abLa era de la migraci\u00f3n masiva debe terminar. La seguridad fronteriza es el elemento principal de la seguridad nacional. Debemos proteger a nuestro pa\u00eds de la invasi\u00f3n, no solo de la migraci\u00f3n descontrolada, sino tambi\u00e9n de amenazas transfronterizas como el terrorismo, las drogas, el espionaje y la trata de personas\u00bb, reza el texto de la estrategia de seguridad.<\/p>\n<p>\u00abSistema de castigos y premios\u00bb<\/p>\n<p>Para Michael Shifter, es importante se\u00f1alar que, \u00abpor primera vez en muchos a\u00f1os, el concepto de la democracia no aparece en la agenda de Washington para Am\u00e9rica Latina, lo que significa, en la pr\u00e1ctica, \u2018luz verde&#8217; para l\u00edderes m\u00e1s autoritarios\u00bb.<\/p>\n<p>\u00abTrump busca expandir el n\u00famero de socios en la regi\u00f3n\u00bb, prosigue, \u00abpero no a trav\u00e9s de valores e intereses comunes, sino por medio de presi\u00f3n y un sistema de castigos y premios\u00bb. \u00a0<\/p>\n<p>A juicio de Maureen Meyer, vicepresidenta para programas de la Oficina de Washington para Am\u00e9rica Latina (WOLA, por sus siglas en ingl\u00e9s), la \u00abDoctrina Donroe\u00bb\u00a0demuestra que \u00abal Gobierno de Trump no le interesa promover la democracia ni los derechos humanos o trabajar con otros pa\u00edses para enfrentar temas globales, como la pobreza o el cambio clim\u00e1tico\u00bb.<\/p>\n<p>En entrevista con DW, la experta en derechos humanos asegura que \u00absolo actuar\u00e1 basado en lo que afecte y beneficie a los intereses estadounidenses\u00bb.<\/p>\n<p>Asimismo, Meyer teme que Washington retire su apoyo a muchas organizaciones de derechos humanos, periodistas independientes y otros actores que trabajan para fortalecer el Estado de derecho en Am\u00e9rica Latina.<\/p>\n<p><img data-format=\"MASTER_LANDSCAPE\" data-id=\"75080709\" data-url=\"https:\/\/static.dw.com\/image\/75080709_${formatId}.jpg\" data-aspect-ratio=\"16\/9\" alt=\"El documento de la nueva estrategia de seguridad nacional de Estados Unidos. \" style=\"padding-bottom: 56.25%; height: 0; max-height: 0;\"\/>El Gobierno de Donald Trump rechaza la competencia de otras potencias en Am\u00e9rica Latina.Imagen: Jean Pierre Nguyen Van Hai Barbier\/ABACA\/picture alliance<\/p>\n<p>Una respuesta diversa<\/p>\n<p>Debido a la fuerte fragmentaci\u00f3n de la regi\u00f3n, la respuesta de sus pa\u00edses promete ser diversa y \u00abdepender\u00e1 de una serie de factores, como la naturaleza de los l\u00edderes, su orientaci\u00f3n pol\u00edtica, los intereses y capacidades de distintos pa\u00edses, su dependencia de EE. UU. y los v\u00ednculos econ\u00f3micos y pol\u00edticos con otros socios globales\u00bb, observa Michael Shifter. \u00a0<br \/>As\u00ed, por ejemplo, el exportavoz de la Canciller\u00eda argentina Guillermo Garc\u00eda cree que algunos gobiernos de la regi\u00f3n observan con atenci\u00f3n la diplomacia entre Trump y el presidente argentino, <a class=\"internal-link\" href=\"https:\/\/www.dw.com\/es\/milei-el-d\u00f3lar-y-trump-claves-de-una-victoria-inesperada\/a-74518128\" rel=\"nofollow noopener\" target=\"_blank\">Javier Milei<\/a>, para ver \u00absi ese acercamiento se traduce en crecimiento, inversi\u00f3n y mayor previsibilidad; de esos resultados depender\u00e1 en buena medida la reconfiguraci\u00f3n de los alineamientos en el hemisferio\u00bb.<\/p>\n<p>Brasil, por su parte, \u00abcontinuar\u00e1 impulsando los <a class=\"internal-link\" href=\"https:\/\/www.dw.com\/es\/pa\u00edses-brics\/t-17794614\" rel=\"nofollow noopener\" target=\"_blank\">BRICS<\/a> -que hoy incluyen, adem\u00e1s de China y Rusia, a Ir\u00e1n- como instrumento para ampliar su margen de maniobra\u00bb, prosigue el experto del CARI.<\/p>\n<p>Pa\u00edses como M\u00e9xico, en cambio, no parecieran tener muchas opciones que asumir una postura pragm\u00e1tica con Trump, debido a sus profundos lazos con EE. UU.<\/p>\n<p>Puesto que la nueva estrategia de seguridad de Washington define como gobiernos aliados a aquellos que cooperan para \u00abcontrolar la migraci\u00f3n, detener el tr\u00e1fico de drogas y fortalecer la estabilidad y la seguridad en tierra y mar\u00bb, entran en esa categor\u00eda Argentina, El Salvador, la Rep\u00fablica Dominicana, Paraguay, Per\u00fa, Ecuador e incluso Guatemala, se\u00f1ala Maureen Meyer, de WOLA.<\/p>\n<p>Los Gobiernos autoritarios de Cuba, Nicaragua y Venezuela son considerados enemigos. Seg\u00fan la entrevistada, dependiendo de los resultados finales de las elecciones en <a class=\"internal-link\" href=\"https:\/\/www.dw.com\/es\/trump-honduras-y-el-complicado-horizonte-de-centroam\u00e9rica\/a-75079959\" rel=\"nofollow noopener\" target=\"_blank\">Honduras<\/a>, tambi\u00e9n el nuevo Gobierno de ese pa\u00eds podr\u00eda ser considerado enemigo, en caso de que no sea declarado vencedor Nasry Asfura,\u00a0el candidato preferido de Donald Trump.<\/p>\n<p>(ms)<\/p>\n<p>\u00a0<\/p>\n","protected":false},"excerpt":{"rendered":"En su nueva estrategia de seguridad nacional y pol\u00edtica exterior, Washington ha plasmado en blanco y negro su&hellip;\n","protected":false},"author":2,"featured_media":281527,"comment_status":"","ping_status":"","sticky":false,"template":"","format":"standard","meta":{"footnotes":""},"categories":[42],"tags":[17,18,13,14,11,61,62,63,64,19,20,9,10,15,16,12,21,22,65,66,67],"class_list":{"0":"post-281526","1":"post","2":"type-post","3":"status-publish","4":"format-standard","5":"has-post-thumbnail","7":"category-internacional","8":"tag-breaking-news","9":"tag-breakingnews","10":"tag-featured-news","11":"tag-featurednews","12":"tag-headlines","13":"tag-internacional","14":"tag-international","15":"tag-international-news","16":"tag-internationalnews","17":"tag-latest-news","18":"tag-latestnews","19":"tag-news","20":"tag-noticias","21":"tag-noticias-destacadas","22":"tag-noticiasdestacadas","23":"tag-titulares","24":"tag-ultimas-noticias","25":"tag-ultimasnoticias","26":"tag-world","27":"tag-world-news","28":"tag-worldnews"},"share_on_mastodon":{"url":"https:\/\/pubeurope.com\/@es\/115696553443735897","error":""},"_links":{"self":[{"href":"https:\/\/www.europesays.com\/es\/wp-json\/wp\/v2\/posts\/281526","targetHints":{"allow":["GET"]}}],"collection":[{"href":"https:\/\/www.europesays.com\/es\/wp-json\/wp\/v2\/posts"}],"about":[{"href":"https:\/\/www.europesays.com\/es\/wp-json\/wp\/v2\/types\/post"}],"author":[{"embeddable":true,"href":"https:\/\/www.europesays.com\/es\/wp-json\/wp\/v2\/users\/2"}],"replies":[{"embeddable":true,"href":"https:\/\/www.europesays.com\/es\/wp-json\/wp\/v2\/comments?post=281526"}],"version-history":[{"count":0,"href":"https:\/\/www.europesays.com\/es\/wp-json\/wp\/v2\/posts\/281526\/revisions"}],"wp:featuredmedia":[{"embeddable":true,"href":"https:\/\/www.europesays.com\/es\/wp-json\/wp\/v2\/media\/281527"}],"wp:attachment":[{"href":"https:\/\/www.europesays.com\/es\/wp-json\/wp\/v2\/media?parent=281526"}],"wp:term":[{"taxonomy":"category","embeddable":true,"href":"https:\/\/www.europesays.com\/es\/wp-json\/wp\/v2\/categories?post=281526"},{"taxonomy":"post_tag","embeddable":true,"href":"https:\/\/www.europesays.com\/es\/wp-json\/wp\/v2\/tags?post=281526"}],"curies":[{"name":"wp","href":"https:\/\/api.w.org\/{rel}","templated":true}]}}