{"id":281538,"date":"2025-12-10T18:04:13","date_gmt":"2025-12-10T18:04:13","guid":{"rendered":"https:\/\/www.europesays.com\/es\/281538\/"},"modified":"2025-12-10T18:04:13","modified_gmt":"2025-12-10T18:04:13","slug":"octavos-de-copa-del-rey-en-el-primer-asalto-de-la-semana-del-doble-derbi","status":"publish","type":"post","link":"https:\/\/www.europesays.com\/es\/281538\/","title":{"rendered":"Octavos de Copa del Rey en el primer asalto de la semana del doble derbi"},"content":{"rendered":"<p data-gtm-element-container=\"modulo-texto-link\" class=\"paragraph\">El <strong>Bar\u00e7a de f\u00fatbol sala<\/strong> visitar\u00e1 este mi\u00e9rcoles (19.00 horas\/Esport3, Teledeporte) la pista de <strong>Industrias Santa Coloma<\/strong> para disputar el primero de los dos derbis que habr\u00e1 esta semana. Los cul\u00e9s juegan a partido \u00fanico la eliminatoria de <strong>octavos de Copa del Rey<\/strong>, mientras que el domingo (19h) habr\u00e1 un partido liguero en el Palau. Dos partidos con especial significado para el t\u00e9cnico azulgrana <strong>Javi Rodr\u00edguez<\/strong>, leyenda en ambos clubs.<\/p>\n<p data-gtm-element-container=\"modulo-texto-link\" class=\"paragraph\">El duelo copero de <strong>Copa del Rey<\/strong> entre <strong>Bar\u00e7a <\/strong>e <strong>Industrias<\/strong> promete emociones fuertes, ya que los dos equipos se juegan el billete a cuartos de final a una sola carta. Los azulgranas llegan en buena din\u00e1mica al partido tras encadenar cuatro victorias seguidas, mientras que los colomenses buscar\u00e1n romper la racha de tres derrotas consecutivas. Ya se sabe que los derbis no entienden de rachas y as\u00ed lo manifest\u00f3 <strong>Javi Rodr\u00edguez <\/strong>en la previa.<\/p>\n<p>    Lee tambi\u00e9n<\/p>\n<p data-gtm-element-container=\"modulo-texto-link\" class=\"paragraph\">\u00abHe estado en los dos bandos, tanto como jugador y como entrenador, y lo \u00fanico que te puedo decir que ma\u00f1ana la eliminatoria est\u00e1 al 50%. Es un partido especial para los dos equipos. Primero, para Industrias ganarle al Bar\u00e7a siempre le da un plus y para nosotros es especial porque queremos pasar a cuartos. Son partidos muy igualados. Tenemos que intentar imponer nuestro ritmo, nuestro juego, y a partir de ah\u00ed tienen que salir las cosas. Hay que estar preparados para todo\u00bb, dijo <strong>Javi Rodr\u00edguez<\/strong>, que todav\u00eda tendr\u00e1 la baja de <strong>Catela <\/strong>pero recupera a <strong>Sergio Gonz\u00e1lez<\/strong>, con el alta tras superar su lesi\u00f3n muscular, y<strong>\u00a0<\/strong><strong>Erick<\/strong>, ausente en Noia por unas molestias.<\/p>\n<p data-gtm-element-container=\"modulo-texto-link\" class=\"paragraph\">Por su parte, <strong>Xavi Closas<\/strong>, entrenador de <strong>Industrias<\/strong>, no podr\u00e1 contar con los exazulgranas\u00a0<strong>Bernat Povill<\/strong>\u00a0y <strong>Marc\u00a0Puigvert<\/strong>, baja de \u00faltima hora, para medirse al <strong>Bar\u00e7a <\/strong>aunque habr\u00e1 una gran n\u00f3mina de jugadores con pasado cul\u00e9 que buscar\u00e1n dar la sorpresa.<\/p>\n<p>El primer duelo de la temporada fue del Bar\u00e7a<\/p>\n<p data-gtm-element-container=\"modulo-texto-link\" class=\"paragraph\">En la presente temporada ya hubo un derbi catal\u00e1n y se sald\u00f3 con triunfo del <strong>Bar\u00e7a<\/strong>. Fue en la final de la <strong>Copa Catalunya<\/strong> y los azulgranas se impusieron a <strong>Industrias Santa Coloma<\/strong> por 2-5.<\/p>\n","protected":false},"excerpt":{"rendered":"El Bar\u00e7a de f\u00fatbol sala visitar\u00e1 este mi\u00e9rcoles (19.00 horas\/Esport3, Teledeporte) la pista de Industrias Santa Coloma para&hellip;\n","protected":false},"author":2,"featured_media":281539,"comment_status":"","ping_status":"","sticky":false,"template":"","format":"standard","meta":{"footnotes":""},"categories":[268],"tags":[168,25,24,280,282,281,23,167],"class_list":{"0":"post-281538","1":"post","2":"type-post","3":"status-publish","4":"format-standard","5":"has-post-thumbnail","7":"category-futbol","8":"tag-deportes","9":"tag-es","10":"tag-espana","11":"tag-football","12":"tag-futbol","13":"tag-soccer","14":"tag-spain","15":"tag-sports"},"share_on_mastodon":{"url":"https:\/\/pubeurope.com\/@es\/115696596694062670","error":""},"_links":{"self":[{"href":"https:\/\/www.europesays.com\/es\/wp-json\/wp\/v2\/posts\/281538","targetHints":{"allow":["GET"]}}],"collection":[{"href":"https:\/\/www.europesays.com\/es\/wp-json\/wp\/v2\/posts"}],"about":[{"href":"https:\/\/www.europesays.com\/es\/wp-json\/wp\/v2\/types\/post"}],"author":[{"embeddable":true,"href":"https:\/\/www.europesays.com\/es\/wp-json\/wp\/v2\/users\/2"}],"replies":[{"embeddable":true,"href":"https:\/\/www.europesays.com\/es\/wp-json\/wp\/v2\/comments?post=281538"}],"version-history":[{"count":0,"href":"https:\/\/www.europesays.com\/es\/wp-json\/wp\/v2\/posts\/281538\/revisions"}],"wp:featuredmedia":[{"embeddable":true,"href":"https:\/\/www.europesays.com\/es\/wp-json\/wp\/v2\/media\/281539"}],"wp:attachment":[{"href":"https:\/\/www.europesays.com\/es\/wp-json\/wp\/v2\/media?parent=281538"}],"wp:term":[{"taxonomy":"category","embeddable":true,"href":"https:\/\/www.europesays.com\/es\/wp-json\/wp\/v2\/categories?post=281538"},{"taxonomy":"post_tag","embeddable":true,"href":"https:\/\/www.europesays.com\/es\/wp-json\/wp\/v2\/tags?post=281538"}],"curies":[{"name":"wp","href":"https:\/\/api.w.org\/{rel}","templated":true}]}}