{"id":281544,"date":"2025-12-10T18:08:11","date_gmt":"2025-12-10T18:08:11","guid":{"rendered":"https:\/\/www.europesays.com\/es\/281544\/"},"modified":"2025-12-10T18:08:11","modified_gmt":"2025-12-10T18:08:11","slug":"la-tvp-decide-que-polonia-estra-en-viena-2026","status":"publish","type":"post","link":"https:\/\/www.europesays.com\/es\/281544\/","title":{"rendered":"La TVP decide que Polonia estr\u00e1 en Viena 2026"},"content":{"rendered":"<p data-start=\"45\" data-end=\"413\">La TVP polaca ha<a href=\"https:\/\/kultura.gazeta.pl\/kultura\/7,114526,32461087,tvp-potwierdza-udzial-polski-w-eurowizji-2026-jestesmy-swiadomi.html\" rel=\"nofollow noopener\" target=\"_blank\"> anunciado<\/a> que finalmente s\u00ed estar\u00e1 presente en Viena 2026. Este anuncio llega despu\u00e9s de un intenso debate en torno a la televisi\u00f3n polaca, donde una parte significativa de la sociedad, as\u00ed como el propio ejecutivo de la televisi\u00f3n, se mostraron en contra de la participaci\u00f3n del pa\u00eds y a favor de un boicot si Israel no era expulsado del festival.<\/p>\n<p data-start=\"45\" data-end=\"413\">Segun declaraciones de la propia TVP:<\/p>\n<p data-start=\"45\" data-end=\"413\">, se lee en el comunicado<\/p>\n<p>Gran partde de la sociedad polaca, as\u00ed como los clubes de fans del pa\u00eds, rechazaban la participaci\u00f3n de Polonia en el festival si Israel segu\u00eda compitiendo. En <a href=\"https:\/\/eurovision-spain.com\/polonia-presiona-a-su-television-para-que-no-participe-en-eurovision-si-israel-lo-hace\/\" rel=\"nofollow noopener\" target=\"_blank\">una carta abierta<\/a>, hace unos meses, los principales clubes de fans ped\u00edan a la TVP el boicot de la pr\u00f3xima edici\u00f3n, as\u00ed como la ministra de Cultura, quien indic\u00f3 a la TVP que deseaba que Polonia no formara parte del festival debido a la intervenci\u00f3n de Israel en el festival, reconociendo el genocidio que se sigue llevando a cabo en Gaza.<\/p>\n","protected":false},"excerpt":{"rendered":"La TVP polaca ha anunciado que finalmente s\u00ed estar\u00e1 presente en Viena 2026. Este anuncio llega despu\u00e9s de&hellip;\n","protected":false},"author":2,"featured_media":281545,"comment_status":"","ping_status":"","sticky":false,"template":"","format":"standard","meta":{"footnotes":""},"categories":[171],"tags":[146,147,25,24,23,214],"class_list":{"0":"post-281544","1":"post","2":"type-post","3":"status-publish","4":"format-standard","5":"has-post-thumbnail","7":"category-tv","8":"tag-entertainment","9":"tag-entretenimiento","10":"tag-es","11":"tag-espana","12":"tag-spain","13":"tag-tv"},"share_on_mastodon":{"url":"https:\/\/pubeurope.com\/@es\/115696612547708348","error":""},"_links":{"self":[{"href":"https:\/\/www.europesays.com\/es\/wp-json\/wp\/v2\/posts\/281544","targetHints":{"allow":["GET"]}}],"collection":[{"href":"https:\/\/www.europesays.com\/es\/wp-json\/wp\/v2\/posts"}],"about":[{"href":"https:\/\/www.europesays.com\/es\/wp-json\/wp\/v2\/types\/post"}],"author":[{"embeddable":true,"href":"https:\/\/www.europesays.com\/es\/wp-json\/wp\/v2\/users\/2"}],"replies":[{"embeddable":true,"href":"https:\/\/www.europesays.com\/es\/wp-json\/wp\/v2\/comments?post=281544"}],"version-history":[{"count":0,"href":"https:\/\/www.europesays.com\/es\/wp-json\/wp\/v2\/posts\/281544\/revisions"}],"wp:featuredmedia":[{"embeddable":true,"href":"https:\/\/www.europesays.com\/es\/wp-json\/wp\/v2\/media\/281545"}],"wp:attachment":[{"href":"https:\/\/www.europesays.com\/es\/wp-json\/wp\/v2\/media?parent=281544"}],"wp:term":[{"taxonomy":"category","embeddable":true,"href":"https:\/\/www.europesays.com\/es\/wp-json\/wp\/v2\/categories?post=281544"},{"taxonomy":"post_tag","embeddable":true,"href":"https:\/\/www.europesays.com\/es\/wp-json\/wp\/v2\/tags?post=281544"}],"curies":[{"name":"wp","href":"https:\/\/api.w.org\/{rel}","templated":true}]}}