{"id":281560,"date":"2025-12-10T18:17:06","date_gmt":"2025-12-10T18:17:06","guid":{"rendered":"https:\/\/www.europesays.com\/es\/281560\/"},"modified":"2025-12-10T18:17:06","modified_gmt":"2025-12-10T18:17:06","slug":"no-volveremos-a-tener-la-confianza","status":"publish","type":"post","link":"https:\/\/www.europesays.com\/es\/281560\/","title":{"rendered":"\u00abNo volveremos a tener la confianza\u00bb"},"content":{"rendered":"<p style=\"\">\u00abEsto es infame. Es infame que alguien en nombre del PSOE act\u00fae como presuntamente ha actuado esta mujer y que todav\u00eda no nos hayamos querellado en contra de ella\u00bb. Estas han sido las palabras textuales de <strong>Susana D\u00edaz<\/strong> al hacer referencia a <strong>Leire <\/strong> &#8230; <strong>D\u00edaz<\/strong>, que ha sido detenida por la UCO, a ella y al expresidente de la SEPI, Vicente Fern\u00e1ndez. Este ha sido uno de los frentes que se le han abierto a la senadora socialista en una tarde que, tal y como <strong>Risto Mejide<\/strong> hab\u00eda anunciado a D\u00edaz, promet\u00eda: \u00abVamos a destapar una cosa que yo creo que va a hacer que corran r\u00edos de tinta con el tema\u00bb. A esto, la que fuera presidenta de la Junta de Andalucia, casi se llevaba las manos a la cabeza y refer\u00eda que \u00abvaya tarde\u00bb le hab\u00eda \u00abtocado\u00bb.<\/p>\n<p class=\"voc-p\" style=\"\">La bomba a la que hac\u00eda referencia el presentador de &#8216;<strong>Todo es mentira<\/strong>&#8216; empezaba por Lourdes Cebollero, una capitana retirada del ej\u00e9rcito que se hab\u00eda puesto en contacto con el equipo del programa para denunciar el comportamiento de Margarita Robles en relaci\u00f3n a las denuncias por acoso que ella \u2013Cebollero\u2013 habr\u00eda presentado. Ante este primer &#8216;fuego&#8217;, Susana D\u00edaz ha tratado de defender a la ministra de Defensa, a la que ha afirmado \u00abconocer bien\u00bb y que \u00abha roto techos de cristal en la judicatura, y siempre ha sido muy consecuente\u00bb. <\/p>\n<p class=\"voc-p\" style=\"\">Una vez abordado esto, ha llegado el plato fuerte de la tarde: <strong>Jos\u00e9 Tom\u00e9<\/strong> y las denuncias por presunto acoso sexual en el seno del socialismo gallego. El presidente de la <strong>Diputaci\u00f3n de Lugo<\/strong> est\u00e1 en el ojo del hurac\u00e1n por acusaciones por parte de seis compa\u00f1eras de formaci\u00f3n. Susana D\u00edaz se ha mostrado consternada por los sucesivos esc\u00e1ndalos que est\u00e1n viendo la luz. Al tratar sobre este asunto, ella se ha mostrado firme y clara: \u00abLo estamos haciendo mal, pasado y presente continuo. Y mientras no se depuren responsabilidades no volveremos a tener la confianza\u00bb. <\/p>\n<p>\nRisto Mejide y la posible dimisi\u00f3n de Tom\u00e9\n<\/p>\n<p class=\"voc-p\" style=\"\">Afirmaba esto antes de conocerse que Tom\u00e9 \u00ab<strong>va a dimitir<\/strong>\u00bb \u2013\u00abo lo han dimitido\u00bb, se escuchaba de fondo en el plat\u00f3. La primicia la ha dado, con esas palabras justas, Risto Mejide, citando como fuente a Europa Press. \u00abCesarlo es importante, de verdad, que no sea como algunos que siguen reteniendo esca\u00f1os\u00bb, ha apuntado Susana D\u00edaz. <\/p>\n<p class=\"voc-p\" style=\"\">Sobre la informaci\u00f3n que ha llegado de la agencia, a la redacci\u00f3n de ABC ha llegado, de momento, lo que ser\u00eda el anuncio de <strong>comparecencia del presidente de la Diputaci\u00f3n de Lugo<\/strong> \u00abtras las denuncias de <strong>acoso<\/strong>\u00bb. Ser\u00e1 esta tarde, en Monforte de Lemos, donde es alcalde. Si bien hab\u00eda descartado dimitir, refiriendo que \u00abseguir\u00e1 trabajando\u00bb por el municipio y la provincia\u00bb, en &#8216;Todo es mentira&#8217; han afirmado que las noticias que van llegando a la redacci\u00f3n apuntan en otra direcci\u00f3n, en esa renuncia de \u00absus cargos\u00bb.<\/p>\n","protected":false},"excerpt":{"rendered":"\u00abEsto es infame. Es infame que alguien en nombre del PSOE act\u00fae como presuntamente ha actuado esta mujer&hellip;\n","protected":false},"author":2,"featured_media":281561,"comment_status":"","ping_status":"","sticky":false,"template":"","format":"standard","meta":{"footnotes":""},"categories":[8],"tags":[19530,17046,17,18,33150,3092,779,25,24,13,14,785,11,19,20,9,10,15,16,524,15039,1699,9129,23,32650,9162,12,21,22,56441],"class_list":{"0":"post-281560","1":"post","2":"type-post","3":"status-publish","4":"format-standard","5":"has-post-thumbnail","7":"category-espana","8":"tag-acoso","9":"tag-borde","10":"tag-breaking-news","11":"tag-breakingnews","12":"tag-colapso","13":"tag-confianza","14":"tag-diaz","15":"tag-es","16":"tag-espana","17":"tag-featured-news","18":"tag-featurednews","19":"tag-gallego","20":"tag-headlines","21":"tag-latest-news","22":"tag-latestnews","23":"tag-news","24":"tag-noticias","25":"tag-noticias-destacadas","26":"tag-noticiasdestacadas","27":"tag-nuevo","28":"tag-presunto","29":"tag-psoe","30":"tag-sexual","31":"tag-spain","32":"tag-susana","33":"tag-tener","34":"tag-titulares","35":"tag-ultimas-noticias","36":"tag-ultimasnoticias","37":"tag-volveremos"},"share_on_mastodon":{"url":"https:\/\/pubeurope.com\/@es\/115696648056433931","error":""},"_links":{"self":[{"href":"https:\/\/www.europesays.com\/es\/wp-json\/wp\/v2\/posts\/281560","targetHints":{"allow":["GET"]}}],"collection":[{"href":"https:\/\/www.europesays.com\/es\/wp-json\/wp\/v2\/posts"}],"about":[{"href":"https:\/\/www.europesays.com\/es\/wp-json\/wp\/v2\/types\/post"}],"author":[{"embeddable":true,"href":"https:\/\/www.europesays.com\/es\/wp-json\/wp\/v2\/users\/2"}],"replies":[{"embeddable":true,"href":"https:\/\/www.europesays.com\/es\/wp-json\/wp\/v2\/comments?post=281560"}],"version-history":[{"count":0,"href":"https:\/\/www.europesays.com\/es\/wp-json\/wp\/v2\/posts\/281560\/revisions"}],"wp:featuredmedia":[{"embeddable":true,"href":"https:\/\/www.europesays.com\/es\/wp-json\/wp\/v2\/media\/281561"}],"wp:attachment":[{"href":"https:\/\/www.europesays.com\/es\/wp-json\/wp\/v2\/media?parent=281560"}],"wp:term":[{"taxonomy":"category","embeddable":true,"href":"https:\/\/www.europesays.com\/es\/wp-json\/wp\/v2\/categories?post=281560"},{"taxonomy":"post_tag","embeddable":true,"href":"https:\/\/www.europesays.com\/es\/wp-json\/wp\/v2\/tags?post=281560"}],"curies":[{"name":"wp","href":"https:\/\/api.w.org\/{rel}","templated":true}]}}