{"id":281566,"date":"2025-12-10T18:24:06","date_gmt":"2025-12-10T18:24:06","guid":{"rendered":"https:\/\/www.europesays.com\/es\/281566\/"},"modified":"2025-12-10T18:24:06","modified_gmt":"2025-12-10T18:24:06","slug":"cohabitacion-y-calendario-basico-y-ligero-para-remco-evenepoel-en-su-primer-ano-con-el-red-bull-ciclismo-deportes","status":"publish","type":"post","link":"https:\/\/www.europesays.com\/es\/281566\/","title":{"rendered":"Cohabitaci\u00f3n y calendario \u201cb\u00e1sico y ligero\u201d para Remco Evenepoel en su primer a\u00f1o con el Red Bull | Ciclismo | Deportes"},"content":{"rendered":"<p class=\"\"><a href=\"https:\/\/elpais.com\/deportes\/ciclismo\/2025-10-02\/red-bull-da-alas-al-nuevo-jefe-de-remco-evenepoel-es-el-ciclista-mas-atractivo-del-mundo.html\" target=\"_self\" rel=\"nofollow noopener\" title=\"https:\/\/elpais.com\/deportes\/ciclismo\/2025-10-02\/red-bull-da-alas-al-nuevo-jefe-de-remco-evenepoel-es-el-ciclista-mas-atractivo-del-mundo.html\">\u201cNada de locuras ni experimentos, solo un calendario b\u00e1sico\u201d, explica Remco Evenepoel,<\/a> cara colorada de turista de invierno con las rayas de las correas del casco marcando su blancura, que a los 25 a\u00f1os (26 en enero) ha dado un vuelco a su carrera al dejar <a href=\"https:\/\/elpais.com\/deportes\/ciclismo\/2024-03-26\/mikel-landa-tendremos-landismo-en-pequenas-dosis.html\" target=\"_self\" rel=\"nofollow noopener\" title=\"https:\/\/elpais.com\/deportes\/ciclismo\/2024-03-26\/mikel-landa-tendremos-landismo-en-pequenas-dosis.html\">el Soudal belga, <\/a>su casa nodriza, para irse al Red Bull alem\u00e1n, nueva superpotencia en el pelot\u00f3n. \u201cMe habr\u00eda gustado correr el Giro, que tiene una contrarreloj muy atractiva o haber hecho un calendario con solo cl\u00e1sicas en primavera, empezando por Flandes, pero al final, analizando todos los datos con la direcci\u00f3n el equipo decidimos conjuntamente que ni una cosa ni otra\u2026\u201d Las \u00fanicas cl\u00e1sicas que correr\u00e1 con total seguridad son la Amstel y la Lieja.<\/p>\n<p class=\"\">Evenepoel, el gran prodigio que a los 19 a\u00f1os revolucion\u00f3 la mentalidad tradicional, pasando directamente de ser el mejor j\u00fanior del mundo al pelot\u00f3n del WorldTour, y todos quieren ser como \u00e9l, choc\u00f3 con Tadej Pogacar, y <a href=\"https:\/\/elpais.com\/deportes\/2020-08-15\/remco-evenepoel-sufre-una-caida-durisima-al-precipitarse-por-un-puente-en-il-lombardia.html\" target=\"_self\" rel=\"nofollow noopener\" title=\"https:\/\/elpais.com\/deportes\/2020-08-15\/remco-evenepoel-sufre-una-caida-durisima-al-precipitarse-por-un-puente-en-il-lombardia.html\">con una ca\u00edda terrible y 10 meses de recuperaci\u00f3n.<\/a> Gan\u00f3 una Vuelta y un Mundial, y dos oros ol\u00edmpicos en Par\u00eds, era el boss, el \u00fanico jefe en el mejor equipo belga, pero no lleg\u00f3 a ser el Eddy Merckx que todos pronosticaban y B\u00e9lgica desea y, ya son siete a\u00f1os de profesional, llegada la presentaci\u00f3n de 2026 se sienta en un estrado junto al jefe del equipo, Ralph Denk, el nuevo primer director, Zak Dempster, un exciclista australiano que llega del Ineos y lleva solo dos meses y medio en el Red Bull, el viejo Primoz Roglic y el joven Florian Lipowitz, que tambi\u00e9n, como \u00e9l, ha sido tercero en el Tour. <\/p>\n<p class=\"\">Una composici\u00f3n, tres l\u00edderes \u2013Roglic solo correr\u00e1 la Vuelta, buscando su quinto maillot rojo&#8211;, que recuerda a la formaci\u00f3n de Jumbo y Visma, la pareja Jonas Vingegaard-Roglic, la explosi\u00f3n de Sepp Kuss, que un par de veces pudo con Tadej Pogacar en el Tour. \u201c\u00bfSe le puede ganar a Pogacar?\u201d, se pregunta Denk. \u201cPogacar es quiz\u00e1s el mejor corredor que nunca se haya visto en el planeta. Para ganarlo o esperamos que cometa un error o le forzamos a cometerlo con un equipo superfuerte\u201d. La analog\u00eda con el Jumbo la prolongan Lipowitz, que tiene tambi\u00e9n 25 a\u00f1os, pero la mitad de experiencia y de expectativas, y el mismo Evenepoel, a quien aparentemente le molesta lo justo no ser l\u00edder \u00fanico. <\/p>\n<p class=\"\">La cohabitaci\u00f3n quiz\u00e1s inesperada parece que de entrada no le hace muy feliz \u2013\u201ces una decisi\u00f3n del equipo que tengo que aceptar\u201d, dice en la rueda de prensa general, \u201ca ver c\u00f3mo me llevo con Florian, al que ni conozco\u201d &#8211;, pero en una segunda charla con periodistas, acepta con entusiasmo ser un imitado de Vingegaard. \u201cS\u00ed, claro que me parece perfecto, es que me daba un poco de miedo decirlo en el escenario porque Primoz [Roglic] estaba sentado a nuestro lado. Todos sabemos el desafortunado final que tuvo su Tour en varias ocasiones [ca\u00eddas y abandonos]\u201d, explica. \u201cPero creo que este es el mejor ejemplo de dos ciclistas muy fuertes contra alguien que est\u00e1 solo, pero tambi\u00e9n muy, muy fuerte. Creo que Tadej tambi\u00e9n ha mejorado desde entonces. Pero creo que es el mejor ejemplo para nosotros, la forma en que Primoz y Jonas lo hicieron entonces. Eso no significa que tengamos que atacar desde abajo en todas las subidas uno por uno cada vez, pero, por supuesto, hay m\u00faltiples t\u00e1cticas que podemos usar, supongo, y tambi\u00e9n creo que dos personas completamente diferentes cuando se unen pueden ser una muy buena combinaci\u00f3n\u201d. Y Lipowitz, que ama estar callado, escuchar y decir cuatro palabras entrecortadas, asiente. \u201cPienso lo mismo. Creo que tambi\u00e9n podemos actuar un poco de forma diferente y, s\u00ed, mejor que quiz\u00e1 ir con un solo l\u00edder en el Tour\u201d, dice el ciclista alem\u00e1n, que minutos antes ha anunciado su renovaci\u00f3n con el Red Bull \u201cpor varios a\u00f1os m\u00e1s\u201d. \u201cCreo que correremos la Volta a Catalunya juntos, as\u00ed que veremos c\u00f3mo van las cosas. Pero me siento muy c\u00f3modo\u201d.<\/p>\n<p class=\"\">Est\u00e1 muy contento Evenepoel, que a\u00fan, hasta el 1 de enero, no puede vestir los colores de su nuevo equipo, porque, dice, Red Bull ha llevado mucho dinero al equipo, mucha tecnolog\u00eda, ciencia, espect\u00e1culo, todo tan diferente a su Soudal tan artesanal, pero hay cosas que no cambian. En la espectacular nave-estudio a las afueras de Palma en la que el equipo ha organizado su media day, al belga, a Roglic, a Lipowitz, les preguntan y escuchan cinco decenas de periodistas de toda Europa. Todos son hombres. El ciclismo, un deporte cada vez m\u00e1s cerrado en s\u00ed mismo.<\/p>\n","protected":false},"excerpt":{"rendered":"\u201cNada de locuras ni experimentos, solo un calendario b\u00e1sico\u201d, explica Remco Evenepoel, cara colorada de turista de invierno&hellip;\n","protected":false},"author":2,"featured_media":281567,"comment_status":"","ping_status":"","sticky":false,"template":"","format":"standard","meta":{"footnotes":""},"categories":[273],"tags":[2839,313,2838,1540,312,168,25,24,12057,12058,46023,7618,23,167,2322],"class_list":{"0":"post-281566","1":"post","2":"type-post","3":"status-publish","4":"format-standard","5":"has-post-thumbnail","7":"category-ciclismo","8":"tag-carreras-ciclistas","9":"tag-ciclismo","10":"tag-ciclistas","11":"tag-competiciones","12":"tag-cycling","13":"tag-deportes","14":"tag-es","15":"tag-espana","16":"tag-florian-lipowitz","17":"tag-primoz-roglic","18":"tag-red-bull-bora-hansgrohe","19":"tag-remco-evenepoel","20":"tag-spain","21":"tag-sports","22":"tag-tour-francia"},"share_on_mastodon":{"url":"https:\/\/pubeurope.com\/@es\/115696675311668261","error":""},"_links":{"self":[{"href":"https:\/\/www.europesays.com\/es\/wp-json\/wp\/v2\/posts\/281566","targetHints":{"allow":["GET"]}}],"collection":[{"href":"https:\/\/www.europesays.com\/es\/wp-json\/wp\/v2\/posts"}],"about":[{"href":"https:\/\/www.europesays.com\/es\/wp-json\/wp\/v2\/types\/post"}],"author":[{"embeddable":true,"href":"https:\/\/www.europesays.com\/es\/wp-json\/wp\/v2\/users\/2"}],"replies":[{"embeddable":true,"href":"https:\/\/www.europesays.com\/es\/wp-json\/wp\/v2\/comments?post=281566"}],"version-history":[{"count":0,"href":"https:\/\/www.europesays.com\/es\/wp-json\/wp\/v2\/posts\/281566\/revisions"}],"wp:featuredmedia":[{"embeddable":true,"href":"https:\/\/www.europesays.com\/es\/wp-json\/wp\/v2\/media\/281567"}],"wp:attachment":[{"href":"https:\/\/www.europesays.com\/es\/wp-json\/wp\/v2\/media?parent=281566"}],"wp:term":[{"taxonomy":"category","embeddable":true,"href":"https:\/\/www.europesays.com\/es\/wp-json\/wp\/v2\/categories?post=281566"},{"taxonomy":"post_tag","embeddable":true,"href":"https:\/\/www.europesays.com\/es\/wp-json\/wp\/v2\/tags?post=281566"}],"curies":[{"name":"wp","href":"https:\/\/api.w.org\/{rel}","templated":true}]}}