{"id":281570,"date":"2025-12-10T18:27:08","date_gmt":"2025-12-10T18:27:08","guid":{"rendered":"https:\/\/www.europesays.com\/es\/281570\/"},"modified":"2025-12-10T18:27:08","modified_gmt":"2025-12-10T18:27:08","slug":"sera-un-honor-que-acabes-tu-gira-mundial-en-el-spotify-camp-nou","status":"publish","type":"post","link":"https:\/\/www.europesays.com\/es\/281570\/","title":{"rendered":"Ser\u00e1 un honor que acabes tu gira mundial en el Spotify Camp Nou"},"content":{"rendered":"<p data-gtm-element-container=\"modulo-texto-link\" class=\"paragraph\"><strong>Joan Laporta<\/strong>, presidente del <strong>FC Barcelona<\/strong>, acudi\u00f3 este mi\u00e9rcoles a la presentaci\u00f3n de la gira mundial que llevar\u00e1 a cabo <strong>Antonio D\u00edaz<\/strong>, m\u00e1s conocido como <strong>&#8216;El Mago Pop&#8217;<\/strong>.\u00a0 Sobre el escenario del barcelon\u00e9s <strong>Teatre Vict\u00f2ria<\/strong>, propiedad desde 2019 del ilusionista de fama planetaria, el dirigente azulgrana mantuvo una amena charla con el prestidigitador y. como no pod\u00eda ser de otra manera, aludi\u00f3 a su condici\u00f3n de cul\u00e9. \u00abY una pregunta&#8230; \u00bfd\u00f3nde quieres que acabe tu gira mundial?\u00bb, le cuestion\u00f3 en tono desenfadado Laporta al Mago Pop. \u00ab\u00a1Hombre, ahora que lo dices&#8230;! No s\u00e9 en cuantos a\u00f1os ser\u00e1, pero pero para m\u00ed ser\u00eda un privilegio y un orgullo acabar en el Spotify Camp Nou&#8230; ser\u00eda un r\u00e9cord Guinness porque el Camp Nou ser\u00e1 el estadio con m\u00e1s espectadores del mundo\u00bb, contest\u00f3 el artista.<\/p>\n<blockquote class=\"twitter-tweet\" data-lang=\"es\"><p>\n<a href=\"https:\/\/twitter.com\/victor_nahe\/status\/1998707994331374064\" rel=\"nofollow noopener\" target=\"_blank\">\n<\/p><\/blockquote>\n<p data-gtm-element-container=\"modulo-texto-link\" class=\"paragraph\">La contrarr\u00e9plica de Laporta no tuvo desperdicio. \u00abSer\u00e1 un gran honor que acabes la gira en el Spotify Camp Nou ya que Antonio, que es cul\u00e9, del Bar\u00e7a y el mejor mago del mundo que venga al escenario donde se hacen realidad los sue\u00f1os\u00bb, concluy\u00f3 en el momento en que se fund\u00eda en un aplaudido abrazo con este mago universal nacido en Badia del Vall\u00e8s en 1986.<\/p>\n<p data-gtm-element-container=\"modulo-texto-link\" class=\"paragraph\">En el Teatre Victoria, el Mago Pop anunci\u00f3 que la gira mundial por los estadios acabar\u00e1 \u00abde aqu\u00ed unos a\u00f1os\u00bb en el Spotify Camp Nou y empezar\u00e1 en el Bernab\u00e9u, el Estadio del Real Madrid.<\/p>\n<p>    Lee tambi\u00e9n<\/p>\n<p data-gtm-element-container=\"modulo-texto-link\" class=\"paragraph\">La gira nace como un evento de impacto \u00fanico en el espect\u00e1culo de la magia: un &#8216;tour&#8217;\u00a0 por estadios de alto nivel en la que la primera parada ser\u00e1 el Bernab\u00e9u. Empezar\u00e1 en 2027, pero a\u00fan no se han revelado los detalles, tampoco de las ciudades en las que se llevar\u00e1\u00a0 el espect\u00e1culo. Est\u00e1 clato, sin embargo, que el presidente del Bar\u00e7a ya ha puesto la alfombra roja para que sea en el Camp Nou.<\/p>\n<p><script async src=\"https:\/\/platform.twitter.com\/widgets.js\" charset=\"utf-8\"><\/script><\/p>\n","protected":false},"excerpt":{"rendered":"Joan Laporta, presidente del FC Barcelona, acudi\u00f3 este mi\u00e9rcoles a la presentaci\u00f3n de la gira mundial que llevar\u00e1&hellip;\n","protected":false},"author":2,"featured_media":281571,"comment_status":"","ping_status":"","sticky":false,"template":"","format":"standard","meta":{"footnotes":""},"categories":[268],"tags":[168,25,24,280,282,281,23,167],"class_list":{"0":"post-281570","1":"post","2":"type-post","3":"status-publish","4":"format-standard","5":"has-post-thumbnail","7":"category-futbol","8":"tag-deportes","9":"tag-es","10":"tag-espana","11":"tag-football","12":"tag-futbol","13":"tag-soccer","14":"tag-spain","15":"tag-sports"},"share_on_mastodon":{"url":"https:\/\/pubeurope.com\/@es\/115696687143580089","error":""},"_links":{"self":[{"href":"https:\/\/www.europesays.com\/es\/wp-json\/wp\/v2\/posts\/281570","targetHints":{"allow":["GET"]}}],"collection":[{"href":"https:\/\/www.europesays.com\/es\/wp-json\/wp\/v2\/posts"}],"about":[{"href":"https:\/\/www.europesays.com\/es\/wp-json\/wp\/v2\/types\/post"}],"author":[{"embeddable":true,"href":"https:\/\/www.europesays.com\/es\/wp-json\/wp\/v2\/users\/2"}],"replies":[{"embeddable":true,"href":"https:\/\/www.europesays.com\/es\/wp-json\/wp\/v2\/comments?post=281570"}],"version-history":[{"count":0,"href":"https:\/\/www.europesays.com\/es\/wp-json\/wp\/v2\/posts\/281570\/revisions"}],"wp:featuredmedia":[{"embeddable":true,"href":"https:\/\/www.europesays.com\/es\/wp-json\/wp\/v2\/media\/281571"}],"wp:attachment":[{"href":"https:\/\/www.europesays.com\/es\/wp-json\/wp\/v2\/media?parent=281570"}],"wp:term":[{"taxonomy":"category","embeddable":true,"href":"https:\/\/www.europesays.com\/es\/wp-json\/wp\/v2\/categories?post=281570"},{"taxonomy":"post_tag","embeddable":true,"href":"https:\/\/www.europesays.com\/es\/wp-json\/wp\/v2\/tags?post=281570"}],"curies":[{"name":"wp","href":"https:\/\/api.w.org\/{rel}","templated":true}]}}