{"id":281572,"date":"2025-12-10T18:28:12","date_gmt":"2025-12-10T18:28:12","guid":{"rendered":"https:\/\/www.europesays.com\/es\/281572\/"},"modified":"2025-12-10T18:28:12","modified_gmt":"2025-12-10T18:28:12","slug":"de-las-hermanas-lapique-a-la-ausencia-de-preysler","status":"publish","type":"post","link":"https:\/\/www.europesays.com\/es\/281572\/","title":{"rendered":"de las hermanas Lapique a la ausencia de Preysler"},"content":{"rendered":"<p><strong>Manuel Guasch<\/strong>, conocido por ser el expresidente de FASA Renault y por su estrecha vinculaci\u00f3n con cargos de la Administraci\u00f3n y direcci\u00f3n en empresas punteras, as\u00ed como por pertenecer a la beautiful people (un t\u00e9rmino que define al poder pol\u00edtico y econ\u00f3mico que rodeaba el gobierno socialista de 1982), <strong>ha fallecido<\/strong> por causas que no han trascendido. Estuvo casado con <strong>Margarita Vega-Peniche<\/strong>, quien muri\u00f3 de forma prematura en 2005, y manten\u00eda una estrecha relaci\u00f3n de amistad con <strong><a href=\"https:\/\/okdiario.com\/look\/actualidad\/juan-carlos-vs-isabel-preysler-duelo-biografias-esta-navidad-2441283\" rel=\"nofollow noopener\" target=\"_blank\">Isabel Preysler<\/a><\/strong>. Tanto era as\u00ed, que la socialit\u00e9 la consideraba como una hermana, algo que qued\u00f3 patente cuando el matrimonio mencionado ejerci\u00f3 de <strong>testigo en la boda civil<\/strong> de Miguel Boyer e Isabel, celebrada el 2 de enero de 1988. Eran muy pocas las personas que sab\u00edan que el ex ministro y la hispanofilipina estaban d\u00e1ndose el \u00abs\u00ed, quiero\u00bb en el juzgado de la calle Pradillo de Madrid, pero, entre los afortunados, se encontraban los se\u00f1alados.<\/p>\n<p>Este v\u00ednculo dejaba m\u00e1s que claro que entre las amistades del fallecido hab\u00eda destacados miembros de la jet set de nuestro pa\u00eds. Es por ello por lo que, como era de esperar, su \u00faltimo adi\u00f3s<strong> ha reunido a numerosas personalidades del \u00e1mbito social y empresarial<\/strong>, aunque lo cierto es que tambi\u00e9n ha estado marcado por una<strong> destacada ausencia<\/strong> que no ha pasado desapercibida.<\/p>\n<p>\n<img decoding=\"async\" loading=\"lazy\" class=\"size-medium wp-image-2446225\" alt=\"lapique, isabel preysler, manuel guasch\" width=\"620\" height=\"413\"  src=\"https:\/\/www.europesays.com\/es\/wp-content\/uploads\/2025\/10\/placeholder.jpg\"  bad-src=\"https:\/\/www.europesays.com\/es\/wp-content\/uploads\/2025\/10\/placeholder.jpg\"\/><\/p>\n<p><img decoding=\"async\" loading=\"lazy\" class=\"size-medium wp-image-2446225\" src=\"https:\/\/www.europesays.com\/es\/wp-content\/uploads\/2025\/12\/boyerr-1-620x413.jpg\" alt=\"lapique, isabel preysler, manuel guasch\" width=\"620\" height=\"413\"  \/><\/p>\n<p> Isabel Preysler y Miguel Boyer. (Foto: Gtres)\n<\/p>\n<p>Los restos mortales de Guasch fueron velados en el<strong> tanatorio de San Isidro (Madrid)<\/strong> el pasado martes, 9 de diciembre, y aunque las<strong> hermanas Lapique, Cari y Myriam<\/strong>, no dudaron en acercarse hasta all\u00ed para dar su m\u00e1s sentido p\u00e9same a la familia y asistir a la misa previa al entierro, quien no lo hizo, al menos delante de los medios, fue la apodada como la reina de corazones. Y es que, aunque se desconoce si acudi\u00f3 al velatorio en alg\u00fan momento del d\u00eda, lo cierto es que en<strong> el acto religioso no estuvo presente por razones que, hasta el momento, no han trascendido.<\/strong><\/p>\n<p>\n<img decoding=\"async\" loading=\"lazy\" class=\"size-medium wp-image-2446316\" alt=\"lapique, isabel preysler, manuel guasch\" width=\"620\" height=\"413\"  src=\"https:\/\/www.europesays.com\/es\/wp-content\/uploads\/2025\/10\/placeholder.jpg\"  bad-src=\"https:\/\/www.europesays.com\/es\/wp-content\/uploads\/2025\/10\/placeholder.jpg\"\/><\/p>\n<p><img decoding=\"async\" loading=\"lazy\" class=\"size-medium wp-image-2446316\" src=\"https:\/\/www.europesays.com\/es\/wp-content\/uploads\/2025\/12\/lapiqye-620x413.jpg\" alt=\"lapique, isabel preysler, manuel guasch\" width=\"620\" height=\"413\"  \/><\/p>\n<p> Cari y Myriam Lapique en el tanatorio de San Isidro de Madrid. (Foto: Gtres)\n<\/p>\n<p>No obstante, sea como fuere, la no presencia de Preysler ha llamado la atenci\u00f3n de propios y extra\u00f1os, ya que, aunque su \u00edntima amiga falleci\u00f3 hace dos d\u00e9cadas, ella ha continuado ligada a su familia. Hasta el punto de que en 2023 <strong>acudi\u00f3 en calidad de invitada a la boda de su sobrina, Luc\u00eda Dom\u00ednguez Vega-Penichet.<\/strong><\/p>\n<p>\u00bfC\u00f3mo fueron los \u00faltimos a\u00f1os de Manuel Guasch?<\/p>\n<p>Aunque Manuel Guasch ha protagonizado una larga y amplia trayectoria en el mundo empresarial, lo cierto es que una vez que se jubil\u00f3, se desvincul\u00f3 por completo de este sector. De hecho, aunque son pocos los datos que se conoc\u00edan sobre c\u00f3mo era su actual vida, medios como Vanitatis se\u00f1alan que <strong>se dedicaba a sus hijos, a sus nietos y al campo.<\/strong><\/p>\n","protected":false},"excerpt":{"rendered":"Manuel Guasch, conocido por ser el expresidente de FASA Renault y por su estrecha vinculaci\u00f3n con cargos de&hellip;\n","protected":false},"author":2,"featured_media":281573,"comment_status":"","ping_status":"","sticky":false,"template":"","format":"standard","meta":{"footnotes":""},"categories":[174],"tags":[255,146,147,25,24,256,68194,23],"class_list":{"0":"post-281572","1":"post","2":"type-post","3":"status-publish","4":"format-standard","5":"has-post-thumbnail","7":"category-famosos","8":"tag-celebrities","9":"tag-entertainment","10":"tag-entretenimiento","11":"tag-es","12":"tag-espana","13":"tag-famosos","14":"tag-manuel-guasch","15":"tag-spain"},"share_on_mastodon":{"url":"https:\/\/pubeurope.com\/@es\/115696692017164391","error":""},"_links":{"self":[{"href":"https:\/\/www.europesays.com\/es\/wp-json\/wp\/v2\/posts\/281572","targetHints":{"allow":["GET"]}}],"collection":[{"href":"https:\/\/www.europesays.com\/es\/wp-json\/wp\/v2\/posts"}],"about":[{"href":"https:\/\/www.europesays.com\/es\/wp-json\/wp\/v2\/types\/post"}],"author":[{"embeddable":true,"href":"https:\/\/www.europesays.com\/es\/wp-json\/wp\/v2\/users\/2"}],"replies":[{"embeddable":true,"href":"https:\/\/www.europesays.com\/es\/wp-json\/wp\/v2\/comments?post=281572"}],"version-history":[{"count":0,"href":"https:\/\/www.europesays.com\/es\/wp-json\/wp\/v2\/posts\/281572\/revisions"}],"wp:featuredmedia":[{"embeddable":true,"href":"https:\/\/www.europesays.com\/es\/wp-json\/wp\/v2\/media\/281573"}],"wp:attachment":[{"href":"https:\/\/www.europesays.com\/es\/wp-json\/wp\/v2\/media?parent=281572"}],"wp:term":[{"taxonomy":"category","embeddable":true,"href":"https:\/\/www.europesays.com\/es\/wp-json\/wp\/v2\/categories?post=281572"},{"taxonomy":"post_tag","embeddable":true,"href":"https:\/\/www.europesays.com\/es\/wp-json\/wp\/v2\/tags?post=281572"}],"curies":[{"name":"wp","href":"https:\/\/api.w.org\/{rel}","templated":true}]}}