{"id":281583,"date":"2025-12-10T18:35:08","date_gmt":"2025-12-10T18:35:08","guid":{"rendered":"https:\/\/www.europesays.com\/es\/281583\/"},"modified":"2025-12-10T18:35:08","modified_gmt":"2025-12-10T18:35:08","slug":"luz-verde-a-la-financiacion-del-farmaco-alecensa-alectinib-de-roche-para-el-cancer-de-pulmon-alk-en-fase-inicial","status":"publish","type":"post","link":"https:\/\/www.europesays.com\/es\/281583\/","title":{"rendered":"Luz verde a la financiaci\u00f3n del f\u00e1rmaco Alecensa (alectinib) de Roche para el c\u00e1ncer de pulm\u00f3n ALK+ en fase inicial"},"content":{"rendered":"<p><strong>Patricia Dur\u00e1n Carrasco<\/strong><br \/>La farmac\u00e9utica <a href=\"https:\/\/www.roche.es\/\" target=\"_blank\" rel=\"noopener nofollow\"><strong>Roche<\/strong> <\/a>ha anunciado este mi\u00e9rcoles que el <strong>Ministerio de Sanidad<\/strong> ha dado luz verde a la financiaci\u00f3n en Espa\u00f1a de <strong>alectinib (Alecensa)<\/strong>, que reduce las posibilidades de reca\u00edda tras la operaci\u00f3n del c\u00e1ncer de pulm\u00f3n en los estadios iniciales del subtipo ALK+. La financiaci\u00f3n es efectiva desde el 1 de diciembre de 2025, y la decisi\u00f3n se ha basado en los resultados positivos del <a href=\"https:\/\/clinicaltrials.gov\/study\/NCT03456076\" target=\"_blank\" rel=\"noopener nofollow\"><strong>ensayo Alina en fase III<\/strong><\/a>, que ha mostrado una reducci\u00f3n del 76% del riesgo de reca\u00edda o muerte en este perfil de pacientes.<\/p>\n<p>El <strong>subtipo tumoral ALK+<\/strong> es el m\u00e1s frecuente en la poblaci\u00f3n joven (edad media 52 a\u00f1os), siendo el 54% mujeres y no est\u00e1n relacionados con el h\u00e1bito del tabaquismo. El uso de la alectinib \u201cva a cambar el paradigma del tratamiento del paciente, aportando mayor comodidad, ahorro de tiempo y un aligeramiento en la carga asistencial sanitaria\u201d, ha comentado la <strong>Dra. Mariluz Amador<\/strong>, directora m\u00e9dico de Roche Farma Espa\u00f1a. Este f\u00e1rmaco es de toma oral diaria y su tiempo de prescripci\u00f3n es de dos a\u00f1os. Adem\u00e1s, en los casos avanzados de la enfermedad, la alectinib sigue siendo seguro en un periodo superior a dos a\u00f1os, aportando un mejor pron\u00f3stico del paciente.<\/p>\n<p>El tratamiento con alectinib en adyundancia ha reducido el riesgo de reca\u00edda o muerte en pacientes de c\u00e1ncer de pulm\u00f3n ALK+ en un 76%<\/p>\n<p>Actualmente, en algunas comunidades, los pacientes con c\u00e1ncer de pulm\u00f3n ALK+ en fases iniciales est\u00e1n tomando la alectinib en adyundancia. Aun as\u00ed, el <strong>Dr. Fernando L\u00f3pez-R\u00edos<\/strong>, jefe de secci\u00f3n de Anatom\u00eda Patol\u00f3gica del <strong>Hospital 12 de Octubre de Madrid<\/strong>, ha recordado que \u201clos circuitos de los laboratorios son complejos, pero los flujos de trabajo no pueden continuar si no tienen un n\u00famero de pacientes y muestras para analizar. Incluir a los pacientes en estos flujos van a influir que tengan los resultados m\u00e1s pronto y sean m\u00e1s costes efectivos\u201d. Por ende, se implementar\u00eda con mayor rapidez en todas las consultas de los onc\u00f3logos, llegando as\u00ed a todos los pacientes.<\/p>\n<p><strong>Efectos secundarios de alectinib\u00a0<\/strong><\/p>\n<p>Respecto a los efectos secundarios del f\u00e1rmaco, \u201cse ocasionan deliberadamente al bloquear la prote\u00edna concreta\u201d, ha matizado el <strong>Dr. Javier de Castro<\/strong>, jefe de secci\u00f3n del Servicio de Oncolog\u00eda M\u00e9dica del <strong>Hospital La Paz de Madrid<\/strong>. De esta forma, las alteraciones que aparecen son leves y controladas, como problemas gastrointestinales, que, en general, son bien toleradas.<\/p>\n<p>Uno de los puntos clave en el tratamiento con alectinib es identificar a los pacientes que pueden beneficiarse de este f\u00e1rmaco. Para ello es esencial <strong>detectar el biomarcador ALK+<\/strong>\u00a0en pacientes con c\u00e1ncer de pulm\u00f3n no microc\u00edtico (CPNM) tanto en fases precoces como avanzadas. \u201cEl diagn\u00f3stico molecular es esencial para identificar las alteraciones gen\u00f3micas de cada tumor, que permite seleccionar terapias dirigidas m\u00e1s eficaces\u201d, ha comentado el Dr. L\u00f3pez-R\u00edos. \u201cDisponer de esta informaci\u00f3n en fases tempranas resulta esencial\u201d, a\u00f1ade.<\/p>\n","protected":false},"excerpt":{"rendered":"Patricia Dur\u00e1n CarrascoLa farmac\u00e9utica Roche ha anunciado este mi\u00e9rcoles que el Ministerio de Sanidad ha dado luz verde&hellip;\n","protected":false},"author":2,"featured_media":281584,"comment_status":"","ping_status":"","sticky":false,"template":"","format":"standard","meta":{"footnotes":""},"categories":[92],"tags":[3297,19733,25,24,6861,165,2217,8509,7288,166,23],"class_list":{"0":"post-281583","1":"post","2":"type-post","3":"status-publish","4":"format-standard","5":"has-post-thumbnail","7":"category-salud","8":"tag-a1","9":"tag-cancer-de-pulmon","10":"tag-es","11":"tag-espana","12":"tag-financiacion","13":"tag-health","14":"tag-laboratorios","15":"tag-ministerio-de-sanidad","16":"tag-roche","17":"tag-salud","18":"tag-spain"},"share_on_mastodon":{"url":"https:\/\/pubeurope.com\/@es\/115696718624000512","error":""},"_links":{"self":[{"href":"https:\/\/www.europesays.com\/es\/wp-json\/wp\/v2\/posts\/281583","targetHints":{"allow":["GET"]}}],"collection":[{"href":"https:\/\/www.europesays.com\/es\/wp-json\/wp\/v2\/posts"}],"about":[{"href":"https:\/\/www.europesays.com\/es\/wp-json\/wp\/v2\/types\/post"}],"author":[{"embeddable":true,"href":"https:\/\/www.europesays.com\/es\/wp-json\/wp\/v2\/users\/2"}],"replies":[{"embeddable":true,"href":"https:\/\/www.europesays.com\/es\/wp-json\/wp\/v2\/comments?post=281583"}],"version-history":[{"count":0,"href":"https:\/\/www.europesays.com\/es\/wp-json\/wp\/v2\/posts\/281583\/revisions"}],"wp:featuredmedia":[{"embeddable":true,"href":"https:\/\/www.europesays.com\/es\/wp-json\/wp\/v2\/media\/281584"}],"wp:attachment":[{"href":"https:\/\/www.europesays.com\/es\/wp-json\/wp\/v2\/media?parent=281583"}],"wp:term":[{"taxonomy":"category","embeddable":true,"href":"https:\/\/www.europesays.com\/es\/wp-json\/wp\/v2\/categories?post=281583"},{"taxonomy":"post_tag","embeddable":true,"href":"https:\/\/www.europesays.com\/es\/wp-json\/wp\/v2\/tags?post=281583"}],"curies":[{"name":"wp","href":"https:\/\/api.w.org\/{rel}","templated":true}]}}