{"id":281600,"date":"2025-12-10T18:49:14","date_gmt":"2025-12-10T18:49:14","guid":{"rendered":"https:\/\/www.europesays.com\/es\/281600\/"},"modified":"2025-12-10T18:49:14","modified_gmt":"2025-12-10T18:49:14","slug":"no-es-lo-adecuado-tener-cuatro-extracomunitarios-en-el-equipo","status":"publish","type":"post","link":"https:\/\/www.europesays.com\/es\/281600\/","title":{"rendered":"No es lo adecuado tener cuatro extracomunitarios en el equipo"},"content":{"rendered":"<p>\n        Durante la presentaci\u00f3n de Gytis Radzevicius, F\u00e9lix Fern\u00e1ndez tambi\u00e9n ha repasado aspectos candentes de la actualidad del Kosner Baskonia como la superpoblaci\u00f3n en el puesto de base y la presencia de cuatro extracomunitarios en el equipo, <strong>algo que a juicio director deportivo \u00abno es lo adecuado\u00bb<\/strong>, por lo que alg\u00fan director deber\u00e1 abandonar en breve la disciplina de Paolo Galbiati.\n<\/p>\n<p class=\"article-body__text \">\n        Con el pr\u00f3ximo retorno de Trent Forrest ante el Real Madrid, el fin del contrato temporal de dos meses firmado en su d\u00eda por Kobi Simmons a la vuelta de la esquina y Markquis Nowell con un v\u00ednculo garantizado hasta finales de junio sin opci\u00f3n de corte como avanz\u00f3 este peri\u00f3dico, <strong>el Kosner Baskonia debe tomar una decisi\u00f3n urgente al respecto<\/strong>.\n<\/p>\n<p>            <a href=\"https:\/\/www.noticiasdealava.eus\/baskonia\/2025\/12\/10\/felix-baskonia-sedekerkis-2-meses-de-baja-operacion-tobillo-10452626.html\" title=\"Sedekerskis estar\u00e1 cerca de dos meses de baja\" class=\"new__media\" rel=\"nofollow noopener\" target=\"_blank\"><\/p>\n<p>                <img alt=\"Sedekerskis estar\u00e1 cerca de dos meses de baja\" data-src=\"https:\/\/www.europesays.com\/es\/wp-content\/uploads\/2025\/12\/7d3297ca-ecbb-4db9-a914-241ac59ef335_16-9-aspect-ratio_default_0_x848y539.jpg\" class=\"lozad\"\/><\/p>\n<p>        <\/a><\/p>\n<p>        <a href=\"https:\/\/www.noticiasdealava.eus\/baskonia\/2025\/12\/10\/felix-baskonia-sedekerkis-2-meses-de-baja-operacion-tobillo-10452626.html\" title=\"Sedekerskis estar\u00e1 cerca de dos meses de baja\" class=\"new__headline\" rel=\"nofollow noopener\" target=\"_blank\"><br \/>\n            Sedekerskis estar\u00e1 cerca de dos meses de baja<br \/>\n        <\/a><\/p>\n<p class=\"article-body__text \">\n        \u00abNos queda una semana. <strong>Vamos a ver c\u00f3mo evolucionan los partidos, jugamos cada dos o tres d\u00edas y puede suceder cualquier cosa. No cerramos ninguna puerta<\/strong>. Estamos contentos con los jugadores que tenemos y con Kobi tambi\u00e9n estamos contentos. Hay d\u00edas para tomar decisiones al respecto\u00bb, se limit\u00f3 a se\u00f1alar Fern\u00e1ndez.\n<\/p>\n<p class=\"article-body__text \">\n        En caso de mantener en n\u00f3mina a los cuatro extracomunitarios (Forrest, Simmons, Nowell y Howard), que s\u00ed pueden coincidir en la Euroliga al no haber discriminaci\u00f3n por nacionalidades, <strong>dos de ellos tendr\u00e1n que quedarse fuera sistem\u00e1ticamente antes de cada encuentro en la ACB<\/strong>. Un lujo que, por razones obvias, el Kosner Baskonia no se puede permitir.\n<\/p>\n<p class=\"article-body__text \">\n        El director deportivo tambi\u00e9n record\u00f3 que la marcha de Hamidou Diallo de Vitoria fue obligada ya que el exterior con pasaporte guineano<strong> \u00abnos pidi\u00f3 salir por una situaci\u00f3n personal\u00bb<\/strong>.\n<\/p>\n<p>        \u00abNos queda una semana. Vamos a ver c\u00f3mo evolucionan los partidos, jugamos cada dos o tres d\u00edas y puede suceder cualquier cosa. No cerramos ninguna puerta. Estamos contentos con los jugadores que tenemos y con Kobi tambi\u00e9n estamos contentos\u00bb<\/p>\n<p class=\"article-quote__author\">F\u00e9lix Fern\u00e1ndez &#8211; Director deportivo del Kosner Baskonia<\/p>\n<p class=\"article-body__text \">\n        \u00abAnte esta situaci\u00f3n, hay que buscar una salida y eso nos lleva a incorporar un jugador de la manera m\u00e1s r\u00e1pida en 24-48 horas. <strong>Con Gytis traemos al capit\u00e1n de un equipo, no ha sido f\u00e1cil a estas alturas sacar a su mejor jugador de un club<\/strong>\u00ab, valor\u00f3 Fern\u00e1ndez, quien dej\u00f3 claro que tanto su salida como la de Samanic, aun resultando <strong>\u00abdos casos totalmente diferentes, ha sido lo mejor para todas las partes<\/strong>\u00ab.\n<\/p>\n<p>  Tim, \u00abcontento\u00bb en Vitoria<\/p>\n<p class=\"article-body__text \">\n        Por \u00faltimo, tambi\u00e9n abord\u00f3<strong> una posible ampliaci\u00f3n de contrato de Luwawu-Cabarrot<\/strong>, sin duda el jugador franquicia del Kosner Baskonia desde el comienzo de la temporada que finaliza su vinculaci\u00f3n con el club vitoriano el pr\u00f3ximo mes de junio.\n<\/p>\n<p class=\"article-body__text \">\n        \u00abTim est\u00e1 jugando a un nivel extraordinario. <strong>Su renovaci\u00f3n son cosas a nivel interno<\/strong>. Estamos en ese proceso porque es un jugador importante y \u00e9l tambi\u00e9n tiene su mercado a nivel europeo con el nivel que est\u00e1 dando. <strong>Pero est\u00e1 contento en Vitoria y hay que esperar<\/strong>\u00ab, concluy\u00f3 Fern\u00e1ndez.<\/p>\n","protected":false},"excerpt":{"rendered":"Durante la presentaci\u00f3n de Gytis Radzevicius, F\u00e9lix Fern\u00e1ndez tambi\u00e9n ha repasado aspectos candentes de la actualidad del Kosner&hellip;\n","protected":false},"author":2,"featured_media":281601,"comment_status":"","ping_status":"","sticky":false,"template":"","format":"standard","meta":{"footnotes":""},"categories":[269],"tags":[27357,299,298,4714,954,168,622,25,24,68196,41447,6018,23,167],"class_list":{"0":"post-281600","1":"post","2":"type-post","3":"status-publish","4":"format-standard","5":"has-post-thumbnail","7":"category-baloncesto","8":"tag-adecuado","9":"tag-baloncesto","10":"tag-basketball","11":"tag-baskonia","12":"tag-cuatro","13":"tag-deportes","14":"tag-equipo","15":"tag-es","16":"tag-espana","17":"tag-extracomunitarios","18":"tag-nowell","19":"tag-simmons","20":"tag-spain","21":"tag-sports"},"share_on_mastodon":{"url":"https:\/\/pubeurope.com\/@es\/115696773617295334","error":""},"_links":{"self":[{"href":"https:\/\/www.europesays.com\/es\/wp-json\/wp\/v2\/posts\/281600","targetHints":{"allow":["GET"]}}],"collection":[{"href":"https:\/\/www.europesays.com\/es\/wp-json\/wp\/v2\/posts"}],"about":[{"href":"https:\/\/www.europesays.com\/es\/wp-json\/wp\/v2\/types\/post"}],"author":[{"embeddable":true,"href":"https:\/\/www.europesays.com\/es\/wp-json\/wp\/v2\/users\/2"}],"replies":[{"embeddable":true,"href":"https:\/\/www.europesays.com\/es\/wp-json\/wp\/v2\/comments?post=281600"}],"version-history":[{"count":0,"href":"https:\/\/www.europesays.com\/es\/wp-json\/wp\/v2\/posts\/281600\/revisions"}],"wp:featuredmedia":[{"embeddable":true,"href":"https:\/\/www.europesays.com\/es\/wp-json\/wp\/v2\/media\/281601"}],"wp:attachment":[{"href":"https:\/\/www.europesays.com\/es\/wp-json\/wp\/v2\/media?parent=281600"}],"wp:term":[{"taxonomy":"category","embeddable":true,"href":"https:\/\/www.europesays.com\/es\/wp-json\/wp\/v2\/categories?post=281600"},{"taxonomy":"post_tag","embeddable":true,"href":"https:\/\/www.europesays.com\/es\/wp-json\/wp\/v2\/tags?post=281600"}],"curies":[{"name":"wp","href":"https:\/\/api.w.org\/{rel}","templated":true}]}}