{"id":28168,"date":"2025-08-05T22:33:14","date_gmt":"2025-08-05T22:33:14","guid":{"rendered":"https:\/\/www.europesays.com\/es\/28168\/"},"modified":"2025-08-05T22:33:14","modified_gmt":"2025-08-05T22:33:14","slug":"el-espantoso-estado-fisico-de-harden-absorbio-los-kilos-de-doncic","status":"publish","type":"post","link":"https:\/\/www.europesays.com\/es\/28168\/","title":{"rendered":"El espantoso estado f\u00edsico de Harden: \u00abAbsorbi\u00f3 los kilos de Doncic\u00bb"},"content":{"rendered":"<p class=\"ft-text\"><a href=\"https:\/\/www.sport.es\/es\/noticias\/baloncesto\/reaccion-lebron-nuevo-contrato-doncic-120353265\" class=\"ft-link ft-link--decoration\" rel=\"nofollow noopener\" target=\"_blank\"><strong>James Harden disfruta del verano en China<\/strong><\/a><a href=\"https:\/\/www.sport.es\/es\/noticias\/baloncesto\/reaccion-lebron-nuevo-contrato-doncic-120353265\" class=\"ft-link ft-link--decoration\" rel=\"nofollow noopener\" target=\"_blank\">.<\/a> El jugador de Los \u00c1ngeles Clippers, de 35 a\u00f1os, ha sido varias veces se\u00f1alado por su f\u00edsico, como con otros jugadores de la NBA como Doncic o Jokic. En su gira de promoci\u00f3n por Asia, concretamente en Guangzhou, ha circulado un v\u00eddeo en redes sociales <strong>en los que se ve al jugador nortamericano con un evidente sobrepeso.<\/strong><\/p>\n<p class=\"ft-text\">El principal objetivo de &#8216;La Barba&#8217; hasta el final de su carrera es el de conseguir el anillo de la NBA. <strong>Harden jam\u00e1s ha ganado el t\u00edtulo de la liga norteamericana con ninguno de sus equipos<\/strong>, y no parece que su equipo actual sea de los m\u00e1ximos candidatos para la pr\u00f3xima temporada. Los aficionados se han mostrado claramente decepcionados con el estado f\u00edsico del jugador tras ver el v\u00eddeo.<\/p>\n<p class=\"ft-text\">Algunos usuarios no dudaron en comparar el f\u00edsico de Harden con el de Doncic. \u00ab<strong>Recuper\u00f3 todos los kilos que perdi\u00f3 Luka<\/strong>\u00ab, coment\u00f3 un miembro de &#8216;X&#8217;, mientras que otro sigui\u00f3 la misma l\u00ednea: \u00ab<strong>Parece que James Harden absorbi\u00f3 a Luka Doncic como Cell de Dragon Ball Z\u00bb<\/strong>, coment\u00f3.<\/p>\n<p class=\"ft-text\">Y es que Luka Doncic ha llevado a cabo un sorprendente cambio f\u00edsico este verano. El esloveno, mucho m\u00e1s delgado, ha seguido una rutina de manera fija para afrontar la pr\u00f3xima temporada al mejor nivel, aunque ya se le podr\u00e1 ver antes de empezar el curso en Estados Unidos. Y es que el base jugar\u00e1 el Eurobasket con su selecci\u00f3n.<\/p>\n<p class=\"ft-text\">Otros incluso han puesto en duda que realmente Harden se encuentre en este estado f\u00edsico. <strong>En otras fotograf\u00edas que ha subido en China, el sobrepreso del jugador de los Clippers no es tan visible<\/strong>, lo que ha hecho que algunos usuarios hayan llegado a la conclusi\u00f3n de que el v\u00eddeo est\u00e1 editado. Aun as\u00ed, la fisionom\u00eda de Harden en \u00e9poca estival nunca ha sido precisamente delgada.<\/p>\n<p><img decoding=\"async\" src=\"https:\/\/www.europesays.com\/es\/wp-content\/uploads\/2025\/08\/3548b7fc-b9ef-4019-af9b-8327640404ca_alta-libre-aspect-ratio_default_0.jpg\" width=\"1200\" height=\"675\" alt=\"James Harden junto a Luka Doncic durante un partido del playoff\" class=\"ft-helper-img-rd\" loading=\"lazy\" hasdataaida=\"true\"\/><\/p>\n<p class=\"ft-helper-fontColor-quaternary ft-helper-fontSize-body-S ft-helper-spacer-t-xxs\">James Harden junto a Luka Doncic durante un partido del playoff  \/ EFE<\/p>\n<p class=\"ft-text\">Aun as\u00ed, es evidente que no se ha olvidado del baloncesto, ya que el v\u00eddeo capta al jugador entrenando y prepar\u00e1ndose para todo lo que viene. <strong>Harden jug\u00f3 la mejor temporada de los \u00faltimos a\u00f1os de su carrera, promediando un total de 22,5 puntos, 5,7 rebotes y 8,7 asistencias por encuentro<\/strong>. En los playoffs, los n\u00fameros fueron bastante similares.<\/p>\n<p>Un buen a\u00f1o en los Clippers<\/p>\n<p class=\"ft-text\"><strong>Tampoco fue un mal a\u00f1o para los Clippers en temporada regular<\/strong>, donde no tuvieron problemas para clasificarse para los playoffs, quedando quintos de conferencia. <strong>Con un balance de 50 victorias y 32 derrotas<\/strong>, la franquicia angelina demostr\u00f3 su gran calidad e igual\u00f3 el rendimiento de los Nuggets y los Lakers, que se impusieron en la tabla por otra estad\u00edstica.<\/p>\n<p class=\"ft-text\">De hecho, fue precisamente contra los Denver Nuggets con los que cayeron en los playoffs, en una eliminatoria que tuvo que decidirse en el s\u00e9ptimo y \u00faltimo partido.<strong> El conjunto liderado por James Harden lleg\u00f3 a colocarse 2-1 en el global<\/strong>, pero el factor cancha fue decisivo en el s\u00e9ptimo, donde los de Jokic vencieron por 120-101.<\/p>\n","protected":false},"excerpt":{"rendered":"James Harden disfruta del verano en China. El jugador de Los \u00c1ngeles Clippers, de 35 a\u00f1os, ha sido&hellip;\n","protected":false},"author":2,"featured_media":28169,"comment_status":"","ping_status":"","sticky":false,"template":"","format":"standard","meta":{"footnotes":""},"categories":[269],"tags":[299,298,168,7426,25,24,15278,1725,23,167],"class_list":{"0":"post-28168","1":"post","2":"type-post","3":"status-publish","4":"format-standard","5":"has-post-thumbnail","7":"category-baloncesto","8":"tag-baloncesto","9":"tag-basketball","10":"tag-deportes","11":"tag-doncic","12":"tag-es","13":"tag-espana","14":"tag-harden","15":"tag-nba","16":"tag-spain","17":"tag-sports"},"share_on_mastodon":{"url":"","error":""},"_links":{"self":[{"href":"https:\/\/www.europesays.com\/es\/wp-json\/wp\/v2\/posts\/28168","targetHints":{"allow":["GET"]}}],"collection":[{"href":"https:\/\/www.europesays.com\/es\/wp-json\/wp\/v2\/posts"}],"about":[{"href":"https:\/\/www.europesays.com\/es\/wp-json\/wp\/v2\/types\/post"}],"author":[{"embeddable":true,"href":"https:\/\/www.europesays.com\/es\/wp-json\/wp\/v2\/users\/2"}],"replies":[{"embeddable":true,"href":"https:\/\/www.europesays.com\/es\/wp-json\/wp\/v2\/comments?post=28168"}],"version-history":[{"count":0,"href":"https:\/\/www.europesays.com\/es\/wp-json\/wp\/v2\/posts\/28168\/revisions"}],"wp:featuredmedia":[{"embeddable":true,"href":"https:\/\/www.europesays.com\/es\/wp-json\/wp\/v2\/media\/28169"}],"wp:attachment":[{"href":"https:\/\/www.europesays.com\/es\/wp-json\/wp\/v2\/media?parent=28168"}],"wp:term":[{"taxonomy":"category","embeddable":true,"href":"https:\/\/www.europesays.com\/es\/wp-json\/wp\/v2\/categories?post=28168"},{"taxonomy":"post_tag","embeddable":true,"href":"https:\/\/www.europesays.com\/es\/wp-json\/wp\/v2\/tags?post=28168"}],"curies":[{"name":"wp","href":"https:\/\/api.w.org\/{rel}","templated":true}]}}