{"id":281731,"date":"2025-12-10T20:24:16","date_gmt":"2025-12-10T20:24:16","guid":{"rendered":"https:\/\/www.europesays.com\/es\/281731\/"},"modified":"2025-12-10T20:24:16","modified_gmt":"2025-12-10T20:24:16","slug":"el-arquitecto-dombenitense-jose-maria-sanchez-garcia-nuevo-comisario-del-programa-de-la-fundacion-arquia","status":"publish","type":"post","link":"https:\/\/www.europesays.com\/es\/281731\/","title":{"rendered":"El arquitecto dombenitense Jos\u00e9 Mar\u00eda S\u00e1nchez Garc\u00eda, nuevo comisario del programa de la Fundaci\u00f3n Arquia"},"content":{"rendered":"<p style=\"text-align: justify;\"><img decoding=\"async\" src=\"https:\/\/www.europesays.com\/es\/wp-content\/uploads\/2025\/12\/xjosemariasanchez.jpg.pagespeed.ic.jDXV4SqGMg.jpg\" alt=\"jose maria sanchez garc\u00eda\" class=\"\" data-pagespeed-url-hash=\"2408442544\" onload=\"pagespeed.CriticalImages.checkImageForCriticality(this);\"\/><\/p>\n<p style=\"text-align: justify;\">La Fundaci\u00f3n Arquia anuncia el comisario y el tema de la X edici\u00f3n de arquia\/pr\u00f3xima (2024\u20132025), el programa dedicado a impulsar, promocionar y poner en valor la arquitectura emergente de Espa\u00f1a y Portugal. Esta convocatoria, abierta hasta el 5 de febrero de 2026, est\u00e1 comisariada por el arquitecto dombenitense Jos\u00e9 Mar\u00eda S\u00e1nchez Garc\u00eda, con la propuesta \u00abTerritorio\u00bb, que invita a repensar este concepto m\u00e1s all\u00e1 de su dimensi\u00f3n geogr\u00e1fica, incorporando aspectos culturales, ecol\u00f3gicos, sociales y virtuales.<\/p>\n<p style=\"text-align: justify;\">En esta edici\u00f3n, el tema Territorio busca reflejar el modo en que las generaciones j\u00f3venes de la arquitectura trabajan entre lo digital y lo real, trasladando procesos inmateriales a realidades construidas. As\u00ed lo explica el comisario Jos\u00e9 Mar\u00eda S\u00e1nchez Garc\u00eda.<br \/>\u00abEl territorio siempre ha estado presente en la arquitectura, pero hoy es m\u00e1s actual que nunca reflexionar como releerlo. Nos movemos entre lo virtual y lo tangible, entre lo que es real y lo que no lo es. Este territorio h\u00edbrido es el campo de trabajo del arquitecto contempor\u00e1neo\u00bb.<\/p>\n<p style=\"text-align: justify;\">La edici\u00f3n 2024\u20132025 busca realizaciones que interpreten el territorio desde m\u00faltiples escalas y perspectivas, reflejando la diversidad de aproximaciones que caracteriza a la arquitectura emergente en Espa\u00f1a y Portugal. La convocatoria est\u00e1 abierta a iniciativas que aborden el territorio desde diferentes enfoques: desde proyectos de paisaje a gran escala hasta intervenciones en vivienda que transformen los propios barrios, pasando por intervenciones urbanas, iniciativas comunitarias o procesos digitales.<\/p>\n<p style=\"text-align: justify;\">\u00abLa idea de territorio es interesante por su condici\u00f3n escalable, los l\u00edmites entre lo f\u00edsico y lo virtual y la posibilidad de explorar distintos tipos de territorios. Esta tem\u00e1tica nos ofrece flexibilidad y apertura\u00bb, se\u00f1ala Jos\u00e9 Mar\u00eda S\u00e1nchez Garc\u00eda, quien tambi\u00e9n preside el jurado de esta edici\u00f3n.<\/p>\n<p style=\"text-align: justify;\"><strong>Criterios de participaci\u00f3n y premios<\/strong><br \/>En arquia\/pr\u00f3xima 2024-2025 podr\u00e1n participar profesionales de la arquitectura y disciplinas afines titulados en escuelas de Espa\u00f1a o Portugal con menos de diez a\u00f1os de ejercicio profesional. El comisario y el jurado de cada edici\u00f3n eligen las realizaciones ganadoras de los premios arquia\/pr\u00f3xima, dotado con 15.000 euros, y arquia\/innova, con 3.000 euros, en reconocimiento a la creatividad, la innovaci\u00f3n y la capacidad transformadora de las realizaciones seleccionadas.<\/p>\n<p style=\"text-align: justify;\"><strong>Calendario<\/strong><br \/>Cierre de inscripciones de la presente convocatoria: 5 de febrero 2026<br \/>Anuncio de realizaciones seleccionadas: abril 2026<br \/>Festival arquia\/pr\u00f3xima 2026 y anuncio de realizaciones ganadoras: octubre de 2026 en Barcelona.<\/p>\n<p style=\"text-align: justify;\"><strong>Sobre Jose\u0301 Mari\u0301a Sa\u0301nchez Garci\u0301a<\/strong><\/p>\n<p style=\"text-align: justify;\">Jose\u0301 Mari\u0301a Sa\u0301nchez Garci\u0301a (1975, Don Benito) es Arquitecto (2002) y Doctor Arquitecto (2016) por la Escuela Te\u0301cnica Superior de Arquitectura de Madrid. En la actualidad es Profesor Titular de Proyectos Arquitecto\u0301nicos en la ETSAM. Tambie\u0301n ha sido profesor invitado en la Academia de Arquitectura de Mendrisio (Suiza), en la Universidad ETH de Zu\u0301rich y en la IUAV de Venecia.<br \/>Adema\u0301s, desde el an\u0303o 2017 es Miembro Honori\u0301fico, International Fellowship, del Royal Institute of British Architects (RIBA). En el an\u0303o 2006 funda su propio estudio con sede en Madrid y en Suiza, desarrollando proyectos pu\u0301blicos ganados en concursos de arquitectura. Su trabajo ha sido reconocido con premios de a\u0301mbito nacional e internacional tales como el Primer Premio Internacional BSI Swiss Architectural Award, Suiza; Primer Premio AR+D Architecture Review Awards, Londres; Premio Architectural Record&#8217;s Design Vanguard, Nueva York; Primer Premio Bienal Iberoamericana de Arquitectura y Urbanismo y Primer Premio Bienal Espan\u0303ola de Arquitectura y Urbanismo, entre otros. Sus proyectos han sido publicados en revistas nacionales e internacionales indexadas.<\/p>\n","protected":false},"excerpt":{"rendered":"La Fundaci\u00f3n Arquia anuncia el comisario y el tema de la X edici\u00f3n de arquia\/pr\u00f3xima (2024\u20132025), el programa&hellip;\n","protected":false},"author":2,"featured_media":281732,"comment_status":"","ping_status":"","sticky":false,"template":"","format":"standard","meta":{"footnotes":""},"categories":[173],"tags":[229,233,231,230,232,234,146,147,25,24,23],"class_list":{"0":"post-281731","1":"post","2":"type-post","3":"status-publish","4":"format-standard","5":"has-post-thumbnail","7":"category-arte-y-diseno","8":"tag-arte","9":"tag-arte-y-diseno","10":"tag-arts","11":"tag-arts-and-design","12":"tag-design","13":"tag-diseno","14":"tag-entertainment","15":"tag-entretenimiento","16":"tag-es","17":"tag-espana","18":"tag-spain"},"share_on_mastodon":{"url":"https:\/\/pubeurope.com\/@es\/115697147240079021","error":""},"_links":{"self":[{"href":"https:\/\/www.europesays.com\/es\/wp-json\/wp\/v2\/posts\/281731","targetHints":{"allow":["GET"]}}],"collection":[{"href":"https:\/\/www.europesays.com\/es\/wp-json\/wp\/v2\/posts"}],"about":[{"href":"https:\/\/www.europesays.com\/es\/wp-json\/wp\/v2\/types\/post"}],"author":[{"embeddable":true,"href":"https:\/\/www.europesays.com\/es\/wp-json\/wp\/v2\/users\/2"}],"replies":[{"embeddable":true,"href":"https:\/\/www.europesays.com\/es\/wp-json\/wp\/v2\/comments?post=281731"}],"version-history":[{"count":0,"href":"https:\/\/www.europesays.com\/es\/wp-json\/wp\/v2\/posts\/281731\/revisions"}],"wp:featuredmedia":[{"embeddable":true,"href":"https:\/\/www.europesays.com\/es\/wp-json\/wp\/v2\/media\/281732"}],"wp:attachment":[{"href":"https:\/\/www.europesays.com\/es\/wp-json\/wp\/v2\/media?parent=281731"}],"wp:term":[{"taxonomy":"category","embeddable":true,"href":"https:\/\/www.europesays.com\/es\/wp-json\/wp\/v2\/categories?post=281731"},{"taxonomy":"post_tag","embeddable":true,"href":"https:\/\/www.europesays.com\/es\/wp-json\/wp\/v2\/tags?post=281731"}],"curies":[{"name":"wp","href":"https:\/\/api.w.org\/{rel}","templated":true}]}}