{"id":281733,"date":"2025-12-10T20:26:11","date_gmt":"2025-12-10T20:26:11","guid":{"rendered":"https:\/\/www.europesays.com\/es\/281733\/"},"modified":"2025-12-10T20:26:11","modified_gmt":"2025-12-10T20:26:11","slug":"la-comunidad-de-madrid-demanda-al-programa-mananeros-de-rtve","status":"publish","type":"post","link":"https:\/\/www.europesays.com\/es\/281733\/","title":{"rendered":"La Comunidad de Madrid demanda al programa &#8216;Ma\u00f1aneros&#8217; de RTVE"},"content":{"rendered":"<p>\n        El Ejecutivo regional de <a href=\"https:\/\/www.noticiasdenavarra.com\/politica\/2025\/12\/09\/ayuso-sentencia-garcia-ortiz-fiscal-10451507.html\" title=\"Isabel D\u00edaz Ayuso\" class=\"link copy\" rel=\"nofollow noopener\" target=\"_blank\">Isabel D\u00edaz Ayuso<\/a> ha interpuesto una <strong>demanda civil<\/strong> contra el programa <strong>&#8216;Ma\u00f1aneros&#8217; de RTVE<\/strong> por la emisi\u00f3n de un <strong>r\u00f3tulo<\/strong> que vinculaba una <strong>subvenci\u00f3n de la Comunidad de Madrid<\/strong> al Ilustre Colegio de Abogados de Madrid (ICAM) con el papel de esta instituci\u00f3n como acusaci\u00f3n contra el ya ex fiscal general del Estado, <a href=\"https:\/\/www.noticiasdenavarra.com\/politica\/2025\/12\/10\/boe-publica-cese-alvaro-garcia-10452378.html\" title=\"\u00c1lvaro Garc\u00eda Ortiz\" class=\"link copy\" rel=\"nofollow noopener\" target=\"_blank\">\u00c1lvaro Garc\u00eda Ortiz<\/a>.\n<\/p>\n<p class=\"article-body__text \">\n        As\u00ed lo han confirmado a EFE fuentes de la Comunidad de Madrid, tras la encomienda al Abogac\u00eda General de la Comunidad de Madrid para ejercer acciones ante la Jurisdicci\u00f3n Civil contra el programa, seg\u00fan consta en el listado de acuerdos del Consejo de Gobierno.\n<\/p>\n<blockquote class=\"twitter-tweet\" data-lang=\"es\">\n<p lang=\"es\" dir=\"ltr\">\ud83d\udd35Para Ayuso, la atenci\u00f3n en las residencias durante la pandemia fue \u00abadecuada\u00bb y acusa a la oposici\u00f3n de buscar hacer da\u00f1o a su gobierno<\/p>\n<p>Mercedes Huertas, familiar v\u00edctima: \u00abLes hicieron una discriminaci\u00f3n que los llevaron a la tumba\u00bb<a href=\"https:\/\/twitter.com\/hashtag\/Ma%C3%B1aneros10D?src=hash&amp;ref_src=twsrc%5Etfw\" rel=\"nofollow noopener\" target=\"_blank\">#Ma\u00f1aneros10D<\/a> <a href=\"https:\/\/t.co\/CfpoB4nErB\" rel=\"nofollow\">https:\/\/t.co\/CfpoB4nErB<\/a> <a href=\"https:\/\/t.co\/gJiPyvtzML\" rel=\"nofollow\">pic.twitter.com\/gJiPyvtzML<\/a><\/p>\n<p>\u2014 Ma\u00f1aneros 360 (@MananerosTVE) <a href=\"https:\/\/twitter.com\/MananerosTVE\/status\/1998728685717696754?ref_src=twsrc%5Etfw\" rel=\"nofollow noopener\" target=\"_blank\">10 de diciembre de 2025<\/a><\/p><\/blockquote>\n<p class=\"article-body__text \">\n        El r\u00f3tulo fue emitido el pasado <strong>1 de diciembre<\/strong> y dec\u00eda: \u00abAyuso premia a la acusaci\u00f3n contra el fiscal. Subvenci\u00f3n de 43 millones para el ICAM a una semana de la denuncia al fiscal y, despu\u00e9s, licencia para convertirse en universidad\u201d.\n<\/p>\n<p class=\"article-body__text \">\n        Ese \u00faltimo punto hac\u00eda referencia a la constituci\u00f3n de un centro universitario del ICAM, adscrito a la Universidad Complutense de Madrid (UCM).\n<\/p>\n<p>  \u00abHa cumplido con la normativa vigente\u00bb<\/p>\n<p class=\"article-body__text \">\n        Ese mismo d\u00eda, el consejero madrile\u00f1o de Presidencia, Justicia y Administraci\u00f3n Local, Miguel \u00c1ngel Garc\u00eda Mart\u00edn, envi\u00f3 una carta al codirector de &#8216;Ma\u00f1aneros&#8217;, Pablo del Pozo, explicando que la tramitaci\u00f3n del centro universitario comenz\u00f3 en 2023 y que \u201cha cumplido escrupulosamente la normativa vigente\u201d, con \u201ctodos los informes favorables\u201d.\n<\/p>\n<p class=\"article-body__text \">\n        Sobre la subvenci\u00f3n, el consejero record\u00f3 que corresponde al abono por la financiaci\u00f3n del servicio de <strong>asistencia jur\u00eddica gratuita y turno de oficio<\/strong> que la Comunidad de Madrid presta desde 2003 a los colegios profesionales, incluido el ICAM.\n<\/p>\n<p class=\"article-body__text \">\n        Seg\u00fan la misiva, cualquier intento de vincular ese abono con otras circunstancias responde, a su juicio, a un <strong>\u201cdeseo de desinformar y confundir\u201d<\/strong>, un intento de <strong>\u201cdesprestigiar a la Comunidad y al ICAM\u201d<\/strong> y de justificar la actuaci\u00f3n del fiscal general del Estado. Por ello, el Ejecutivo exigi\u00f3 al programa la <strong>\u201cinmediata rectificaci\u00f3n\u201d<\/strong> de la informaci\u00f3n, calificada de <strong>tendenciosa<\/strong> y <strong>no ajustada a la verdad<\/strong>. Ante la ausencia de rectificaci\u00f3n, se ha procedido a interponer la <strong>demanda civil<\/strong>.\n<\/p>\n<p>            <script async src=\"https:\/\/platform.twitter.com\/widgets.js\" charset=\"utf-8\"><\/script><\/p>\n","protected":false},"excerpt":{"rendered":"El Ejecutivo regional de Isabel D\u00edaz Ayuso ha interpuesto una demanda civil contra el programa &#8216;Ma\u00f1aneros&#8217; de RTVE&hellip;\n","protected":false},"author":2,"featured_media":281734,"comment_status":"","ping_status":"","sticky":false,"template":"","format":"standard","meta":{"footnotes":""},"categories":[171],"tags":[6386,146,147,25,24,205,16116,2145,518,23,214],"class_list":{"0":"post-281733","1":"post","2":"type-post","3":"status-publish","4":"format-standard","5":"has-post-thumbnail","7":"category-tv","8":"tag-demanda","9":"tag-entertainment","10":"tag-entretenimiento","11":"tag-es","12":"tag-espana","13":"tag-madrid","14":"tag-mananeros","15":"tag-programa","16":"tag-rtve","17":"tag-spain","18":"tag-tv"},"share_on_mastodon":{"url":"https:\/\/pubeurope.com\/@es\/115697155127155164","error":""},"_links":{"self":[{"href":"https:\/\/www.europesays.com\/es\/wp-json\/wp\/v2\/posts\/281733","targetHints":{"allow":["GET"]}}],"collection":[{"href":"https:\/\/www.europesays.com\/es\/wp-json\/wp\/v2\/posts"}],"about":[{"href":"https:\/\/www.europesays.com\/es\/wp-json\/wp\/v2\/types\/post"}],"author":[{"embeddable":true,"href":"https:\/\/www.europesays.com\/es\/wp-json\/wp\/v2\/users\/2"}],"replies":[{"embeddable":true,"href":"https:\/\/www.europesays.com\/es\/wp-json\/wp\/v2\/comments?post=281733"}],"version-history":[{"count":0,"href":"https:\/\/www.europesays.com\/es\/wp-json\/wp\/v2\/posts\/281733\/revisions"}],"wp:featuredmedia":[{"embeddable":true,"href":"https:\/\/www.europesays.com\/es\/wp-json\/wp\/v2\/media\/281734"}],"wp:attachment":[{"href":"https:\/\/www.europesays.com\/es\/wp-json\/wp\/v2\/media?parent=281733"}],"wp:term":[{"taxonomy":"category","embeddable":true,"href":"https:\/\/www.europesays.com\/es\/wp-json\/wp\/v2\/categories?post=281733"},{"taxonomy":"post_tag","embeddable":true,"href":"https:\/\/www.europesays.com\/es\/wp-json\/wp\/v2\/tags?post=281733"}],"curies":[{"name":"wp","href":"https:\/\/api.w.org\/{rel}","templated":true}]}}