{"id":281741,"date":"2025-12-10T20:30:14","date_gmt":"2025-12-10T20:30:14","guid":{"rendered":"https:\/\/www.europesays.com\/es\/281741\/"},"modified":"2025-12-10T20:30:14","modified_gmt":"2025-12-10T20:30:14","slug":"llevamos-12-horas-en-urgencias-para-un-ingreso-por-neumonia","status":"publish","type":"post","link":"https:\/\/www.europesays.com\/es\/281741\/","title":{"rendered":"Llevamos 12 horas en Urgencias para un ingreso por neumon\u00eda"},"content":{"rendered":"<p>\n        La incidencia de <strong>gripe <\/strong>est\u00e1 <strong>saturando los servicios sanitarios <\/strong>de Navarra en los \u00faltimos d\u00edas, generando <strong>picos <\/strong>en las Urgencias que llegan a <strong>superar las 400 atenciones diarias<\/strong>. Durante la jornada de este martes, las Urgencias de adultos del <a href=\"https:\/\/www.noticiasdenavarra.com\/tags\/hospital-universitario-de-navarra\/\" title=\"Hospital Universitario de Navarra\" class=\"link copy\" rel=\"nofollow noopener\" target=\"_blank\">Hospital Universitario de Navarra<\/a> (HUN) atendieron a un total de <strong>407 pacientes<\/strong>, lo que se traduce en <strong>17 asistencias cada hora<\/strong>. Mientras, el pasado lunes 1 de diciembre, este servicio atendi\u00f3 a <strong>390 pacientes<\/strong>, y el 24 de noviembre,<strong> <\/strong>a<strong> 396<\/strong>. En el caso de <strong>pediatr\u00eda<\/strong>, el domingo 7 de diciembre se registraron <strong>172 atenciones<\/strong>. Adem\u00e1s, durante la semana pasada se produjeron un total de <strong>74 ingresos hospitalarios por gripe<\/strong>.\n<\/p>\n<p class=\"article-body__text \">\n        A lo largo de<strong> esta tarde<\/strong>, la <strong>sala de espera <\/strong>de las Urgencias del HUN ejemplificaba la <strong>sobrecarga <\/strong>que est\u00e1n sufriendo los servicios sanitarios en Navarra.<strong> Todas las sillas estaban ocupadas <\/strong>por pacientes esperando a ser atendidos. La mayor\u00eda de ellos portaban <strong>mascarilla<\/strong>, algunos para<strong> no contagiar<\/strong> sus patolog\u00edas y otros para <strong>no salir de all\u00ed contagiados<\/strong> por algo m\u00e1s de lo que ya padec\u00edan. Muchas personas optaron por aguardar <strong>fuera<\/strong>, en la entrada, para evitar la aglomeraci\u00f3n del interior de la sala de espera y <strong>respirar aire fresco<\/strong>.\n<\/p>\n<p class=\"article-body__text \">\n        Esta elevada afluencia de pacientes con gripe est\u00e1 dificultando y atrasando la capacidad de los hospitales de atender otras patolog\u00edas.\u00a0Es el caso de un var\u00f3n que acudi\u00f3 el martes a Urgencias con un familiar: <strong>\u201cLlevamos m\u00e1s de 12 horas esperando para un ingreso por neumon\u00eda\u201c<\/strong>. \u201cLe he cogido el relevo a mi hermana y ahora acaba de cog\u00e9rmelo mi hermano. Llevamos aqu\u00ed desde las <strong>cuatro de la ma\u00f1ana, cuando le trajo la ambulancia<\/strong>\u201d, revelaba. \u201cAhora, est\u00e1 <strong>pendiente de hospitalizaci\u00f3n<\/strong> porque tiene neumon\u00eda, pero parece ser que<strong> las plantas est\u00e1n llenas<\/strong>. Hoy est\u00e1n completamente <strong>desbordados<\/strong>\u201d, ha considerado.\n<\/p>\n<p class=\"article-body__text \">\n        Mientras, A.M., de 59 a\u00f1os, ha permanecido<strong> m\u00e1s de siete horas <\/strong>en la sala de espera de Urgencias durante esta tarde, aguardando a que hubiera <strong>cirujanos disponibles <\/strong>para la operaci\u00f3n que requer\u00eda su marido. \u201cHemos venido a las 10.30 horas de la ma\u00f1ana y ya hemos pasado por consulta varias veces\u201d, ha relatado. \u201c<strong>La doctora nos ha avisado<\/strong>, en torno a las 15.00 horas, de que los <strong>cirujanos est\u00e1n muy ocupados<\/strong> hoy y nos iba a tocar esperar\u201d, ha a\u00f1adido.\n<\/p>\n<p class=\"article-body__text \">\n        Una situaci\u00f3n similar ha vivido Olga Cruchaga, de 49 a\u00f1os, que ha acudido a Urgencias por un <strong>dolor lumbar muy intenso<\/strong> que le tuvo esperando alrededor de<strong> seis horas<\/strong>. \u201cMientras aguardaba a ser atendida<strong> he empezado a encontrarme peor<\/strong> y he tenido que pedir que me tratasen antes\u201d, ha expuesto. Finalmente, la paciente ha precisado de una <strong>inyecci\u00f3n <\/strong>para poder <strong>sobrellevar su dolor<\/strong> <strong>lumbar<\/strong>.\n<\/p>\n<p>            <a href=\"https:\/\/www.noticiasdenavarra.com\/sociedad\/2025\/12\/10\/navarra-refuerza-hospitales-centros-salud-10453522.html\" title=\"Navarra refuerza hospitales y centros de salud con camas y personal para hacer frente al incremento de la gripe\" class=\"new__media\" rel=\"nofollow noopener\" target=\"_blank\"><\/p>\n<p>                <img alt=\"Navarra refuerza hospitales y centros de salud con camas y personal para hacer frente al incremento de la gripe\" data-src=\"https:\/\/www.europesays.com\/es\/wp-content\/uploads\/2025\/12\/f644b9a2-cfbe-4910-9462-665553de619b_16-9-aspect-ratio_default_0.jpg\" class=\"lozad\"\/><\/p>\n<p>        <\/a><\/p>\n<p>        <a href=\"https:\/\/www.noticiasdenavarra.com\/sociedad\/2025\/12\/10\/navarra-refuerza-hospitales-centros-salud-10453522.html\" title=\"Navarra refuerza hospitales y centros de salud con camas y personal para hacer frente al incremento de la gripe\" class=\"new__headline\" rel=\"nofollow noopener\" target=\"_blank\"><br \/>\n            Navarra refuerza hospitales y centros de salud con camas y personal para hacer frente al incremento de la gripe<br \/>\n        <\/a><\/p>\n<p class=\"article-body__text \">\n        La saturaci\u00f3n de los servicios sanitarios est\u00e1 alargando los tiempos de espera de los pacientes que acuden a Urgencias hasta el punto de tener que ser derivados a otros centros. Un joven de 26 a\u00f1os ha acudido por la tarde al HUN tras sufrir una<strong> mordedura de perro<\/strong>. All\u00ed, el personal sanitario le ha advertido que tendr\u00eda que esperar durante muchas horas y le ha recomendado <strong>acudir a otro centro distinto<\/strong>. \u201cNos han dicho que aqu\u00ed tenemos para<strong> cinco o seis horas<\/strong> y que, igual, si acudimos al Servicio de Urgencias Extrahospitalarias de <strong>Buztintxuri<\/strong>, no perderemos tanto tiempo\u201d, ha declarado a este peri\u00f3dico T.H., la acompa\u00f1ante del var\u00f3n con la mordedura.\n<\/p>\n<p class=\"article-body__text \">\n        Mientras, Jos\u00e9 Mar\u00eda S\u00e1nchez, de 78 a\u00f1os, aunque ha admitido llevar todav\u00eda poco rato esperando a que atendieran a su mujer, \u201cunos 45 minutos\u201d, ha lamentado que \u201ces una <strong>pena <\/strong>que no haya <strong>m\u00e1s personal<\/strong> para que esto funcione de forma m\u00e1s fluida porque, en realidad, los profesionales de aqu\u00ed <strong>atienden muy bien a los pacientes<\/strong>\u201d.\u00a0\u00a0<\/p>\n","protected":false},"excerpt":{"rendered":"La incidencia de gripe est\u00e1 saturando los servicios sanitarios de Navarra en los \u00faltimos d\u00edas, generando picos en&hellip;\n","protected":false},"author":2,"featured_media":281742,"comment_status":"","ping_status":"","sticky":false,"template":"","format":"standard","meta":{"footnotes":""},"categories":[92],"tags":[8513,25,24,165,297,9036,62945,166,23,12353],"class_list":{"0":"post-281741","1":"post","2":"type-post","3":"status-publish","4":"format-standard","5":"has-post-thumbnail","7":"category-salud","8":"tag-8513","9":"tag-es","10":"tag-espana","11":"tag-health","12":"tag-horas","13":"tag-ingreso","14":"tag-llevamos","15":"tag-salud","16":"tag-spain","17":"tag-urgencias"},"share_on_mastodon":{"url":"https:\/\/pubeurope.com\/@es\/115697171001177984","error":""},"_links":{"self":[{"href":"https:\/\/www.europesays.com\/es\/wp-json\/wp\/v2\/posts\/281741","targetHints":{"allow":["GET"]}}],"collection":[{"href":"https:\/\/www.europesays.com\/es\/wp-json\/wp\/v2\/posts"}],"about":[{"href":"https:\/\/www.europesays.com\/es\/wp-json\/wp\/v2\/types\/post"}],"author":[{"embeddable":true,"href":"https:\/\/www.europesays.com\/es\/wp-json\/wp\/v2\/users\/2"}],"replies":[{"embeddable":true,"href":"https:\/\/www.europesays.com\/es\/wp-json\/wp\/v2\/comments?post=281741"}],"version-history":[{"count":0,"href":"https:\/\/www.europesays.com\/es\/wp-json\/wp\/v2\/posts\/281741\/revisions"}],"wp:featuredmedia":[{"embeddable":true,"href":"https:\/\/www.europesays.com\/es\/wp-json\/wp\/v2\/media\/281742"}],"wp:attachment":[{"href":"https:\/\/www.europesays.com\/es\/wp-json\/wp\/v2\/media?parent=281741"}],"wp:term":[{"taxonomy":"category","embeddable":true,"href":"https:\/\/www.europesays.com\/es\/wp-json\/wp\/v2\/categories?post=281741"},{"taxonomy":"post_tag","embeddable":true,"href":"https:\/\/www.europesays.com\/es\/wp-json\/wp\/v2\/tags?post=281741"}],"curies":[{"name":"wp","href":"https:\/\/api.w.org\/{rel}","templated":true}]}}