{"id":281749,"date":"2025-12-10T20:34:11","date_gmt":"2025-12-10T20:34:11","guid":{"rendered":"https:\/\/www.europesays.com\/es\/281749\/"},"modified":"2025-12-10T20:34:11","modified_gmt":"2025-12-10T20:34:11","slug":"arrestaron-al-expresidente-de-bolivia-luis-arce","status":"publish","type":"post","link":"https:\/\/www.europesays.com\/es\/281749\/","title":{"rendered":"Arrestaron al expresidente de Bolivia Luis Arce"},"content":{"rendered":"<p class=\"com-paragraph  --capital --s\">El ex presidente de Bolivia,<strong> Luis Arce<\/strong>, fue detenido este mi\u00e9rcoles en el marco de una investigaci\u00f3n sobre el <strong>presunto desfalco<\/strong> de recursos p\u00fablicos, seg\u00fan inform\u00f3 el diario boliviano El Deber. El exmandatario est\u00e1 acusado de haber autorizado desembolsos de fondos estatales a cuentas particulares en un programa que beneficia a comunidades ind\u00edgenas.<\/p>\n<p class=\"com-paragraph   --s\">Tras la detenci\u00f3n, la exministra<strong> Mar\u00eda Nela Prada<\/strong> cuestion\u00f3 la acci\u00f3n, y habl\u00f3 de \u201csecuestro \u201dy denunci\u00f3 que fue trasladado a las oficinas centrales de la Fuerza Especial de Lucha Contra el Crimen Anticorrupci\u00f3n (FELCC).<\/p>\n<p>La exdiputada Lidia Patty, detenida por el caso, admiti\u00f3 que recibi\u00f3 dinero del Estado en cuentas particulares para proyectos del Fondo Ind\u00edgena bajo instrucci\u00f3n de Arce.Presidencia de Bolivia<\/p>\n<p class=\"com-paragraph   --s\">El exmandatario estar\u00eda prestando declaraciones en instalaciones de la FELCC para responder por el caso del<strong> Fondo Ind\u00edgena <\/strong>en el que<strong> <\/strong>la Fiscal\u00eda procesa a varias personas por <strong>la malversaci\u00f3n de altos montos de dinero destinados a obras sociales<\/strong> pero que fueron a parar a cuentas personales de autoridades del gobierno, seg\u00fan consign\u00f3 El Deber. <\/p>\n<p class=\"com-paragraph   --s\">De acuerdo con Nela Prada, Arce fue aprehendido en Sopocachi, barrio de la Ciudad de la Paz. En un video publicado en Facebook denunci\u00f3 que lo \u201csecuestraron cuando \u00e9l estaba solo\u201d. El expresidente no opuso resistencia ante la presencia de los polic\u00edas, seg\u00fan medios locales.<\/p>\n<p class=\"com-paragraph   --s\">El caso, uno de los mayores esc\u00e1ndalos de corrupci\u00f3n en el pa\u00eds, se remonta a la \u00e9poca en el que el ex mandatario ejerci\u00f3 como ministro de Econom\u00eda y Finanzas, cartera de la que depend\u00eda dicho fondo. Entre las personas arrestadas figura la exdiputada del MAS, <strong>Lidia Patty, <\/strong>qui\u00e9n durante su reciente declaraci\u00f3n admiti\u00f3 que recibi\u00f3 dinero del Estado en cuentas particulares para proyectos del Fondo Ind\u00edgena bajo instrucci\u00f3n de Arce.<\/p>\n<p class=\"com-paragraph   --s\">Previo a la detenci\u00f3n de Patty, el Ministerio Publico, junto con efectivos de FELCC, allan\u00f3 las instalaciones del Fondo de Desarrollo Ind\u00edgena (FDI), en el marco de la investigaci\u00f3n por irregularidades en ocho proyectos donde se encuentra implicada la exdiputada.<\/p>\n","protected":false},"excerpt":{"rendered":"El ex presidente de Bolivia, Luis Arce, fue detenido este mi\u00e9rcoles en el marco de una investigaci\u00f3n sobre&hellip;\n","protected":false},"author":2,"featured_media":281750,"comment_status":"","ping_status":"","sticky":false,"template":"","format":"standard","meta":{"footnotes":""},"categories":[42],"tags":[17,18,13,14,11,61,62,63,64,19,20,9,10,15,16,952,12,21,22,65,66,67],"class_list":{"0":"post-281749","1":"post","2":"type-post","3":"status-publish","4":"format-standard","5":"has-post-thumbnail","7":"category-internacional","8":"tag-breaking-news","9":"tag-breakingnews","10":"tag-featured-news","11":"tag-featurednews","12":"tag-headlines","13":"tag-internacional","14":"tag-international","15":"tag-international-news","16":"tag-internationalnews","17":"tag-latest-news","18":"tag-latestnews","19":"tag-news","20":"tag-noticias","21":"tag-noticias-destacadas","22":"tag-noticiasdestacadas","23":"tag-politica","24":"tag-titulares","25":"tag-ultimas-noticias","26":"tag-ultimasnoticias","27":"tag-world","28":"tag-world-news","29":"tag-worldnews"},"share_on_mastodon":{"url":"https:\/\/pubeurope.com\/@es\/115697186597910273","error":""},"_links":{"self":[{"href":"https:\/\/www.europesays.com\/es\/wp-json\/wp\/v2\/posts\/281749","targetHints":{"allow":["GET"]}}],"collection":[{"href":"https:\/\/www.europesays.com\/es\/wp-json\/wp\/v2\/posts"}],"about":[{"href":"https:\/\/www.europesays.com\/es\/wp-json\/wp\/v2\/types\/post"}],"author":[{"embeddable":true,"href":"https:\/\/www.europesays.com\/es\/wp-json\/wp\/v2\/users\/2"}],"replies":[{"embeddable":true,"href":"https:\/\/www.europesays.com\/es\/wp-json\/wp\/v2\/comments?post=281749"}],"version-history":[{"count":0,"href":"https:\/\/www.europesays.com\/es\/wp-json\/wp\/v2\/posts\/281749\/revisions"}],"wp:featuredmedia":[{"embeddable":true,"href":"https:\/\/www.europesays.com\/es\/wp-json\/wp\/v2\/media\/281750"}],"wp:attachment":[{"href":"https:\/\/www.europesays.com\/es\/wp-json\/wp\/v2\/media?parent=281749"}],"wp:term":[{"taxonomy":"category","embeddable":true,"href":"https:\/\/www.europesays.com\/es\/wp-json\/wp\/v2\/categories?post=281749"},{"taxonomy":"post_tag","embeddable":true,"href":"https:\/\/www.europesays.com\/es\/wp-json\/wp\/v2\/tags?post=281749"}],"curies":[{"name":"wp","href":"https:\/\/api.w.org\/{rel}","templated":true}]}}