{"id":281761,"date":"2025-12-10T20:45:11","date_gmt":"2025-12-10T20:45:11","guid":{"rendered":"https:\/\/www.europesays.com\/es\/281761\/"},"modified":"2025-12-10T20:45:11","modified_gmt":"2025-12-10T20:45:11","slug":"comunicado-oficial-unionistas-de-salamanca-debera-abonar-3-001-euros-por-el-salto-de-un-aficionado-al-terreno-de-juego-del-reina-sofia","status":"publish","type":"post","link":"https:\/\/www.europesays.com\/es\/281761\/","title":{"rendered":"COMUNICADO OFICIAL | Unionistas de Salamanca deber\u00e1 abonar 3.001 euros por el salto de un aficionado al terreno de juego del Reina Sof\u00eda"},"content":{"rendered":"<p style=\"text-align: justify;\">Unionistas de Salamanca ha recibido hoy la ratificaci\u00f3n de una <strong>multa de 3.001 euros<\/strong> por parte de la Delegaci\u00f3n del Gobierno. <\/p>\n<p style=\"text-align: justify;\">Los hechos se remontan al <strong>20 de mayo de 2023<\/strong> durante la disputa del encuentro entre los primeros equipos de Unionistas de Salamanca y la Cultural y Deportiva Leonesa. <\/p>\n<p style=\"text-align: justify;\">Aquel d\u00eda, <strong>un aficionado salt\u00f3 al terreno de juego del Reina Sof\u00eda <\/strong>y procedi\u00f3 a abrazar al portero visitante. Ante dicha actuaci\u00f3n, y tras certificarse los evidentes s\u00edntomas de embriaguez que presentaba, fue expulsado del recinto. <\/p>\n<p style=\"text-align: justify;\">El club, que dispone de <strong>15 d\u00edas para proceder al pago de la multa,<\/strong> espera que no se vuelvan a repetir este tipo de incidentes. <\/p>\n<p style=\"text-align: justify;\">A pesar del buen comportamiento generalizado por parte de la afici\u00f3n unionista, acciones aisladas como esta causan un<strong> grav\u00edsimo perjuicio al club a nivel reputacional, institucional y econ\u00f3mico.<\/strong><\/p>\n","protected":false},"excerpt":{"rendered":"Unionistas de Salamanca ha recibido hoy la ratificaci\u00f3n de una multa de 3.001 euros por parte de la&hellip;\n","protected":false},"author":2,"featured_media":281762,"comment_status":"","ping_status":"","sticky":false,"template":"","format":"standard","meta":{"footnotes":""},"categories":[268],"tags":[168,25,24,280,282,281,23,167],"class_list":{"0":"post-281761","1":"post","2":"type-post","3":"status-publish","4":"format-standard","5":"has-post-thumbnail","7":"category-futbol","8":"tag-deportes","9":"tag-es","10":"tag-espana","11":"tag-football","12":"tag-futbol","13":"tag-soccer","14":"tag-spain","15":"tag-sports"},"share_on_mastodon":{"url":"https:\/\/pubeurope.com\/@es\/115697230692170215","error":""},"_links":{"self":[{"href":"https:\/\/www.europesays.com\/es\/wp-json\/wp\/v2\/posts\/281761","targetHints":{"allow":["GET"]}}],"collection":[{"href":"https:\/\/www.europesays.com\/es\/wp-json\/wp\/v2\/posts"}],"about":[{"href":"https:\/\/www.europesays.com\/es\/wp-json\/wp\/v2\/types\/post"}],"author":[{"embeddable":true,"href":"https:\/\/www.europesays.com\/es\/wp-json\/wp\/v2\/users\/2"}],"replies":[{"embeddable":true,"href":"https:\/\/www.europesays.com\/es\/wp-json\/wp\/v2\/comments?post=281761"}],"version-history":[{"count":0,"href":"https:\/\/www.europesays.com\/es\/wp-json\/wp\/v2\/posts\/281761\/revisions"}],"wp:featuredmedia":[{"embeddable":true,"href":"https:\/\/www.europesays.com\/es\/wp-json\/wp\/v2\/media\/281762"}],"wp:attachment":[{"href":"https:\/\/www.europesays.com\/es\/wp-json\/wp\/v2\/media?parent=281761"}],"wp:term":[{"taxonomy":"category","embeddable":true,"href":"https:\/\/www.europesays.com\/es\/wp-json\/wp\/v2\/categories?post=281761"},{"taxonomy":"post_tag","embeddable":true,"href":"https:\/\/www.europesays.com\/es\/wp-json\/wp\/v2\/tags?post=281761"}],"curies":[{"name":"wp","href":"https:\/\/api.w.org\/{rel}","templated":true}]}}