{"id":281788,"date":"2025-12-10T21:07:14","date_gmt":"2025-12-10T21:07:14","guid":{"rendered":"https:\/\/www.europesays.com\/es\/281788\/"},"modified":"2025-12-10T21:07:14","modified_gmt":"2025-12-10T21:07:14","slug":"joan-penarroya-el-elegido-para-sustiuir-a-una-leyenda-de-la-euroliga","status":"publish","type":"post","link":"https:\/\/www.europesays.com\/es\/281788\/","title":{"rendered":"Joan Pe\u00f1arroya, el elegido para sustiuir a una leyenda de la Euroliga"},"content":{"rendered":"<p class=\"ft-text\">La \u2018casi eterna\u2019 crisis del <strong>FC Barcelona<\/strong> de <a class=\"ft-link ft-link--decoration\" href=\"https:\/\/www.superdeporte.es\/tags\/baloncesto\/\" rel=\"nofollow noopener\" target=\"_blank\">baloncesto<\/a> ha iniciado un carrusel en los banquillos de los equipos de <a class=\"ft-link ft-link--decoration\" href=\"https:\/\/www.superdeporte.es\/tags\/euroliga\/\" rel=\"nofollow noopener\" target=\"_blank\">Euroliga<\/a> que ha terminado provocando un se\u00edsmo en toda Europa con grandes nombres y equipos implicados. <strong> La salida de Ettore Messina del Olimpia Milano<\/strong> inici\u00f3 un camino que poco despu\u00e9s <strong>se llev\u00f3 por delante al entrenador del FC Barcelona tambi\u00e9n<\/strong>. Los azulgranas achacaron gran parte de la responsabilidad del err\u00e1tico inicio de temporada del equipo a <strong>Joan Pe\u00f1arroya.<\/strong> La directiva azulgrana, comandada por Joan Laporta, despidi\u00f3 al ex de <a class=\"ft-link ft-link--decoration\" href=\"https:\/\/www.superdeporte.es\/tags\/valencia-basket\/\" rel=\"nofollow noopener\" target=\"_blank\">Valencia Basket<\/a> y apost\u00f3 por un viejo conocido del presidente y de la entidad, <strong>Xavi Pascual<\/strong>.<\/p>\n<p class=\"ft-text\">Unos d\u00edas despu\u00e9s era <strong>Zeljko Obradovic el que tambi\u00e9n abandonaba el banquillo del Partiz\u00e1n de Belgrado<\/strong>. \u00abTom\u00e9 una decisi\u00f3n extremadamente dif\u00edcil para m\u00ed. Asum\u00ed toda la responsabilidad de lo malo que ha ocurrido en esta temporada y, por supuesto, la mantengo. Nada de lo que pas\u00f3 despu\u00e9s pod\u00eda influir en ello. Tras caer ante el Panathinaikos comuniqu\u00e9 mi decisi\u00f3n al cuerpo t\u00e9cnico ya que estaba seguro que era buena para el club y el equipo. Al d\u00eda siguiente se la comuniqu\u00e9 al presidente del club y tuvimos una conversaci\u00f3n muy correcta. Dijo que me hab\u00eda visto en el partido y comprendi\u00f3 que era lo \u00fanico que pod\u00eda hacer.\u00a0El presidente solo me pidi\u00f3 que a\u00f1adiera en\u00a0mi carta\u00a0que se trataba de una renuncia irrevocable\u00a0ya que le ser\u00eda m\u00e1s f\u00e1cil afrontar la situaci\u00f3n con la afici\u00f3n y acept\u00e9\u201d, explic\u00f3 el m\u00edtico entrenador d\u00edas despu\u00e9s.<strong> Una salida que los aficionados achacan a la poca profesionalidad de los jugadores del Partizan <\/strong><a class=\"ft-link ft-link--decoration\" href=\"https:\/\/www.superdeporte.es\/baloncesto\/2025\/12\/04\/tension-abuchean-jugadores-marcha-entrenador-124465637.html\" rel=\"nofollow noopener\" target=\"_blank\">tal y como demostraron con abucheos a su salida en un partido recientemente<\/a>. Y solo hace unos d\u00edas <a class=\"ft-link ft-link--decoration\" href=\"https:\/\/www.superdeporte.es\/valencia-basket\/2025\/11\/27\/euroliga-cuarto-entrenador-despedido-124195876.html\" rel=\"nofollow noopener\" target=\"_blank\">Anadolu EFES hizo lo propio con Igor Kokoskov al que parece que va a sustituir Pablo Laso.<\/a><\/p>\n<p class=\"ft-text\">Pues bien el siguiente en comerse la \u2018patata caliente\u2019 del<strong> Partiz\u00e1n de Belgrado ser\u00e1 Joan Pe\u00f1arroya.<\/strong> El t\u00e9cnico catal\u00e1n est\u00e1 a punto de encontrar trabaja solo un mes despu\u00e9s de su despido del FC Barcelona. Seg\u00fan apunta la prensa serbia, <strong>el Partiz\u00e1n negocia para hacerse con el ex taronja por lo que resta de temporada y otra m\u00e1<\/strong>s. Pe\u00f1arroya aterrizar\u00e1 en un vestuario en llamas y en otro equipo en crisis como ya ha vivido en el Barcelona.<\/p>\n<p class=\"ft-text\">En el Partiz\u00e1n se reencontrar\u00e1 con <strong>Jabari Parker<\/strong>, ex azulgrana, y con <strong>Vanja Marinkovic<\/strong>, ex Baskonia. As\u00ed pues <strong>Pe\u00f1arroya se enfrentar\u00e1 a su primera experiencia lejos de Espa\u00f1a despu\u00e9s de pasar por Valencia Basket, Baskonia y FC Barcelona<\/strong> desde su salida de San Pablo Burgos en 2021.<\/p>\n<p><img decoding=\"async\" src=\"https:\/\/www.europesays.com\/es\/wp-content\/uploads\/2025\/12\/cf99f30b-7bc3-485a-8aee-43406af95647_alta-libre-aspect-ratio_default_0.jpg\" width=\"1200\" height=\"675\" alt=\"Los puntos de Parker resultaron decisivos para lograr el triunfo\" class=\"ft-helper-img-rd\" loading=\"lazy\"\/><\/p>\n<p class=\"ft-helper-fontColor-quaternary ft-helper-fontSize-body-S ft-helper-spacer-t-xxs\">Los puntos de Parker resultaron decisivos para lograr el triunfo  \/ FCB<\/p>\n<p>Primera experiencia europea tras las decepciones en Valencia, Vitoria y Barcelona<\/p>\n<p class=\"ft-text\"><strong>En La Fonteta tan solo dur\u00f3 una temporada en la que alcanz\u00f3 la semifinales de la Eurocup pero fue eliminado a las primeras de cambio en los Playoffs de la Liga Endesa y en la Copa del Rey.<\/strong> Unos resultados bastante flojos. <strong>En Baskonia tan solo dur\u00f3 temporada y media antes de ser destituido en octubre de 2023<\/strong> tras caer tambi\u00e9n a las <strong>primeras de cambio en Copa del Rey y en los Playoffs ACB. <\/strong><\/p>\n<p><img decoding=\"async\" src=\"https:\/\/www.europesays.com\/es\/wp-content\/uploads\/2025\/12\/493c4f47-c8e7-4c5b-8e1d-748ec4b286d7_alta-libre-aspect-ratio_default_0_x1014y641.jpg\" width=\"1200\" height=\"809\" alt=\"Juan Roig y Joan Pe\u00f1arroya, salud\u00e1ndose en el partido de la primera vuelta en La Fonteta\" class=\"ft-helper-img-rd\" loading=\"lazy\"\/><\/p>\n<p class=\"ft-helper-fontColor-quaternary ft-helper-fontSize-body-S ft-helper-spacer-t-xxs\">Juan Roig y Joan Pe\u00f1arroya, salud\u00e1ndose en el partido de la primera vuelta en La Fonteta  \/ F. Calabuig<\/p>\n<p class=\"ft-text\">Su \u00faltima experiencia ha sido en el <strong>Barcelona <\/strong>donde tampoco la ha cerrado de manera exitosa, pues en su \u00fanica temporada tambi\u00e9n fue<strong> eliminado en primera ronda de la lucha por el t\u00edtulo y en la Copa del Rey.<\/strong><\/p>\n","protected":false},"excerpt":{"rendered":"La \u2018casi eterna\u2019 crisis del FC Barcelona de baloncesto ha iniciado un carrusel en los banquillos de los&hellip;\n","protected":false},"author":2,"featured_media":281789,"comment_status":"","ping_status":"","sticky":false,"template":"","format":"standard","meta":{"footnotes":""},"categories":[269],"tags":[299,210,298,4714,14082,1941,168,3149,25,24,881,5170,28467,53489,4819,23,167,68244],"class_list":{"0":"post-281788","1":"post","2":"type-post","3":"status-publish","4":"format-standard","5":"has-post-thumbnail","7":"category-baloncesto","8":"tag-baloncesto","9":"tag-barcelona","10":"tag-basketball","11":"tag-baskonia","12":"tag-belgrado","13":"tag-copa-del-rey","14":"tag-deportes","15":"tag-elegido","16":"tag-es","17":"tag-espana","18":"tag-fc-barcelona","19":"tag-joan","20":"tag-la-fonteta","21":"tag-obradovic","22":"tag-penarroya","23":"tag-spain","24":"tag-sports","25":"tag-sustiuir"},"share_on_mastodon":{"url":"https:\/\/pubeurope.com\/@es\/115697317155738997","error":""},"_links":{"self":[{"href":"https:\/\/www.europesays.com\/es\/wp-json\/wp\/v2\/posts\/281788","targetHints":{"allow":["GET"]}}],"collection":[{"href":"https:\/\/www.europesays.com\/es\/wp-json\/wp\/v2\/posts"}],"about":[{"href":"https:\/\/www.europesays.com\/es\/wp-json\/wp\/v2\/types\/post"}],"author":[{"embeddable":true,"href":"https:\/\/www.europesays.com\/es\/wp-json\/wp\/v2\/users\/2"}],"replies":[{"embeddable":true,"href":"https:\/\/www.europesays.com\/es\/wp-json\/wp\/v2\/comments?post=281788"}],"version-history":[{"count":0,"href":"https:\/\/www.europesays.com\/es\/wp-json\/wp\/v2\/posts\/281788\/revisions"}],"wp:featuredmedia":[{"embeddable":true,"href":"https:\/\/www.europesays.com\/es\/wp-json\/wp\/v2\/media\/281789"}],"wp:attachment":[{"href":"https:\/\/www.europesays.com\/es\/wp-json\/wp\/v2\/media?parent=281788"}],"wp:term":[{"taxonomy":"category","embeddable":true,"href":"https:\/\/www.europesays.com\/es\/wp-json\/wp\/v2\/categories?post=281788"},{"taxonomy":"post_tag","embeddable":true,"href":"https:\/\/www.europesays.com\/es\/wp-json\/wp\/v2\/tags?post=281788"}],"curies":[{"name":"wp","href":"https:\/\/api.w.org\/{rel}","templated":true}]}}