{"id":281794,"date":"2025-12-10T21:10:26","date_gmt":"2025-12-10T21:10:26","guid":{"rendered":"https:\/\/www.europesays.com\/es\/281794\/"},"modified":"2025-12-10T21:10:26","modified_gmt":"2025-12-10T21:10:26","slug":"martin-parr-el-fotografo-que-amaba-la-locura-inglesa","status":"publish","type":"post","link":"https:\/\/www.europesays.com\/es\/281794\/","title":{"rendered":"Martin Parr, el fot\u00f3grafo que amaba la locura inglesa"},"content":{"rendered":"<p data-journey-content=\"true\" data-node-id=\"1\" class=\"css-6wxqfj emevuu60\">El domingo lleg\u00f3 la noticia de que el legendario fot\u00f3grafo brit\u00e1nico Martin Parr hab\u00eda fallecido a los 73 a\u00f1os. Aqu\u00ed, en una entrevista reciente publicada en el n\u00famero de invierno de Esquire, comparti\u00f3 parte de la sabidur\u00eda que acumul\u00f3 a lo largo de su incre\u00edble vida.<\/p>\n<p data-journey-content=\"true\" data-node-id=\"5\" class=\"css-6wxqfj emevuu60\"><strong data-node-id=\"5.0\">Como fot\u00f3grafo, ser alto ayuda.<\/strong> Si lo piensas, siempre puedes agacharte, \u00bfno?<\/p>\n<p data-journey-content=\"true\" data-node-id=\"7\" class=\"css-6wxqfj emevuu60\"><strong data-node-id=\"7.0\">Mi primer recuerdo de hacer una fotograf\u00eda<\/strong> fue uno de mi padre sobre un arroyo helado en Yorkshire. Aquel a\u00f1o fue un invierno especialmente fr\u00edo, as\u00ed que document\u00f3 un momento \u00fanico porque era la primera vez que ese arroyo se congelaba. Yo ten\u00eda unos 10 a\u00f1os entonces, pero cuando ten\u00eda 13 o 14 decid\u00ed: \u00abEsto es a lo que me voy a dedicar\u00bb. Y lo he hecho desde entonces.<\/p>\n<p data-journey-content=\"true\" data-node-id=\"11\" class=\"css-6wxqfj emevuu60\"><strong data-node-id=\"11.0\">Obsesivo con una sola idea.<\/strong> Eso es. Siempre he sido bastante seguro de m\u00ed mismo. Supongo que se podr\u00eda decir que eso ven\u00eda de mi educaci\u00f3n, de mis padres. Fueron muy alentadores con mi carrera en la fotograf\u00eda.<\/p>\n<p data-journey-content=\"true\" data-node-id=\"13\" class=\"css-6wxqfj emevuu60\"><strong data-node-id=\"13.0\">Lo de crecer en Surrey<\/strong> es que hace que cualquier otro lugar parezca interesante. Ten\u00eda muchas ganas de marcharme.<\/p>\n<p data-journey-content=\"true\" data-node-id=\"15\" class=\"css-6wxqfj emevuu60\"><strong data-node-id=\"15.0\">Tengo la man\u00eda de coleccionar.<\/strong> Ten\u00eda un museo en nuestro s\u00f3tano en Chessington, donde vivimos al principio, con perdigones, cr\u00e1neos, rocas y f\u00f3siles. Sol\u00eda coleccionar monedas de la reina Victoria, sellos&#8230; La fotograf\u00eda tambi\u00e9n es una forma de coleccionar, por supuesto.<\/p>\n<p data-journey-content=\"true\" data-node-id=\"17\" class=\"css-6wxqfj emevuu60\"><strong data-node-id=\"17.0\">Los destinos de costa deber\u00edan ser alegres,<\/strong> pero esconden mucha privaci\u00f3n. Nosotros no \u00edbamos a complejos costeros, as\u00ed que me vi privado de los placeres de Brighton o Eastbourne, o de todos esos lugares a los que se llevaban a los ni\u00f1os. Eso explica mi inter\u00e9s a largo plazo.<\/p>\n<p data-journey-content=\"true\" data-node-id=\"19\" class=\"css-6wxqfj emevuu60\"><strong data-node-id=\"19.0\">No me llevaba especialmente bien con mi madre.<\/strong> Pero ella era de izquierdas, as\u00ed que he heredado eso. Nadie votar\u00eda nunca a los conservadores en nuestra casa.<\/p>\n<p data-journey-content=\"true\" data-node-id=\"21\" class=\"css-6wxqfj emevuu60\"><strong data-node-id=\"21.0\">Tengo genes obsesivos.<\/strong> Mi padre era observador de aves y, en mi adolescencia, iba con \u00e9l los s\u00e1bados a las depuradoras de Hersham. \u00c9l colocaba redes y los p\u00e1jaros entraban, y les pon\u00eda anillas y segu\u00eda su migraci\u00f3n. La l\u00ednea de tren de Waterloo a Bournemouth pasaba justo al lado, as\u00ed que me convert\u00ed en aficionado a los trenes como una forma de aliviar el hecho de tener que ir a las depuradoras de Hersham todos los fines de semana.<\/p>\n<p data-journey-content=\"true\" data-node-id=\"23\" class=\"css-6wxqfj emevuu60\"><strong data-node-id=\"23.0\">Hoy en d\u00eda no te dejar\u00edan salir adelante solo con una asignatura de arte en A-level.<\/strong> Pero si hubiera obtenido dos A-levels, no habr\u00eda ido al Manchester Polytechnic, que result\u00f3 ser una de las mejores cosas que he hecho en mi vida. A: conoc\u00ed a mi mujer, y B: conoc\u00ed a grandes fot\u00f3grafos. Todas esas decisiones que he tomado \u2014o que me han impuesto\u2014 han resultado ser magn\u00edficas.<\/p>\n<p data-journey-content=\"true\" data-node-id=\"25\" class=\"css-6wxqfj emevuu60\"><strong data-node-id=\"25.0\">Hemos tenido nuestros momentos,<\/strong> como todas las parejas. Pero hemos estado juntos 50 a\u00f1os, casados 45, gracias a la persistencia, la estabilidad, o como quieras llamarlo. Nuestra hija naci\u00f3 en 1986. Suzie siempre se olvida de nuestro aniversario de boda, pero est\u00e1 muy cerca. Voy a enviarle un ramo de flores. Sorprenderla.<\/p>\n<p data-journey-content=\"true\" data-node-id=\"27\" class=\"css-6wxqfj emevuu60\"><strong data-node-id=\"27.0\">Tienes la responsabilidad de registrar<\/strong> las cosas de la sociedad que son importantes. Los fotoperiodistas tienden a fijarse en cosas como cuando una f\u00e1brica cierra, pero tambi\u00e9n era bueno retratar las cosas en su apogeo, como los supermercados y las gasolineras.<\/p>\n<p data-journey-content=\"true\" data-node-id=\"29\" class=\"css-6wxqfj emevuu60\"><strong data-node-id=\"29.0\">Me gusta la locura de los ingleses,<\/strong> con todas sus aficiones y sus intereses. Las carreras, las ferias agr\u00edcolas, las fiestas de verano. Somos un grupo exc\u00e9ntrico.<\/p>\n<p data-journey-content=\"true\" data-node-id=\"31\" class=\"css-6wxqfj emevuu60\"><strong data-node-id=\"31.0\">Cuando empec\u00e9 a trabajar en color,<\/strong> de repente mi trabajo se vio como una cr\u00edtica a la sociedad m\u00e1s que como una celebraci\u00f3n. Hay algo inherentemente rom\u00e1ntico en el blanco y negro, mientras que el color hac\u00eda todo mucho m\u00e1s real.<\/p>\n<p data-journey-content=\"true\" data-node-id=\"33\" class=\"css-6wxqfj emevuu60\"><strong data-node-id=\"33.0\">Soy populista de coraz\u00f3n.<\/strong> Quer\u00eda entrar en Magnum para que mis fotos llegaran al mundo, y Magnum ten\u00eda, con diferencia, a los mejores fot\u00f3grafos. Me llev\u00f3 tiempo entrar, y Philip Jones Griffiths lider\u00f3 la brigada anti-Parr: escribi\u00f3 una carta a los miembros justo antes de la votaci\u00f3n diciendo: \u00abSi dej\u00e1is entrar a este tipo, ser\u00e1 el fin\u00bb. Aquello fue muy controvertido, estaban todos grit\u00e1ndose y chill\u00e1ndose.<\/p>\n<p data-journey-content=\"true\" data-node-id=\"35\" class=\"css-6wxqfj emevuu60\"><strong data-node-id=\"35.0\">Me visto como creo que debo vestirme,<\/strong> lo que es bastante aburrido. Me fundo con el entorno con mi c\u00e1mara. Ahora s\u00ed que me reconocen algo m\u00e1s por la calle, sobre todo otros fot\u00f3grafos. Siempre quieren hacerse un selfi, lo cual no es ning\u00fan problema. A menos que est\u00e9 a punto de hacer una foto que pueda ser buena.<\/p>\n<p data-journey-content=\"true\" data-node-id=\"37\" class=\"css-6wxqfj emevuu60\"><strong data-node-id=\"37.0\">Estoy en la sala de embarque.<\/strong> Tengo mieloma. Nunca te puedes curar, pero se puede controlar. Necesito un andador para salir a caminar, pero a\u00fan puedo hacer fotos. Ya no puedo saltar de un lado a otro como antes, pero no me ha frenado demasiado. He tenido mucha suerte.<\/p>\n<p data-journey-content=\"true\" data-node-id=\"39\" class=\"css-6wxqfj emevuu60\"><strong data-node-id=\"39.0\">Intento hacer fotos interesantes<\/strong> con un significado detr\u00e1s, y el humor entra de forma natural. El mundo es divertido, y hay que re\u00edrse de las cosas disparatadas que hace la gente.<\/p>\n<p>Utterly Lazy and Inattentive: Martin Parr in Words and Pictures<\/p>\n<p><a target=\"_blank\" rel=\"nofollow noopener\" data-theme-key=\"product-image-wrapper\" href=\"https:\/\/www.amazon.es\/dp\/0241740827?tag=esquirespain-21\" aria-label=\"35\u00a0\u20ac en Amazon for Utterly Lazy and Inattentive: Martin Parr in Words and Pictures\" data-href=\"https:\/\/www.amazon.es\/dp\/0241740827\" data-product-url=\"https:\/\/www.amazon.es\/dp\/0241740827\" data-affiliate=\"true\" data-affiliate-url=\"https:\/\/www.amazon.es\/dp\/0241740827?tag=esquirespain-21\" data-affiliate-network=\"{&quot;site_id&quot;:&quot;92d07c0b-730d-4727-bddc-68f85354bda9&quot;,&quot;metadata&quot;:{&quot;links&quot;:{&quot;default&quot;:&quot;https:\/\/www.amazon.es\/dp\/0241740827?tag=esquirespain-21&quot;}},&quot;network&quot;:{&quot;name&quot;:&quot;Amazon&quot;},&quot;afflink_redirect&quot;:&quot;\/_p\/afflink\/10UwH\/amazon-utterly-lazy-and-inattentive-martin&quot;}\" data-vars-ga-call-to-action=\"35\u00a0\u20ac en Amazon\" data-vars-ga-media-role=\"\" data-vars-ga-media-type=\"Single Product Embed\" data-vars-ga-outbound-link=\"https:\/\/www.amazon.es\/dp\/0241740827\" data-vars-ga-product-id=\"39695880-0b03-47c9-88a4-e4059bae3ce2\" data-vars-ga-product-price=\"34,56\u00a0\u20ac\" data-vars-ga-product-retailer-id=\"e04ffd59-6f6f-4092-88c6-0ccbfdb2881b\" data-vars-ga-product-sem3-category=\"Colecciones de fotograf\u00eda y exhibiciones\" data-vars-ga-link-treatment=\"sale | (not set)\" data-vars-ga-sku=\"0241740827\" data-vars-ga-magento-tracking=\"1\" class=\"product-image-link ebgq4gw2 e1b8bpvs0 css-g6od0w e1c1bym14\"><img  alt=\"Utterly Lazy and Inattentive: Martin Parr in Words and Pictures\" title=\"Utterly Lazy and Inattentive: Martin Parr in Words and Pictures\" src=\"https:\/\/www.europesays.com\/es\/wp-content\/uploads\/2025\/12\/1765118024-71WsvwTuFUL.jpg\" width=\"1879\" height=\"2560\" decoding=\"async\" loading=\"lazy\"\/><\/a><\/p>\n","protected":false},"excerpt":{"rendered":"El domingo lleg\u00f3 la noticia de que el legendario fot\u00f3grafo brit\u00e1nico Martin Parr hab\u00eda fallecido a los 73&hellip;\n","protected":false},"author":2,"featured_media":281795,"comment_status":"","ping_status":"","sticky":false,"template":"","format":"standard","meta":{"footnotes":""},"categories":[173],"tags":[229,233,231,230,232,253,234,146,147,25,24,254,23],"class_list":{"0":"post-281794","1":"post","2":"type-post","3":"status-publish","4":"format-standard","5":"has-post-thumbnail","7":"category-arte-y-diseno","8":"tag-arte","9":"tag-arte-y-diseno","10":"tag-arts","11":"tag-arts-and-design","12":"tag-design","13":"tag-discover","14":"tag-diseno","15":"tag-entertainment","16":"tag-entretenimiento","17":"tag-es","18":"tag-espana","19":"tag-sindicado","20":"tag-spain"},"share_on_mastodon":{"url":"https:\/\/pubeurope.com\/@es\/115697328824299892","error":""},"_links":{"self":[{"href":"https:\/\/www.europesays.com\/es\/wp-json\/wp\/v2\/posts\/281794","targetHints":{"allow":["GET"]}}],"collection":[{"href":"https:\/\/www.europesays.com\/es\/wp-json\/wp\/v2\/posts"}],"about":[{"href":"https:\/\/www.europesays.com\/es\/wp-json\/wp\/v2\/types\/post"}],"author":[{"embeddable":true,"href":"https:\/\/www.europesays.com\/es\/wp-json\/wp\/v2\/users\/2"}],"replies":[{"embeddable":true,"href":"https:\/\/www.europesays.com\/es\/wp-json\/wp\/v2\/comments?post=281794"}],"version-history":[{"count":0,"href":"https:\/\/www.europesays.com\/es\/wp-json\/wp\/v2\/posts\/281794\/revisions"}],"wp:featuredmedia":[{"embeddable":true,"href":"https:\/\/www.europesays.com\/es\/wp-json\/wp\/v2\/media\/281795"}],"wp:attachment":[{"href":"https:\/\/www.europesays.com\/es\/wp-json\/wp\/v2\/media?parent=281794"}],"wp:term":[{"taxonomy":"category","embeddable":true,"href":"https:\/\/www.europesays.com\/es\/wp-json\/wp\/v2\/categories?post=281794"},{"taxonomy":"post_tag","embeddable":true,"href":"https:\/\/www.europesays.com\/es\/wp-json\/wp\/v2\/tags?post=281794"}],"curies":[{"name":"wp","href":"https:\/\/api.w.org\/{rel}","templated":true}]}}