{"id":281837,"date":"2025-12-10T21:48:14","date_gmt":"2025-12-10T21:48:14","guid":{"rendered":"https:\/\/www.europesays.com\/es\/281837\/"},"modified":"2025-12-10T21:48:14","modified_gmt":"2025-12-10T21:48:14","slug":"detuvieron-a-luis-arce-ex-presidente-de-bolivia-por-una-causa-de-corrupcion-vinculada-al-fondo-indigena","status":"publish","type":"post","link":"https:\/\/www.europesays.com\/es\/281837\/","title":{"rendered":"Detuvieron a Luis Arce, ex presidente de Bolivia, por una causa de corrupci\u00f3n vinculada al Fondo Ind\u00edgena"},"content":{"rendered":"<p><img alt=\"El ex presidente de Bolivia,\" class=\"global-image\" decoding=\"async\" fetchpriority=\"high\" height=\"1232\" loading=\"eager\" src=\"https:\/\/www.europesays.com\/es\/wp-content\/uploads\/2025\/12\/XLLTALQZKBHVNDKYQ6K5UDWDT4.jpg\" width=\"1920\"\/>El ex presidente de Bolivia, Luis Arce<\/p>\n<p class=\"paragraph\">El ex presidente de Bolivia, <a href=\"https:\/\/www.infobae.com\/tag\/luis-arce\/\" target=\"_blank\" rel=\"noreferrer nofollow noopener\" title=\"https:\/\/www.infobae.com\/tag\/luis-arce\/\"><b>Luis Arce<\/b><\/a>, fue arrestado en horas de la tarde de este mi\u00e9rcoles por efectivos de seguridad en cumplimiento de una orden de la Fiscal\u00eda por una causa abierta por corrupci\u00f3n en el caso vinculado al Fondo Ind\u00edgena, confirm\u00f3 la ex ministra de Presidencia, Mar\u00eda Nela Prada.<\/p>\n<p class=\"paragraph\">Seg\u00fan pudo conocer <b>Infobae<\/b>, el ex mandatario est\u00e1 involucrado en el caso de un presunto<b> desfalco millonario<\/b> de recursos p\u00fablicos destinados al desarrollo de comunidades ind\u00edgenas y campesinas. Surgi\u00f3 durante el gobierno de Evo Morales (2006-2019), durante su gesti\u00f3n como ministro.<\/p>\n<p class=\"paragraph\">Seg\u00fan la indagaci\u00f3n, cuando Arce era ministro de Econom\u00eda presuntamente <b>autoriz\u00f3 desembolsos estatales a cuentas particulares<\/b>, entre ellas la de la ex diputada Lidia Patty, actualmente detenida en el penal de Obrajes.<\/p>\n<p class=\"paragraph\">El llamado caso Fondo Ind\u00edgena es<b> considerado uno de los mayores esc\u00e1ndalos de corrupci\u00f3n de la historia reciente de Bolivia<\/b>. El Fondo de Desarrollo Ind\u00edgena Originario Campesino (Fondioc) administraba el 5% del Impuesto Directo a los Hidrocarburos con el objetivo de financiar proyectos productivos en territorios rurales. Entre 2006 y 2014 recibi\u00f3 m\u00e1s de 3.197 millones de bolivianos, equivalentes a unos 460 millones de d\u00f3lares.<\/p>\n<p class=\"paragraph\">El directorio del Fondo estaba conformado por varios ministerios \u2014entre ellos el de Econom\u00eda, encabezado entonces por Arce\u2014 y por organizaciones sociales afines al MAS. <b>Esa estructura buscaba integrar representaci\u00f3n ind\u00edgena y campesina dentro del Estado<\/b>, pero termin\u00f3 generando un sistema con controles d\u00e9biles y alta discrecionalidad en la asignaci\u00f3n de recursos.<\/p>\n<p><img alt=\"El secretario t\u00e9cnico del Filac,\" class=\"global-image\" decoding=\"async\" fetchpriority=\"low\" height=\"3395\" loading=\"lazy\" src=\"https:\/\/www.europesays.com\/es\/wp-content\/uploads\/2025\/12\/EDXSHVFU7FGXFNA7VQBH54VTVA.jpg\" width=\"4724\"\/>El secretario t\u00e9cnico del Filac, el colombiano Gabriel Muyuy (d), y el vicecanciller de Bolivia, Freddy Mamani Machaca, fueron registrados este lunes al  presentar la decimoquinta Asamblea General del Fondo para el Desarrollo de los Pueblos Ind\u00edgenas de Am\u00e9rica Latina y el Caribe (Filac), en La Paz (Bolivia) EFE\/Mart\u00edn Alipaz<\/p>\n<p class=\"paragraph\">Las irregularidades comenzaron a documentarse en 2015, cuando la Contralor\u00eda General del Estado detect\u00f3 153 proyectos inconclusos o inexistentes, con un <b>da\u00f1o econ\u00f3mico inicial de 71 millones de bolivianos, aproximadamente 10 millones de d\u00f3lares<\/b>. Auditor\u00edas posteriores ampliaron el universo de observaciones a m\u00e1s de 1.000 proyectos y elevaron el c\u00e1lculo del perjuicio a m\u00e1s de 182 millones de d\u00f3lares.<\/p>\n<p class=\"paragraph\">Los investigadores identificaron un <b>patr\u00f3n de desembolsos sin respaldo t\u00e9cnico ni financiero<\/b>, pagos a cuentas personales de dirigentes y fraccionamientos contrarios a norma. Tambi\u00e9n se detectaron proyectos aprobados pese a la ausencia de documentaci\u00f3n b\u00e1sica o sin verificaci\u00f3n de avance, lo que profundiz\u00f3 la crisis de credibilidad del Fondo y expuso debilidades estructurales en el manejo de recursos p\u00fablicos.<\/p>\n<p class=\"paragraph\">El a\u00f1o 2014 \u2014un ciclo electoral clave para el oficialismo\u2014 agrav\u00f3 el cuadro. <b>A pesar de que el Fondo enfrentaba deudas superiores a 310 millones de bolivianos, se autorizaron desembolsos por 575 millones<\/b>. Diversas denuncias sostuvieron que parte de ese dinero habr\u00eda sido utilizado para actividades pol\u00edticas, como movilizaciones masivas, lo que increment\u00f3 la presi\u00f3n sobre el gobierno y motiv\u00f3 la intervenci\u00f3n del Fondo al a\u00f1o siguiente.<\/p>\n<p class=\"paragraph\">El estallido del caso estuvo marcado por la denuncia interna del entonces director ejecutivo, <b>Marco Antonio Aramayo<\/b>, quien alert\u00f3 sobre proyectos fantasma, sobrecostos y desv\u00edos sistem\u00e1ticos. Su posterior procesamiento y muerte bajo custodia estatal provocaron un debate nacional sobre responsabilidades institucionales y sobre el uso pol\u00edtico de la persecuci\u00f3n penal.<\/p>\n<p class=\"paragraph\">La causa que hoy alcanza a Arce deriva de su rol dentro del directorio y de su <b>participaci\u00f3n en decisiones administrativas durante los a\u00f1os en los que se consolid\u00f3 el esquema irregular<\/b>. La Fiscal\u00eda busca determinar si hubo omisiones, autorizaciones o avales que facilitaron el patr\u00f3n de desv\u00edo, aunque hasta el momento no se ha difundido un c\u00e1lculo oficial del da\u00f1o atribuible directamente al ex mandatario.<\/p>\n<p class=\"paragraph\"><b>La detenci\u00f3n ocurre en un contexto de fuerte fractura dentro del Movimiento al Socialismo<\/b>, dividido desde 2023 entre los sectores de Evo Morales y de Arce. La ofensiva judicial acent\u00faa esa ruptura y reconfigura el escenario pol\u00edtico boliviano en un momento de incertidumbre institucional, con m\u00faltiples causas abiertas ligadas a la gesti\u00f3n de recursos p\u00fablicos durante el periodo de mayor hegemon\u00eda del MAS.<\/p>\n","protected":false},"excerpt":{"rendered":"El ex presidente de Bolivia, Luis Arce El ex presidente de Bolivia, Luis Arce, fue arrestado en horas&hellip;\n","protected":false},"author":2,"featured_media":281838,"comment_status":"","ping_status":"","sticky":false,"template":"","format":"standard","meta":{"footnotes":""},"categories":[42],"tags":[17,18,13,14,11,61,62,63,64,19,20,9,10,15,16,12,21,22,65,66,67],"class_list":{"0":"post-281837","1":"post","2":"type-post","3":"status-publish","4":"format-standard","5":"has-post-thumbnail","7":"category-internacional","8":"tag-breaking-news","9":"tag-breakingnews","10":"tag-featured-news","11":"tag-featurednews","12":"tag-headlines","13":"tag-internacional","14":"tag-international","15":"tag-international-news","16":"tag-internationalnews","17":"tag-latest-news","18":"tag-latestnews","19":"tag-news","20":"tag-noticias","21":"tag-noticias-destacadas","22":"tag-noticiasdestacadas","23":"tag-titulares","24":"tag-ultimas-noticias","25":"tag-ultimasnoticias","26":"tag-world","27":"tag-world-news","28":"tag-worldnews"},"share_on_mastodon":{"url":"https:\/\/pubeurope.com\/@es\/115697478200339276","error":""},"_links":{"self":[{"href":"https:\/\/www.europesays.com\/es\/wp-json\/wp\/v2\/posts\/281837","targetHints":{"allow":["GET"]}}],"collection":[{"href":"https:\/\/www.europesays.com\/es\/wp-json\/wp\/v2\/posts"}],"about":[{"href":"https:\/\/www.europesays.com\/es\/wp-json\/wp\/v2\/types\/post"}],"author":[{"embeddable":true,"href":"https:\/\/www.europesays.com\/es\/wp-json\/wp\/v2\/users\/2"}],"replies":[{"embeddable":true,"href":"https:\/\/www.europesays.com\/es\/wp-json\/wp\/v2\/comments?post=281837"}],"version-history":[{"count":0,"href":"https:\/\/www.europesays.com\/es\/wp-json\/wp\/v2\/posts\/281837\/revisions"}],"wp:featuredmedia":[{"embeddable":true,"href":"https:\/\/www.europesays.com\/es\/wp-json\/wp\/v2\/media\/281838"}],"wp:attachment":[{"href":"https:\/\/www.europesays.com\/es\/wp-json\/wp\/v2\/media?parent=281837"}],"wp:term":[{"taxonomy":"category","embeddable":true,"href":"https:\/\/www.europesays.com\/es\/wp-json\/wp\/v2\/categories?post=281837"},{"taxonomy":"post_tag","embeddable":true,"href":"https:\/\/www.europesays.com\/es\/wp-json\/wp\/v2\/tags?post=281837"}],"curies":[{"name":"wp","href":"https:\/\/api.w.org\/{rel}","templated":true}]}}