{"id":281851,"date":"2025-12-10T22:03:13","date_gmt":"2025-12-10T22:03:13","guid":{"rendered":"https:\/\/www.europesays.com\/es\/281851\/"},"modified":"2025-12-10T22:03:13","modified_gmt":"2025-12-10T22:03:13","slug":"valle-salvaje-avance-del-capitulo-313-del-jueves-11-de-diciembre-leonardo-rompe-el-corazon-de-irene-el-mundo","status":"publish","type":"post","link":"https:\/\/www.europesays.com\/es\/281851\/","title":{"rendered":"&#039;Valle Salvaje&#039;, avance del cap\u00edtulo 313 del jueves 11 de diciembre: Leonardo rompe el coraz\u00f3n de Irene &#8211; El Mundo"},"content":{"rendered":"<ol>\n<li><a href=\"https:\/\/news.google.com\/rss\/articles\/CBMiiAFBVV95cUxPN2gzQThPZGExaW03LTJjdkE4NmRqWjlZZXlfcUZqUE5uMEY5dG5hajlENi1SaUFRSUd3d1dKZ3BhdmdwcHNYc2RWaUdtOE9EUERtV0xnd0Uwel9MZXNzWDhlMnEwZWJGOU1vU0Q5ZDRPbkRkVEtBUUFrVEJROUMyWlZUejRnRl8y?oc=5\" target=\"_blank\" rel=\"nofollow noopener\">&#8216;Valle Salvaje&#8217;, avance del cap\u00edtulo 313 del jueves 11 de diciembre: Leonardo rompe el coraz\u00f3n de Irene<\/a>&nbsp;&nbsp;El Mundo<\/li>\n<li><a href=\"https:\/\/news.google.com\/rss\/articles\/CBMiiAFBVV95cUxNQnBsaFJxNzdVMDc3VGRfNmNsVFpFajRhNHZXeHptZEJ2TEtCVWJIcUlaSFhNMlJueTZnVTJId2tGRVlvT2RFZUVwOHE5UVh1RDNtTlBuUHBDcEhfSmtFeW5HNGYybWxadjA4MkZQNlE5cTE2RGV5VHRCMXpvM1JQRGNWdENVeUZf?oc=5\" target=\"_blank\" rel=\"nofollow noopener\">&#8216;Valle Salvaje&#8217;, avance del cap\u00edtulo 312 de hoy mi\u00e9rcoles 10 de diciembre: B\u00e1rbara le insiste a Leonardo en que su amor es imposible<\/a>&nbsp;&nbsp;El Mundo<\/li>\n<li><a href=\"https:\/\/news.google.com\/rss\/articles\/CBMisgFBVV95cUxNcnlOaVFveGNMOXBqcGRQZkdEdnBDc0c1U2NRNXRYN1RVY01Jd0otYWxmcGFuU0t0VG5qX0YtM1ZsZjROb2FxTE91MnREejhSa3VLRi1qa0lCZTd3V2VQakxKYWRaeVJlUjVJQTF1SWZEQkFQQ253c0NCX2R0OHQ1N2o0cHF1UzBrcDVHdURIay1MU2dsTUoySmx4ckV2dHc2ZG1MRDJaQ292by1kWEV5UmNB0gG3AUFVX3lxTE9KMGxEcTRxRDA1MWVoUzZmMGItVEVKZlFlZWFmQUZ3UUNOblVGQlc2ZmhVRE1FTnJCb2RJNlFFZ3dHRXZQcTdtbzNLbDRGcGpKNk51ZGx0T1VUa2lZYkQxZlozMDJ4aXFMUkttMVZFVEcyUHREbEc3SlljeHZhQ29Vd3Qzc3pVY2ZIZ05SemYwdXdXbEpNeWg0RmtLMGdsVGlRYXpYd05kSC1pS1o1c1pFRHdkZEFyMA?oc=5\" target=\"_blank\" rel=\"nofollow noopener\">Avance semanal de &#8216;Valle Salvaje&#8217;: el desmayo de Adriana, la revelaci\u00f3n de D\u00e1maso y el regreso al valle de un viejo conocido<\/a>&nbsp;&nbsp;El Confidencial<\/li>\n<li><a href=\"https:\/\/news.google.com\/rss\/articles\/CBMi0wFBVV95cUxPYm9Cc3RZNGpBZ3lPSVBJc3Zxc1NrSEhGQ2NVVmdEczByYVZRWWI4TExCMlJtZmpKbmJKTHFkeFpuWk1YYmc0R1NCR1I0NVI0VnR0WHhGR1RLVGdwOEZvU2JndFM4cmpEa3c0WXc1ajVMWl9nd1JESFl0RU9VMDJxX0J6NkxtNkpjTjBMWUF4TjJ6R3Rya0hQRWpiMDBlalZRcmlQZDlPaGxhMzdaTnNIaXpNWUVGOXlGN0RsdE1WRjFjcWg4cE5pakMwZlZrVmFOTFc4?oc=5\" target=\"_blank\" rel=\"nofollow noopener\">Avance del cap\u00edtulo 313 de &#8216;Valle Salvaje&#8217;, la serie de TVE y Netflix<\/a>&nbsp;&nbsp;Diez Minutos<\/li>\n<li><a href=\"https:\/\/news.google.com\/rss\/articles\/CBMizAFBVV95cUxNblp2dk1lNzk4c2h2dkZxeEkyYXJXNkptVGZwUWdPMHZKZlNHTjFZUExyUWpCOEVnRENIQ2V3dktjRnlMam01THJxQjBNOERaNFJMem5iUjdWUHk5MWVOSG5XOU85UmR3NDBhRWxyTEU5bzBxdDlZeHdoWVl1TFdzdmFZYkppRTRyZDJ3NmV6MU5sWTdIcENORTNDN19kR0tISG9qeFUyZ01ZSU1vdDljcEtWcmpEN2g0TUM0YnBRdkVCNWZ1WWM5V2NrcTA?oc=5\" target=\"_blank\" rel=\"nofollow noopener\">RTVE desvela, antes de tiempo, el rumbo de &#8216;Valle Salvaje&#8217; y &#8216;La Promesa&#8217;<\/a>&nbsp;&nbsp;El Independiente<\/li>\n<\/ol>\n","protected":false},"excerpt":{"rendered":"&#8216;Valle Salvaje&#8217;, avance del cap\u00edtulo 313 del jueves 11 de diciembre: Leonardo rompe el coraz\u00f3n de Irene&nbsp;&nbsp;El Mundo&hellip;\n","protected":false},"author":2,"featured_media":281852,"comment_status":"","ping_status":"","sticky":false,"template":"","format":"standard","meta":{"footnotes":""},"categories":[171],"tags":[146,147,25,24,518,805,23,11029,6761,214,27808],"class_list":{"0":"post-281851","1":"post","2":"type-post","3":"status-publish","4":"format-standard","5":"has-post-thumbnail","7":"category-tv","8":"tag-entertainment","9":"tag-entretenimiento","10":"tag-es","11":"tag-espana","12":"tag-rtve","13":"tag-series","14":"tag-spain","15":"tag-television-series","16":"tag-tresb","17":"tag-tv","18":"tag-valle-salvaje"},"share_on_mastodon":{"url":"https:\/\/pubeurope.com\/@es\/115697536679563036","error":""},"_links":{"self":[{"href":"https:\/\/www.europesays.com\/es\/wp-json\/wp\/v2\/posts\/281851","targetHints":{"allow":["GET"]}}],"collection":[{"href":"https:\/\/www.europesays.com\/es\/wp-json\/wp\/v2\/posts"}],"about":[{"href":"https:\/\/www.europesays.com\/es\/wp-json\/wp\/v2\/types\/post"}],"author":[{"embeddable":true,"href":"https:\/\/www.europesays.com\/es\/wp-json\/wp\/v2\/users\/2"}],"replies":[{"embeddable":true,"href":"https:\/\/www.europesays.com\/es\/wp-json\/wp\/v2\/comments?post=281851"}],"version-history":[{"count":0,"href":"https:\/\/www.europesays.com\/es\/wp-json\/wp\/v2\/posts\/281851\/revisions"}],"wp:featuredmedia":[{"embeddable":true,"href":"https:\/\/www.europesays.com\/es\/wp-json\/wp\/v2\/media\/281852"}],"wp:attachment":[{"href":"https:\/\/www.europesays.com\/es\/wp-json\/wp\/v2\/media?parent=281851"}],"wp:term":[{"taxonomy":"category","embeddable":true,"href":"https:\/\/www.europesays.com\/es\/wp-json\/wp\/v2\/categories?post=281851"},{"taxonomy":"post_tag","embeddable":true,"href":"https:\/\/www.europesays.com\/es\/wp-json\/wp\/v2\/tags?post=281851"}],"curies":[{"name":"wp","href":"https:\/\/api.w.org\/{rel}","templated":true}]}}