{"id":281875,"date":"2025-12-10T22:21:12","date_gmt":"2025-12-10T22:21:12","guid":{"rendered":"https:\/\/www.europesays.com\/es\/281875\/"},"modified":"2025-12-10T22:21:12","modified_gmt":"2025-12-10T22:21:12","slug":"pedro-martinez-mientras-los-valores-del-equipo-en-la-pista-sean-los-que-se-estamos-viendo-a-muerte","status":"publish","type":"post","link":"https:\/\/www.europesays.com\/es\/281875\/","title":{"rendered":"Pedro Mart\u00ednez: \u00abMientras los valores del equipo en la pista sean los que se estamos viendo, a muerte\u00bb"},"content":{"rendered":"<p>El Valencia Basket ha preparado este mi\u00e9rcoles, en la pista auxiliar del Roig Arena, el partido que le enfrenar\u00e1 el jueves al Anadolu Efes en  &#8230; la Euroliga. Con la novedad de Braxton Key, aunque el t\u00e9cnico deber\u00e1 decidir junto a los servicios m\u00e9dicos si est\u00e1 apto para el partido. Pedro Mart\u00ednez ha aprovechado la previa para mandar un mensaje de calma al entorno, consciente de la ilusi\u00f3n que genera su equipo que ahora mismo es el l\u00edder de la ACB y el cuarto de la Euroliga, avisando que el partido ante los turcos es de aquellos que tienen trampa. <\/p>\n<p class=\"v-p\"><strong>Pablo Laso y su llegada al Anadolu Efes<\/strong><\/p>\n<p class=\"v-p\">No tengo ni idea, no es oficial, no he escuchado nada y me pillas acabando de hacer un entrenamiento que lo hemos preparado lo mejor que hemos podido. No me consta que sea el nuevo entrenador del Efes y si lo es le deseo la mejor de las suertes.<\/p>\n<p class=\"v-p\"><strong>Mejora defensiva en el \u00faltimo mes <\/strong><\/p>\n<p class=\"v-p\">Se podr\u00eda mirar a nivel de estad\u00edstica avanzada pero en la vor\u00e1gine de partidos que tenemos no es algo de lo que estemos atentos. Me centro en que vamos a jugar contra uno de los equipos top de la competici\u00f3n a nivel de presupuesto y de prestigio de los jugadores. <\/p>\n<p class=\"v-p\"><strong>El Anadolu Efes <\/strong><\/p>\n<p class=\"v-p\">Sabemos que tienen lesionados importantes pero tenemos el m\u00e1ximo respeto por ellos. Tienen un juego interior que es muy dif\u00edcil de defender con Osmani y Smits porque son jugadores que juegan diferente a la mayor\u00eda de equipos de la Euroliga y vamos a sufrir en esa adaptaci\u00f3n. Vamos a jugar contra un equipo que defensivamente nos puede poner en dificultades. M\u00e1ximo respeto porque todos los partidos tienen valor, tenemos que estar a tope para dar nuestra mejor versi\u00f3n. Es un partido muy dif\u00edcil, tienen jugadores que me encantan y que los admiro. De los que vienen a jugar tienen tres o cuatro que me encantan y que no podemos fichar porque est\u00e1n en un nivel econ\u00f3mico que est\u00e1 por encima del Valencia Basket. <\/p>\n<p class=\"v-p\"><strong>Centrados en el trabajo y no en ganar partidos <\/strong><\/p>\n<p class=\"v-p\">Lo \u00fanico que puedo decir es que no estamos centrados exclusivamente en ganar partidos o conseguir un puesto en la clasificaci\u00f3n, ni pensamos en el playoff ni el playinn. Solo en la Copa porque sabemos que la vamos a jugar, pero tampoco en ser cabezas de serie. De lo \u00fanico que estamos pendientes es de jugar lo mejor que podamos. Mientras los valores que est\u00e9 poniendo el equipo en la pista sean los que se estamos viendo, a muerte con el equipo. A felicitarles cuando la metan y animarles cuando no la metan. Con esos valores da igual si se gana y se pierde, lo que no voy a hacer es decir a lo que aspiramos porque no tengo ni idea. Eso lo tiene que ver la afici\u00f3n, que ese es nuestro estilo, que ganar o perder sea la consecuencia del esfuerzo. Con la mentalidad de los jugadores creo que vamos a ganar m\u00e1s que perder, pero no quiero dar nada por seguro. No quiero pensar en clasificaciones, lo que tenga que venir que sea fruto de nuestro d\u00eda a d\u00eda. <\/p>\n<p><a href=\"http:\/\/www.lasprovincias.es\/deportes\/valencia-bc\/jean-montero-equipos-hablar-pista-ahi-demuestra-20251208184726-nt.html#vtm_modulosEngag=mod-rel:deportes:noticia:1:cmp:1-not\" class=\"v-a-link\" aria-label=\"Imagen\" rel=\"nofollow noopener\" target=\"_blank\"><\/p>\n<p><img decoding=\"async\" loading=\"lazy\" src=\"https:\/\/www.europesays.com\/es\/wp-content\/uploads\/2025\/12\/RS863344_-U21504574446bjX-366x256@Las Provincias.jpg\" class=\"v-a-img\" width=\"258\" height=\"180\" alt=\"\" data-voc-vtm-id=\"in-text-traffic\"\/><\/p>\n<p><\/a><\/p>\n<p class=\"v-p\"><strong>Reflexi\u00f3n al entorno <\/strong><\/p>\n<p class=\"v-p\">Es un partido trampa. Mi experiencia personal dice que suelo dar mi mejor versi\u00f3n cuando estoy preparado para que las dificultades sean m\u00e1s grandes. Es un tema de psicolog\u00eda, cuando m\u00e1s me preparo para las dificultades mejor respondo. Si te preparas pensando que un partido es f\u00e1cil o que ese equipo no nos llega ni a la suela de los zapatos, esos son los partidos que pierdes, los que no te preparas. Eso podr\u00eda pasar y es algo que se transmite, en c\u00f3mo lo piensan los aficionados que vienen al partido, los periodistas, c\u00f3mo lo transmitimos a los jugadores o los jugadores entre ellos. Prefiero prepararme para grandes dificultades.<\/p>\n<p class=\"v-p\"><strong>Braxton Key<\/strong><\/p>\n<p class=\"v-p\">Ha entrenado y va bien la cosa. Lo tenemos que hablar con los servicios m\u00e9dicos porque tenemos que decidir, c\u00f3mo tenemos buenos jugadores, si queremos todos al cien por cien o sacar a uno que est\u00e1 al cien para meter a uno que no lo est\u00e1.<\/p>\n","protected":false},"excerpt":{"rendered":"El Valencia Basket ha preparado este mi\u00e9rcoles, en la pista auxiliar del Roig Arena, el partido que le&hellip;\n","protected":false},"author":2,"featured_media":281876,"comment_status":"","ping_status":"","sticky":false,"template":"","format":"standard","meta":{"footnotes":""},"categories":[269],"tags":[299,298,168,622,25,24,825,4920,1822,5839,23,167,113,25442],"class_list":{"0":"post-281875","1":"post","2":"type-post","3":"status-publish","4":"format-standard","5":"has-post-thumbnail","7":"category-baloncesto","8":"tag-baloncesto","9":"tag-basketball","10":"tag-deportes","11":"tag-equipo","12":"tag-es","13":"tag-espana","14":"tag-martinez","15":"tag-muerte","16":"tag-pedro","17":"tag-pista","18":"tag-spain","19":"tag-sports","20":"tag-valores","21":"tag-viendo"},"share_on_mastodon":{"url":"https:\/\/pubeurope.com\/@es\/115697607734153649","error":""},"_links":{"self":[{"href":"https:\/\/www.europesays.com\/es\/wp-json\/wp\/v2\/posts\/281875","targetHints":{"allow":["GET"]}}],"collection":[{"href":"https:\/\/www.europesays.com\/es\/wp-json\/wp\/v2\/posts"}],"about":[{"href":"https:\/\/www.europesays.com\/es\/wp-json\/wp\/v2\/types\/post"}],"author":[{"embeddable":true,"href":"https:\/\/www.europesays.com\/es\/wp-json\/wp\/v2\/users\/2"}],"replies":[{"embeddable":true,"href":"https:\/\/www.europesays.com\/es\/wp-json\/wp\/v2\/comments?post=281875"}],"version-history":[{"count":0,"href":"https:\/\/www.europesays.com\/es\/wp-json\/wp\/v2\/posts\/281875\/revisions"}],"wp:featuredmedia":[{"embeddable":true,"href":"https:\/\/www.europesays.com\/es\/wp-json\/wp\/v2\/media\/281876"}],"wp:attachment":[{"href":"https:\/\/www.europesays.com\/es\/wp-json\/wp\/v2\/media?parent=281875"}],"wp:term":[{"taxonomy":"category","embeddable":true,"href":"https:\/\/www.europesays.com\/es\/wp-json\/wp\/v2\/categories?post=281875"},{"taxonomy":"post_tag","embeddable":true,"href":"https:\/\/www.europesays.com\/es\/wp-json\/wp\/v2\/tags?post=281875"}],"curies":[{"name":"wp","href":"https:\/\/api.w.org\/{rel}","templated":true}]}}