{"id":281877,"date":"2025-12-10T22:22:14","date_gmt":"2025-12-10T22:22:14","guid":{"rendered":"https:\/\/www.europesays.com\/es\/281877\/"},"modified":"2025-12-10T22:22:14","modified_gmt":"2025-12-10T22:22:14","slug":"diego-llorente-pide-un-paso-adelante-al-betis-contra-el-dinamo-zagreb-si-tienes-que-hacer-cuentas","status":"publish","type":"post","link":"https:\/\/www.europesays.com\/es\/281877\/","title":{"rendered":"Diego Llorente pide un paso adelante al Betis contra el Dinamo Zagreb: \u00abSi tienes que hacer cuentas&#8230;\u00bb"},"content":{"rendered":"<p>El central advirti\u00f3 que no cabe relajaci\u00f3n para evitar lo del curso pasado en Mlad\u00e1 Boleslav y recurrir a la calculadora para lograr el pase, por lo que hizo una petici\u00f3n al equipo de cara a la cita en Zagreb<\/p>\n<p class=\"parrafo\"><strong>Diego Llorente <\/strong>fue el futbolista elegido para acompa\u00f1ar a Manuel Pellegrini en la rueda de prensa previa al partido de ma\u00f1ana contra el Dinamo de Zagreb y el madrile\u00f1o <strong>lanz\u00f3 una advertencia de cara a este partido para evitar luego la calculadora <\/strong>y lo que pas\u00f3 el curso pasado contra el humilde Mlada Boleslav.<\/p>\n<p class=\"parrafo\"><strong>\u201cEl aprendizaje del a\u00f1o pasado vale para todas las competiciones<\/strong>, porque en partidos donde \u00e9ramos favoritos <strong>nos falt\u00f3 dar un paso adelante <\/strong>por aquel entonces. Ahora estamos en una situaci\u00f3n totalmente diferente\u00bb, se\u00f1al\u00f3 Diego Llorente, que se marca un objetivo para ma\u00f1ana jueves: <strong>\u00abQueremos lograr la primera victoria fuera de casa en Europa\u201d.<\/strong><\/p>\n<p><strong\/>Llorente se\u00f1ala que un triunfo no ser\u00eda definitivo pero que \u00abdar\u00eda tranquilidad\u00bb<\/p>\n<p class=\"parrafo\">En este sentido, avisa de que no ser\u00e1 en absoluto un partido sencillo, por la tradici\u00f3n futbol\u00edstica del rival y las continuas joyas que aportan al f\u00fatbol mundial: \u00ab<strong>Hemos visto cu\u00e1l es el estilo del Dinamo, que combina jugadores f\u00edsicos con otros m\u00e1s t\u00e9cnicos. <\/strong>La cantera croata siempre tiene grandes jugadores, no hay m\u00e1s que ver hasta donde llega Croacia en la Eurocopa o el Mundial\u00bb. Por ello, el central madrile\u00f1o no duda que el Dinamo obligar\u00e1 a los verdiblancos a esforzarse al m\u00e1ximo: <strong>\u00abEsperamos un partido dif\u00edcil, <\/strong>en el que seguro que nos van a complicar las cosas\u201d.<\/p>\n<p><a class=\"elementos-rel-t2\" href=\"https:\/\/www.estadiodeportivo.com\/futbol\/betis\/pellegrini-revela-retraso-vuelta-isco-betis-confirma-negociacion-frustrada-por-abde-bakambu-20251210-523292.html\" title=\"Pellegrini revela el retraso de la vuelta de Isco en el Betis y confirma la negociaci\u00f3n frustrada por Abde y Bakambu \" rel=\"nofollow noopener\" target=\"_blank\"><\/p>\n<p class=\"titular titulo-4\">Pellegrini revela el retraso de la vuelta de Isco en el Betis y confirma la negociaci\u00f3n frustrada por Abde y Bakambu <\/p>\n<p><img decoding=\"async\" src=\"https:\/\/www.europesays.com\/es\/wp-content\/uploads\/2025\/12\/48950ed5-b7ce-4fa0-941b-71a9eba04460_320x180.jpeg\" alt=\"Pellegrini revela el retraso de la vuelta de Isco en el Betis y confirma la negociaci\u00f3n frustrada por Abde y Bakambu \"\/><\/a><a class=\"elementos-rel-t2\" href=\"https:\/\/www.estadiodeportivo.com\/futbol\/betis\/angel-haro-presidente-del-betis-supuesto-enfado-con-amrabat-los-casos-abde-bakambu-padre-lamine-yamal-revancha-con-dinamo-zagreb-20251210-523199.html\" title=\"\u00c1ngel Haro, presidente del Betis: el supuesto enfado con Amrabat, los casos de Abde y Bakambu, el padre de Lamine Yamal, revancha con el Dinamo Zagreb... \" rel=\"nofollow noopener\" target=\"_blank\"><\/p>\n<p class=\"titular titulo-4\">\u00c1ngel Haro, presidente del Betis: el supuesto enfado con Amrabat, los casos de Abde y Bakambu, el padre de Lamine Yamal, revancha con el Dinamo Zagreb&#8230; <\/p>\n<p><img decoding=\"async\" src=\"https:\/\/www.europesays.com\/es\/wp-content\/uploads\/2025\/12\/796d4c7e-cf9a-405a-975c-c89d1b7a6c17_320x180.jpeg\" alt=\"\u00c1ngel Haro, presidente del Betis: el supuesto enfado con Amrabat, los casos de Abde y Bakambu, el padre de Lamine Yamal, revancha con el Dinamo Zagreb... \"\/><\/a><a class=\"elementos-rel-t2\" href=\"https:\/\/www.estadiodeportivo.com\/futbol\/copa-del-rey\/murcia-betis-precios-las-entradas-una-aficion-que-olvida-estadio-que-imitar-20251210-523214.html\" title=\"Murcia - Betis: precios de las entradas, una afici\u00f3n que no olvida y un estadio al que imitar\" rel=\"nofollow noopener\" target=\"_blank\"><\/p>\n<p class=\"titular titulo-4\">Murcia &#8211; Betis: precios de las entradas, una afici\u00f3n que no olvida y un estadio al que imitar<\/p>\n<p><img decoding=\"async\" src=\"https:\/\/www.europesays.com\/es\/wp-content\/uploads\/2025\/12\/0651d17f-24bf-4da0-8fd3-015ea9427c90_320x180.jpeg\" alt=\"Murcia - Betis: precios de las entradas, una afici\u00f3n que no olvida y un estadio al que imitar\"\/><\/a><\/p>\n<p class=\"parrafo\">As\u00ed las cosas, destaca la importancia de este duelo de cara a la clasificaci\u00f3n, sobre todo para evitar apuros innecesarios como los del curso anterior. <strong>\u00abUn resultado positivo no ser\u00eda definitivo, pero s\u00ed dar\u00eda tranquilidad\u00bb, <\/strong>se\u00f1al\u00f3 Llorente, que dio un toque de atenci\u00f3n para que no haya despistes contra los croatas: <strong>\u00abSi tienes que hacer cuentas es porque no has hecho los deberes a tiempo y lo queremos evitar\u201d.<\/strong><\/p>\n<p><strong\/>Llorente pide dar un paso adelante fuera de casa<\/p>\n<p class=\"parrafo\">Igualmente, quiso dejar claro que este partido es muy distinto a la anterior salida contra el Genk, en la que el Betis no pas\u00f3 del empate sin tantos. \u00abSon distintas situaciones. Tuvimos nuestras oportunidades, ellos tambi\u00e9n. <strong>Despu\u00e9s han hecho grandes partidos y demostrado que son un equipo dif\u00edcil. Tenemos que dar ese paso adelante fuera de casa <\/strong>para que ese trabajo que hemos hecho en casa podamos refrendarlo y apoyarlo con victorias fuera\u00bb, apunt\u00f3 el defensa, que resalt\u00f3 los recursos de la plantilla<\/p>\n<p><a class=\"elementos-rel-t2\" href=\"https:\/\/www.estadiodeportivo.com\/futbol\/betis\/real-betis-despide-sofyan-amrabat-para-que-resta-ano-20251209-523120.html\" title=\"El Real Betis se despide de Sofyan Amrabat para lo que resta de a\u00f1o, como m\u00ednimo \" rel=\"nofollow noopener\" target=\"_blank\"><\/p>\n<p class=\"titular titulo-4\">El Real Betis se despide de Sofyan Amrabat para lo que resta de a\u00f1o, como m\u00ednimo <\/p>\n<p><img decoding=\"async\" src=\"https:\/\/www.europesays.com\/es\/wp-content\/uploads\/2025\/12\/ff4735d1-9a79-4880-86ab-4969dfb6f801_320x180.jpeg\" alt=\"El Real Betis se despide de Sofyan Amrabat para lo que resta de a\u00f1o, como m\u00ednimo \"\/><\/a><a class=\"elementos-rel-t2\" href=\"https:\/\/www.estadiodeportivo.com\/futbol\/betis\/betis-vuelve-zagreb-para-resolver-varias-cuentas-pendientes-con-dinamo-20251208-523036.html\" title=\"El Betis vuelve a Zagreb para resolver varias cuentas pendientes con el Dinamo \" rel=\"nofollow noopener\" target=\"_blank\"><\/p>\n<p class=\"titular titulo-4\">El Betis vuelve a Zagreb para resolver varias cuentas pendientes con el Dinamo <\/p>\n<p><img decoding=\"async\" src=\"https:\/\/www.europesays.com\/es\/wp-content\/uploads\/2025\/12\/bd5daf08-fa1d-4c7a-a7f0-901f576a91fa_320x180.jpeg\" alt=\"El Betis vuelve a Zagreb para resolver varias cuentas pendientes con el Dinamo \"\/><\/a><\/p>\n<p class=\"parrafo\">\u00abEl equipo es consciente de que no solo hay una v\u00eda para conseguir puestos europeos<strong>. Este a\u00f1o tenemos una plantilla extensa<\/strong>, con jugadores  que juegan menos como Ortiz o Altimira y cuando han salido han hecho un gran trabajo. <strong>Yo mismo, que juego m\u00e1s en Europa League, doy lo mejor y eso te lleva a poder afrontar las competiciones con m\u00e1s garant\u00edas <\/strong>y no centrarte en una sola v\u00eda. Estamos en diciembre es todav\u00eda muy pronto. Ya veremos en marzo d\u00f3nde nos coloca cada competici\u00f3n\u00bb, apunt\u00f3.<\/p>\n","protected":false},"excerpt":{"rendered":"El central advirti\u00f3 que no cabe relajaci\u00f3n para evitar lo del curso pasado en Mlad\u00e1 Boleslav y recurrir&hellip;\n","protected":false},"author":2,"featured_media":281878,"comment_status":"","ping_status":"","sticky":false,"template":"","format":"standard","meta":{"footnotes":""},"categories":[268],"tags":[168,68261,59050,25,24,284,280,282,286,281,23,167],"class_list":{"0":"post-281877","1":"post","2":"type-post","3":"status-publish","4":"format-standard","5":"has-post-thumbnail","7":"category-futbol","8":"tag-deportes","9":"tag-diego-llorente","10":"tag-dinamo-zagreb","11":"tag-es","12":"tag-espana","13":"tag-estadio-deportivo","14":"tag-football","15":"tag-futbol","16":"tag-real-betis-balompie","17":"tag-soccer","18":"tag-spain","19":"tag-sports"},"share_on_mastodon":{"url":"https:\/\/pubeurope.com\/@es\/115697611559999947","error":""},"_links":{"self":[{"href":"https:\/\/www.europesays.com\/es\/wp-json\/wp\/v2\/posts\/281877","targetHints":{"allow":["GET"]}}],"collection":[{"href":"https:\/\/www.europesays.com\/es\/wp-json\/wp\/v2\/posts"}],"about":[{"href":"https:\/\/www.europesays.com\/es\/wp-json\/wp\/v2\/types\/post"}],"author":[{"embeddable":true,"href":"https:\/\/www.europesays.com\/es\/wp-json\/wp\/v2\/users\/2"}],"replies":[{"embeddable":true,"href":"https:\/\/www.europesays.com\/es\/wp-json\/wp\/v2\/comments?post=281877"}],"version-history":[{"count":0,"href":"https:\/\/www.europesays.com\/es\/wp-json\/wp\/v2\/posts\/281877\/revisions"}],"wp:featuredmedia":[{"embeddable":true,"href":"https:\/\/www.europesays.com\/es\/wp-json\/wp\/v2\/media\/281878"}],"wp:attachment":[{"href":"https:\/\/www.europesays.com\/es\/wp-json\/wp\/v2\/media?parent=281877"}],"wp:term":[{"taxonomy":"category","embeddable":true,"href":"https:\/\/www.europesays.com\/es\/wp-json\/wp\/v2\/categories?post=281877"},{"taxonomy":"post_tag","embeddable":true,"href":"https:\/\/www.europesays.com\/es\/wp-json\/wp\/v2\/tags?post=281877"}],"curies":[{"name":"wp","href":"https:\/\/api.w.org\/{rel}","templated":true}]}}