{"id":281881,"date":"2025-12-10T22:26:13","date_gmt":"2025-12-10T22:26:13","guid":{"rendered":"https:\/\/www.europesays.com\/es\/281881\/"},"modified":"2025-12-10T22:26:13","modified_gmt":"2025-12-10T22:26:13","slug":"asi-salio-maria-corina-machado-de-venezuela","status":"publish","type":"post","link":"https:\/\/www.europesays.com\/es\/281881\/","title":{"rendered":"as\u00ed sali\u00f3 Mar\u00eda Corina Machado de Venezuela"},"content":{"rendered":"<p style=\"\">La <strong>salida<\/strong> de <strong>Mar\u00eda Corina Machado<\/strong> de <strong>Venezuela<\/strong> se produjo en la madrugada del martes, tras m\u00e1s de un a\u00f1o en la clandestinidad. Seg\u00fan dos funcionarios estadounidenses consultados por ABC este mi\u00e9rcoles, la dirigente abandon\u00f3 el pa\u00eds por mar y alcanz\u00f3 la  &#8230; isla de <strong>Curazao<\/strong>, a unas cuarenta millas de la costa, en el primer tramo de un recorrido organizado en estricto secreto. <\/p>\n<p class=\"voc-p\" style=\"\">El objetivo era <a href=\"https:\/\/www.abc.es\/internacional\/maria-corina-machado-podido-llegar-oslo-recogera-20251210081118-nt.html\" data-voc-vtm-id=\"in-text-traffic\" title=\"llegar a Oslo para la ceremonia del Premio Nobel de la Paz\" data-mrf-link=\"www.abc.es\" rel=\"nofollow noopener\" target=\"_blank\">llegar a Oslo para la ceremonia del Premio Nobel de la Paz<\/a>, aunque el mal tiempo retras\u00f3 el cruce y la oblig\u00f3 a perder el acto. <a href=\"https:\/\/www.abc.es\/internacional\/maria-corina-machado-premio-recuerda-mundo-democracia-20251210141812-nt.html\" data-voc-vtm-id=\"in-text-traffic\" title=\"Su hija, Ana Corina Sosa, recogi\u00f3 el galard\u00f3n en su nombre\" data-mrf-link=\"www.abc.es\" rel=\"nofollow noopener\" target=\"_blank\">Su hija, Ana Corina Sosa, recogi\u00f3 el galard\u00f3n en su nombre<\/a>.<\/p>\n<p class=\"voc-p\" style=\"\">Las condiciones en la franja mar\u00edtima entre la isla y la costa venezolana eran de olas de entre uno y dos metros y r\u00e1fagas de viento del este que alcanzaban fuerza 5 y 6 en la escala Beaufort. Ese r\u00e9gimen de viento, con <strong>rachas de hasta 5o kil\u00f3metros por hora<\/strong> y un oleaje m\u00e1s fuerte en los sectores norte y este del litoral, coincide con un escenario de navegaci\u00f3n lenta y exigente para embarcaciones peque\u00f1as, similar al descrito por las fuentes que mencionaron a ABC retrasos y complicaciones en la traves\u00eda.<\/p>\n<p class=\"voc-p\" style=\"\">El itinerario refleja hasta qu\u00e9 punto la oposici\u00f3n venezolana opera en un entorno de vigilancia constante y debe moverse en circunstancias de extremo riesgo. Desde agosto de 2024, cuando <strong>Nicol\u00e1s Maduro<\/strong> afirm\u00f3 que tanto Machado como el candidato <strong>Edmundo Gonz\u00e1lez<\/strong>, ganador de las elecciones, \u00abdeber\u00edan estar tras las rejas\u00bb, la l\u00edder opositora viv\u00eda en paraderos rotativos para evitar su captura. <\/p>\n<p class=\"voc-p\" style=\"\">Su salida por mar confirma lo que ya mostraron episodios recientes, como la <a href=\"https:\/\/www.abc.es\/internacional\/dejaron-salir-escapamos-cinco-opositores-venezolanos-liberados-20250524200824-nt.html\" data-voc-vtm-id=\"in-text-traffic\" title=\"operaci\u00f3n Guacamaya\" data-mrf-link=\"www.abc.es\" rel=\"nofollow noopener\" target=\"_blank\">operaci\u00f3n Guacamaya<\/a>, en la que cinco de sus colaboradores fueron extra\u00eddos desde la residencia diplom\u00e1tica argentina en Caracas: las <strong>grietas de seguridad<\/strong> son profundas y la estructura represiva del Estado no es tan impermeable como proyecta.<\/p>\n<p><a class=\"voc-img-link\" href=\"https:\/\/www.abc.es\/internacional\/ceremonia-entrega-premios-nobel-imagenes-20251210150051-ga.html\" data-voc-vtm-id=\"in-text-traffic\" title=\"La hija de Mar\u00eda Corina Machado, con el galard\u00f3n ante la imagen de su madre ausente\" rel=\"nofollow noopener\" target=\"_blank\"><\/p>\n<p><img decoding=\"async\" loading=\"lazy\" src=\"https:\/\/www.europesays.com\/es\/wp-content\/uploads\/2025\/12\/galeria-corina-U1051403902NxF--760x427@diario_abc.JPG\" class=\"voc-img\" width=\"759\" height=\"427\" alt=\"La hija de Mar\u00eda Corina Machado, con el galard\u00f3n ante la imagen de su madre ausente\" data-voc-vtm-id=\"in-text-traffic\"\/><\/p>\n<p><\/a><\/p>\n<p>Galer\u00eda.<\/p>\n<p>La hija de Mar\u00eda Corina Machado, con el galard\u00f3n ante la imagen de su madre ausente<\/p>\n<p>Afp<\/p>\n<p class=\"voc-p\" style=\"\">El patr\u00f3n es similar. En aquella operaci\u00f3n, ejecutada en mayo con apoyo estadounidense, el r\u00e9gimen intent\u00f3 despu\u00e9s presentar la retirada de los opositores como una salida negociada. La realidad fue que la coordinaci\u00f3n exterior y la presi\u00f3n internacional lograron abrir un corredor que Caracas no pudo cerrar a tiempo. <\/p>\n<p class=\"voc-p\" style=\"\">El <strong>trayecto mar\u00edtimo<\/strong> de Machado vuelve a evidenciar la misma fragilidad: hay en Venezuela rutas perif\u00e9ricas, vigilancia irregular y capacidad limitada para impedir movimientos r\u00e1pidos cuando se activan con antelaci\u00f3n y discreci\u00f3n coordinada.<\/p>\n<p>\nLa secuencia de la huida de Venezuela\n<\/p>\n<p class=\"voc-p\" style=\"\">Una vez en Curazao, Machado mand\u00f3 a los suyos un mensaje confirmando que se dirig\u00eda a Oslo, pero era evidente que llegar\u00eda con retraso. La <strong>secuencia temporal<\/strong> a la que ha accedido este diario muestra que, ya desde el amanecer del mi\u00e9rcoles, el Comit\u00e9 Nobel comenz\u00f3 a recibir confirmaciones dispersas de que estaba en tr\u00e1nsito, aunque sin detalles de ubicaci\u00f3n por razones de seguridad, en caso de que se informara a la dictadura de sus coordenadas.<\/p>\n<p class=\"voc-p\" style=\"\">Horas m\u00e1s tarde, cuando la ceremonia ya hab\u00eda empezado, el mensaje de Machado fue publicado oficialmente.<\/p>\n<p class=\"voc-title\">Un funcionario de EE.UU. apunta que elementos del r\u00e9gimen pudieron facilitar la salida, pero otras fuentes en Oslo rechazan que hubiera una coordinaci\u00f3n con el chavismo y apuntan a fallos de vigilancia<\/p>\n<p class=\"voc-p\" style=\"\">ABC habl\u00f3 con un funcionario estadounidense que sigui\u00f3 de cerca la situaci\u00f3n, aunque no particip\u00f3 directamente en la planificaci\u00f3n. Seg\u00fan su versi\u00f3n, elementos del r\u00e9gimen podr\u00edan facilitado la salida. Esa afirmaci\u00f3n, sin embargo, no encaja con los patrones observados en la operaci\u00f3n Guacamaya y s\u00ed con la respuesta oficial de Caracas, que suele atribuir estas <strong>fugas<\/strong> a acuerdos pol\u00edticos inexistentes. <\/p>\n<p class=\"voc-p\" style=\"\">De acuerdo con otras fuentes consultadas que est\u00e1n en Oslo, nada de lo ocurrido sugiere coordinaci\u00f3n operativa por parte del Estado, sino m\u00e1s bien fallas acumuladas y una <strong>gesti\u00f3n ineficiente<\/strong> de la vigilancia interna.<\/p>\n<p class=\"voc-p\" style=\"\">El propio funcionario reconoce que no puede confirmar qu\u00e9 ocurri\u00f3 en los tramos previos al embarque ni qui\u00e9n controlaba los <strong>puntos de acceso<\/strong> al litoral en el momento exacto. <\/p>\n<p>\nEl complejo regreso como \u00abfugitiva\u00bb\n<\/p>\n<p class=\"voc-p\" style=\"\">En mayo, tras la extracci\u00f3n de los colaboradores de Machado, tambi\u00e9n circularon versiones de cooperaci\u00f3n oficial que m\u00e1s tarde quedaron desmentidas por la reconstrucci\u00f3n parcial de los hechos. \u00abEn un sistema opaco, hay que ponderar cada posibilidad\u00bb, afirma.<\/p>\n<p class=\"voc-p\" style=\"\">La llegada de Machado a <strong>Noruega<\/strong>, prevista para las siguientes horas, abre ahora una nueva fase. El fiscal general venezolano ha advertido de que ser\u00e1 considerada fugitiva si abandona el territorio, lo que convierte su retorno en un pulso directo con el Gobierno de Maduro. <\/p>\n<p class=\"voc-p\" style=\"\">La presi\u00f3n estadounidense sigue en aumento, con <a href=\"https:\/\/www.abc.es\/internacional\/trump-amenaza-venezuela-vamos-atacar-tierra-acabar-20251202203523-nt.html\" data-voc-vtm-id=\"in-text-traffic\" title=\"despliegue militar en el Caribe y ataques autorizados contra embarcaciones vinculadas al narcotr\u00e1fico\" data-mrf-link=\"www.abc.es\" rel=\"nofollow noopener\" target=\"_blank\">despliegue militar en el Caribe y ataques autorizados contra embarcaciones vinculadas al narcotr\u00e1fico<\/a>. En paralelo, l\u00edderes de Argentina, Ecuador, Paraguay y Panam\u00e1 aguardaron en Oslo su eventual aparici\u00f3n, subrayando el peso internacional que ha adquirido su figura. Machado insiste en que volver\u00e1. El desenlace depender\u00e1 de si el r\u00e9gimen decide convertir su ausencia en un exilio forzado, algo que el equipo de Trump ha dicho que no tolerar\u00e1.<\/p>\n","protected":false},"excerpt":{"rendered":"La salida de Mar\u00eda Corina Machado de Venezuela se produjo en la madrugada del martes, tras m\u00e1s de&hellip;\n","protected":false},"author":2,"featured_media":281882,"comment_status":"","ping_status":"","sticky":false,"template":"","format":"standard","meta":{"footnotes":""},"categories":[171],"tags":[5049,35106,146,147,25,24,19300,11576,17745,1932,23,214,1192],"class_list":{"0":"post-281881","1":"post","2":"type-post","3":"status-publish","4":"format-standard","5":"has-post-thumbnail","7":"category-tv","8":"tag-barco","9":"tag-corina","10":"tag-entertainment","11":"tag-entretenimiento","12":"tag-es","13":"tag-espana","14":"tag-huyo","15":"tag-machado","16":"tag-madrugada","17":"tag-maria","18":"tag-spain","19":"tag-tv","20":"tag-venezuela"},"share_on_mastodon":{"url":"https:\/\/pubeurope.com\/@es\/115697627353278140","error":""},"_links":{"self":[{"href":"https:\/\/www.europesays.com\/es\/wp-json\/wp\/v2\/posts\/281881","targetHints":{"allow":["GET"]}}],"collection":[{"href":"https:\/\/www.europesays.com\/es\/wp-json\/wp\/v2\/posts"}],"about":[{"href":"https:\/\/www.europesays.com\/es\/wp-json\/wp\/v2\/types\/post"}],"author":[{"embeddable":true,"href":"https:\/\/www.europesays.com\/es\/wp-json\/wp\/v2\/users\/2"}],"replies":[{"embeddable":true,"href":"https:\/\/www.europesays.com\/es\/wp-json\/wp\/v2\/comments?post=281881"}],"version-history":[{"count":0,"href":"https:\/\/www.europesays.com\/es\/wp-json\/wp\/v2\/posts\/281881\/revisions"}],"wp:featuredmedia":[{"embeddable":true,"href":"https:\/\/www.europesays.com\/es\/wp-json\/wp\/v2\/media\/281882"}],"wp:attachment":[{"href":"https:\/\/www.europesays.com\/es\/wp-json\/wp\/v2\/media?parent=281881"}],"wp:term":[{"taxonomy":"category","embeddable":true,"href":"https:\/\/www.europesays.com\/es\/wp-json\/wp\/v2\/categories?post=281881"},{"taxonomy":"post_tag","embeddable":true,"href":"https:\/\/www.europesays.com\/es\/wp-json\/wp\/v2\/tags?post=281881"}],"curies":[{"name":"wp","href":"https:\/\/api.w.org\/{rel}","templated":true}]}}