{"id":281911,"date":"2025-12-10T22:49:16","date_gmt":"2025-12-10T22:49:16","guid":{"rendered":"https:\/\/www.europesays.com\/es\/281911\/"},"modified":"2025-12-10T22:49:16","modified_gmt":"2025-12-10T22:49:16","slug":"ciudad-de-sombras-la-serie-postuma-de-veronica-echegui-ya-tiene-fecha-de-estreno-en-netflix","status":"publish","type":"post","link":"https:\/\/www.europesays.com\/es\/281911\/","title":{"rendered":"&#8216;Ciudad de sombras&#8217;, la serie p\u00f3stuma de Ver\u00f3nica Echegui, ya tiene fecha de estreno en Netflix"},"content":{"rendered":"<p id=\"e0ocD0-wBk\" data-wc=\"114\">La p\u00e9rdida de la actriz Ver\u00f3nica Echegui dejaba, en el mes de agosto de este a\u00f1o, a la industria de la interpretaci\u00f3n hu\u00e9rfana. Su \u00faltimo trabajo, <a class=\"hm-link ho-link\" href=\"https:\/\/www.hola.com\/actualidad\/20251027863990\/la-serie-postuma-de-veronica-echegui-ciudad-de-sombras\/\" data-mrf-recirculation=\"article-body-link\" rel=\"nofollow noopener\" target=\"_blank\">la serie &#8216;Ciudad de sombras&#8217;<\/a>, cuyo estreno en Netflix <strong>est\u00e1 programado para el 12 de diciembre de 2025<\/strong>. El estreno de la ficci\u00f3n llega despu\u00e9s del fallecimiento de la int\u00e9rprete y se ha convertido en un cierre emotivo y p\u00f3stumo a su trayectoria art\u00edstica. Desde que se conoci\u00f3 la noticia de su muerte, el inter\u00e9s por esta producci\u00f3n ha crecido de manera considerable, no solo por el contenido de la serie, sino tambi\u00e9n por la carga simb\u00f3lica que representa para la legi\u00f3n de fans y seguidores de Echegui.\u00a0<\/p>\n<p> <img src=\"https:\/\/www.europesays.com\/es\/wp-content\/uploads\/2025\/12\/8e41b263e701-lospacientesveronca-rtve.jpg\"   width=\"1024\" height=\"576\" loading=\"lazy\" decoding=\"async\" alt=\"Ver\u00f3nica Echegui es Amparo Priego en 'Los pacientes del doctor Garc\u00eda'\" fetchpriority=\"auto\" class=\"image ho-image\"\/>\u00a9 RTVE<br \/>\nUn thriller polic\u00edaco<\/p>\n<p id=\"eajrqkTJgWC\" data-wc=\"68\">&#8216;Ciudad de sombras&#8217; es un thriller polic\u00edaco adaptado de la primera novela de Aro S\u00e1inz de la Maza. La historia arranca con un crimen que sacude Barcelona: un cuerpo quemado aparece frente a La Pedrera, desencadenando una investigaci\u00f3n que mezcla intriga, tensi\u00f3n y drama. Ver\u00f3nica Echegui interpreta a la subinspectora Rebeca Garrido, mientras que Isak F\u00e9rriz da vida al inspector Milo Malart, personaje central de la novela original.\u00a0<\/p>\n<p> <img src=\"https:\/\/www.europesays.com\/es\/wp-content\/uploads\/2025\/12\/8f70dd85c240-citas-barcelona-primevideo.jpg\"   width=\"1024\" height=\"683\" loading=\"lazy\" decoding=\"async\" alt=\"Ver\u00f3nica Echegui y Fran Perea en 'Citas Barcelona 2'\" fetchpriority=\"auto\" class=\"image ho-image\"\/>\u00a9 Prime Video<\/p>\n<p id=\"eQWw6bMF88\" data-wc=\"56\">El reparto se completa con actores consolidados como Ana Wagener, Manolo Solo y Jordi Rico, reforzando la apuesta de la serie<strong>\u00a0por un drama serio y de alta calidad.<\/strong> La producci\u00f3n ha estado a cargo de Arcadia Motion Pictures y ha contado con la direcci\u00f3n de Jorge Torregrossa, conocido por su trabajo en otros thrillers espa\u00f1oles.<\/p>\n<p>Ambientada en Barcelona<\/p>\n<p id=\"erz0vTmKLe\" data-wc=\"98\">El rodaje de la serie se llev\u00f3 a cabo entre finales de 2024 y comienzos de 2025, <a class=\"hm-link ho-link\" href=\"https:\/\/www.hola.com\/actualidad\/20251027863990\/la-serie-postuma-de-veronica-echegui-ciudad-de-sombras\/\" data-mrf-recirculation=\"article-body-link\" rel=\"nofollow noopener\" target=\"_blank\">antes del fallecimiento de la actriz<\/a>, lo que permite que su trabajo en este proyecto se vea completo ante el p\u00fablico. Durante el proceso, se cuid\u00f3 especialmente la ambientaci\u00f3n en Barcelona,<strong>\u00a0utilizando localizaciones emblem\u00e1ticas como La Pedrera<\/strong>, lo que aporta autenticidad y convierte a la ciudad en un personaje m\u00e1s dentro de la trama. La adaptaci\u00f3n mantiene la fidelidad a la novela original y respeta la esencia del thriller literario, combinando la intriga policial con un desarrollo profundo de los personajes.<\/p>\n<p> <img src=\"https:\/\/www.europesays.com\/es\/wp-content\/uploads\/2025\/12\/25d63b3640dc-u551837026.jpg\"   width=\"1024\" height=\"682\" loading=\"lazy\" decoding=\"async\" alt=\"Las series que nos permiten revivir el legado de Ver\u00f3nica Echegui en la televisi\u00f3n\" fetchpriority=\"auto\" class=\"image ho-image\"\/>\u00a9 GTRESVer\u00f3nica Echegui<\/p>\n<p id=\"eH0KosMpcR\" data-wc=\"89\">La noticia del estreno de &#8216;Ciudad de sombras&#8217; ha sido recibida con entusiasmo y emoci\u00f3n, ya que representa la oportunidad de despedir a Ver\u00f3nica Echegui<strong>\u00a0a trav\u00e9s de su talento<\/strong>. La actriz, <a class=\"hm-link ho-link\" href=\"https:\/\/www.hola.com\/actualidad\/20250825851919\/veronica-echegui-muere\/\" data-mrf-recirculation=\"article-body-link\" rel=\"nofollow noopener\" target=\"_blank\">que falleci\u00f3 a los 42 a\u00f1os<\/a>, deja tras de s\u00ed una carrera consolidada en cine y televisi\u00f3n, con papeles que destacan por su fuerza dram\u00e1tica y su capacidad de conectar con el p\u00fablico. Su interpretaci\u00f3n en esta serie p\u00f3stuma promete ser una muestra m\u00e1s de su profesionalidad y de la pasi\u00f3n que siempre puso en cada proyecto.<\/p>\n<p> <img src=\"https:\/\/www.europesays.com\/es\/wp-content\/uploads\/2025\/12\/d5c54309bdde-fortitude-veronica-epc.jpg\"   width=\"1024\" height=\"566\" loading=\"lazy\" decoding=\"async\" alt=\"Ver\u00f3nica Echegui en 'Fortitude'\" fetchpriority=\"auto\" class=\"image ho-image\"\/>\u00a9 EPC<\/p>\n<p id=\"e8NzYcIbbD\" data-wc=\"65\">Protagonista de t\u00edtulos tan recordados<strong> como &#8216;Yo soy la Juani o &#8216;No culpes al karma de lo que te pasa por gilipollas&#8217;,<\/strong> la int\u00e9rprete se encontraba enferma y, con la discreci\u00f3n que siempre caracteriz\u00f3 a su vida personal, afront\u00f3 esta dura situaci\u00f3n arropada por su entorno m\u00e1s cercano y sigui\u00f3 trabajando combinando, como siempre, la intensidad y naturalidad que caracterizaba cada uno de sus papeles.<\/p>\n<p> <img src=\"https:\/\/www.europesays.com\/es\/wp-content\/uploads\/2025\/12\/184fe4693722-mercado.jpg\"   width=\"1024\" height=\"1024\" loading=\"lazy\" decoding=\"async\" alt=\"Mercado de Santa Caterina, Barcelona\" fetchpriority=\"auto\" class=\"image ho-image\"\/>\u00a9 @mercatsbcnEl mercado de Santa Caterina fue el primer mercado cubierto de Barcelona.<br \/>\nSeis episodios de tensi\u00f3n y suspense<\/p>\n<p id=\"eTyXG_DuRA\" data-wc=\"89\">Con seis episodios que prometen<strong> mantener la tensi\u00f3n y el suspense<\/strong>, la serie se perfila como uno de los estrenos m\u00e1s destacados del final de 2025 en la plataforma de streaming. Los espectadores podr\u00e1n descubrir la capacidad de Ver\u00f3nica Echegui para encarnar<strong>\u00a0a una investigadora determinada y sensible<\/strong>, enfrentada a un caso que desaf\u00eda no solo sus habilidades profesionales, sino tambi\u00e9n su fortaleza personal. La serie invita a sumergirse en una Barcelona oscura y enigm\u00e1tica, donde cada escena construye una atm\u00f3sfera que mantiene al p\u00fablico al borde del asiento.<\/p>\n","protected":false},"excerpt":{"rendered":"La p\u00e9rdida de la actriz Ver\u00f3nica Echegui dejaba, en el mes de agosto de este a\u00f1o, a la&hellip;\n","protected":false},"author":2,"featured_media":281912,"comment_status":"","ping_status":"","sticky":false,"template":"","format":"standard","meta":{"footnotes":""},"categories":[171],"tags":[517,146,147,25,24,23,214,28225],"class_list":{"0":"post-281911","1":"post","2":"type-post","3":"status-publish","4":"format-standard","5":"has-post-thumbnail","7":"category-tv","8":"tag-actualidad","9":"tag-entertainment","10":"tag-entretenimiento","11":"tag-es","12":"tag-espana","13":"tag-spain","14":"tag-tv","15":"tag-veronica-echegui"},"share_on_mastodon":{"url":"https:\/\/pubeurope.com\/@es\/115697718033646635","error":""},"_links":{"self":[{"href":"https:\/\/www.europesays.com\/es\/wp-json\/wp\/v2\/posts\/281911","targetHints":{"allow":["GET"]}}],"collection":[{"href":"https:\/\/www.europesays.com\/es\/wp-json\/wp\/v2\/posts"}],"about":[{"href":"https:\/\/www.europesays.com\/es\/wp-json\/wp\/v2\/types\/post"}],"author":[{"embeddable":true,"href":"https:\/\/www.europesays.com\/es\/wp-json\/wp\/v2\/users\/2"}],"replies":[{"embeddable":true,"href":"https:\/\/www.europesays.com\/es\/wp-json\/wp\/v2\/comments?post=281911"}],"version-history":[{"count":0,"href":"https:\/\/www.europesays.com\/es\/wp-json\/wp\/v2\/posts\/281911\/revisions"}],"wp:featuredmedia":[{"embeddable":true,"href":"https:\/\/www.europesays.com\/es\/wp-json\/wp\/v2\/media\/281912"}],"wp:attachment":[{"href":"https:\/\/www.europesays.com\/es\/wp-json\/wp\/v2\/media?parent=281911"}],"wp:term":[{"taxonomy":"category","embeddable":true,"href":"https:\/\/www.europesays.com\/es\/wp-json\/wp\/v2\/categories?post=281911"},{"taxonomy":"post_tag","embeddable":true,"href":"https:\/\/www.europesays.com\/es\/wp-json\/wp\/v2\/tags?post=281911"}],"curies":[{"name":"wp","href":"https:\/\/api.w.org\/{rel}","templated":true}]}}