{"id":281915,"date":"2025-12-10T22:51:11","date_gmt":"2025-12-10T22:51:11","guid":{"rendered":"https:\/\/www.europesays.com\/es\/281915\/"},"modified":"2025-12-10T22:51:11","modified_gmt":"2025-12-10T22:51:11","slug":"jason-statham-demuestra-que-es-el-rey-de-la-accion-en-su-nueva-pelicula-trailer-y-fecha-de-estreno-de-shelter","status":"publish","type":"post","link":"https:\/\/www.europesays.com\/es\/281915\/","title":{"rendered":"Jason Statham demuestra que es el rey de la acci\u00f3n en su nueva pel\u00edcula: tr\u00e1iler y fecha de estreno de \u2018Shelter\u2019"},"content":{"rendered":"<p class=\"\"><a href=\"https:\/\/as.com\/meristation\/cine\/jason-statham-protagonizo-una-de-las-peores-peliculas-de-la-historia-asi-fue-esta-desastrosa-adaptacion-de-un-videojuego-n\/\" target=\"_blank\" rel=\"noreferrer nofollow noopener\" title=\"https:\/\/as.com\/meristation\/cine\/jason-statham-protagonizo-una-de-las-peores-peliculas-de-la-historia-asi-fue-esta-desastrosa-adaptacion-de-un-videojuego-n\/\"><b>Jason Statham<\/b><\/a> se ha convertido, por m\u00e9ritos propios, en <b>uno de los grandes iconos del cine de acci\u00f3n en el siglo XXI<\/b>. El actor brit\u00e1nico lleva d\u00e9cadas protagonizando todo tipo de cintas del g\u00e9nero \u2018The Mechanic\u2019, \u2018Transporter\u2019 y \u2018The Italian Job\u2019) y hoy por hoy, su mera presencia en un proyecto es motivo de peso para que millones de personas se interesen por \u00e9l. Por eso mismo, hay muchas esperanzas depositadas en <b>su nueva pel\u00edcula: \u2018Shelter\u2019, cuyo tr\u00e1iler puedes ver justo arriba de estas l\u00edneas<\/b>.<\/p>\n<p class=\"\">Lo primero que hay que saber sobre \u2018Shelter\u2019 es que su estreno en cines est\u00e1 previsto para <b>el 30 de enero de 2026<\/b> en Estados Unidos (falta confirmar si tambi\u00e9n estar\u00e1 disponible en Espa\u00f1a a partir de ese mismo d\u00eda). La sinopsis oficial es muy escueta, pero sirve para tener claro lo que podemos esperar de la pel\u00edcula, pues Jason Sthatham interpreta a <b>un recluso que, luego de rescatar a una ni\u00f1a en una isla de Escocia, \u201cdesencadena una peligrosa secuencia de acontecimientos\u201d<\/b>. \u00bfA qu\u00e9 peligros tendr\u00e1 que enfrentarse?<\/p>\n<p><img decoding=\"async\" src=\"https:\/\/www.europesays.com\/es\/wp-content\/uploads\/2025\/12\/BF3YJKU7ZJF5XIPA56XQAI4HRY.jpg\" alt=\"Jason Statham demuestra que es el rey de la acci\u00f3n en su nueva pel\u00edcula: tr\u00e1iler y fecha de estreno de \u2018Shelter\u2019\" height=\"675\" width=\"1200\"   loading=\"lazy\"\/>Despu\u00e9s de \u2018Shelter\u2019, turno para \u2018Mutiny\u2019<\/p>\n<p class=\"\">Unos meses despu\u00e9s del estreno de \u2018Shelter\u2019, <b>en verano de 2026, Statham protagonizar\u00e1 \u2018Mutiny\u2019, un thriller de acci\u00f3n<\/b> \u2014c\u00f3mo no\u2014 en el que acompa\u00f1ar\u00e1 a Anabelle Wallis (\u2019Peaky Blinders\u2019). La pel\u00edcula ser\u00e1 dirigida por el franc\u00e9s Jean-Fran\u00e7ois Richet, autor de \u2018Asalto al distrito 13\u2032.<\/p>\n<p>Noticias relacionadas<\/p>\n<p class=\"\">Suscr\u00edbete al <a href=\"https:\/\/www.youtube.com\/@meristation\" target=\"_self\" rel=\"nofollow noopener\" title=\"https:\/\/www.youtube.com\/@meristation\">canal de MeriStation en YouTube<\/a>, tu web de videojuegos y entretenimiento para conocer todas las noticias y novedades sobre el mundo del videojuego, cine, series, manga y anime. An\u00e1lisis, entrevistas, tr\u00e1ileres, gameplays, p\u00f3dcast y mucho m\u00e1s. Tambi\u00e9n te animamos a seguir <a href=\"https:\/\/www.tiktok.com\/@meristation\" rel=\"nofollow noopener\" title=\"https:\/\/www.tiktok.com\/@meristation\" target=\"_blank\">nuestra cuenta de TikTok<\/a>. <\/p>\n<p class=\"\">\u00a1S\u00edguenos en ambas y, si est\u00e1s interesado en licenciar este contenido, pincha <a href=\"https:\/\/profesional.elpais.com\/landing-sindicacion\/?utm_medium=interno&amp;utm_source=crosslinking&amp;utm_campaign=sindicacion_as_pie_articulos\" target=\"_blank\" rel=\"nofollow noopener\" title=\"https:\/\/profesional.elpais.com\/landing-sindicacion\/?utm_medium=interno&amp;utm_source=crosslinking&amp;utm_campaign=sindicacion_as_pie_articulos\">aqu\u00ed<\/a>!<\/p>\n<p><script async src=\"\/\/www.tiktok.com\/embed.js\"><\/script><\/p>\n","protected":false},"excerpt":{"rendered":"Jason Statham se ha convertido, por m\u00e9ritos propios, en uno de los grandes iconos del cine de acci\u00f3n&hellip;\n","protected":false},"author":2,"featured_media":281916,"comment_status":"","ping_status":"","sticky":false,"template":"","format":"standard","meta":{"footnotes":""},"categories":[169],"tags":[177,146,147,25,24,176,175,23],"class_list":{"0":"post-281915","1":"post","2":"type-post","3":"status-publish","4":"format-standard","5":"has-post-thumbnail","7":"category-cine","8":"tag-cine","9":"tag-entertainment","10":"tag-entretenimiento","11":"tag-es","12":"tag-espana","13":"tag-film","14":"tag-movies","15":"tag-spain"},"share_on_mastodon":{"url":"https:\/\/pubeurope.com\/@es\/115697725997075551","error":""},"_links":{"self":[{"href":"https:\/\/www.europesays.com\/es\/wp-json\/wp\/v2\/posts\/281915","targetHints":{"allow":["GET"]}}],"collection":[{"href":"https:\/\/www.europesays.com\/es\/wp-json\/wp\/v2\/posts"}],"about":[{"href":"https:\/\/www.europesays.com\/es\/wp-json\/wp\/v2\/types\/post"}],"author":[{"embeddable":true,"href":"https:\/\/www.europesays.com\/es\/wp-json\/wp\/v2\/users\/2"}],"replies":[{"embeddable":true,"href":"https:\/\/www.europesays.com\/es\/wp-json\/wp\/v2\/comments?post=281915"}],"version-history":[{"count":0,"href":"https:\/\/www.europesays.com\/es\/wp-json\/wp\/v2\/posts\/281915\/revisions"}],"wp:featuredmedia":[{"embeddable":true,"href":"https:\/\/www.europesays.com\/es\/wp-json\/wp\/v2\/media\/281916"}],"wp:attachment":[{"href":"https:\/\/www.europesays.com\/es\/wp-json\/wp\/v2\/media?parent=281915"}],"wp:term":[{"taxonomy":"category","embeddable":true,"href":"https:\/\/www.europesays.com\/es\/wp-json\/wp\/v2\/categories?post=281915"},{"taxonomy":"post_tag","embeddable":true,"href":"https:\/\/www.europesays.com\/es\/wp-json\/wp\/v2\/tags?post=281915"}],"curies":[{"name":"wp","href":"https:\/\/api.w.org\/{rel}","templated":true}]}}