{"id":281917,"date":"2025-12-10T22:52:12","date_gmt":"2025-12-10T22:52:12","guid":{"rendered":"https:\/\/www.europesays.com\/es\/281917\/"},"modified":"2025-12-10T22:52:12","modified_gmt":"2025-12-10T22:52:12","slug":"el-atletico-salva-un-empate-ante-el-bayern-para-rozar-la-siguiente-ronda-de-la-champions-femenina-futbol-deportes","status":"publish","type":"post","link":"https:\/\/www.europesays.com\/es\/281917\/","title":{"rendered":"El Atl\u00e9tico salva un empate ante el Bayern para rozar la siguiente ronda de la Champions femenina | F\u00fatbol | Deportes"},"content":{"rendered":"<p class=\"\">El Atl\u00e9tico salv\u00f3 esta noche un empate como local ante el Bayern, el campe\u00f3n alem\u00e1n, para rozar ya la siguiente fase de la Champions. Cuando parec\u00eda que las rojiblancas ced\u00edan ante el equipo de Klara B\u00fchl y Pernille Harder, las protagonistas de los dos goles con los que las germanas hab\u00edan remontado en el segundo tramo el tanto inicial de Boe Risa, Fiamma clav\u00f3 en el \u00faltimo minuto desde la frontal un disparo en la escuadra derecha de Mahmutovic. El punto es <a href=\"https:\/\/elpais.com\/deportes\/futbol\/2025-11-20\/el-atletico-firma-en-el-campo-del-twente-una-victoria-fundamental-en-la-champions.html\" target=\"_self\" rel=\"nofollow noopener\" title=\"https:\/\/elpais.com\/deportes\/futbol\/2025-11-20\/el-atletico-firma-en-el-campo-del-twente-una-victoria-fundamental-en-la-champions.html\">fundamental para el conjunto dirigido por V\u00edctor Mart\u00edn, que ya suma siete<\/a> y tan solo se quedar\u00e1 fuera de la ronda previa a los cuartos si en la \u00faltima jornada pierde a domicilio ante el Olympique de Lyon, el Leuven gana en casa al Arsenal, el actual campe\u00f3n, y el V\u00e5lerenga golea al Bayern en M\u00fanich, algo que parece m\u00e1s propio del cine de ciencia ficci\u00f3n que de la realidad.<\/p>\n<p>            ATMFAtl\u00e9tico de Madrid Femenino<\/p>\n<p>                                                                                                                                                                                                                                                                                <img decoding=\"async\" title=\"Atl\u00e9tico de Madrid Femenino\" loading=\"lazy\" src=\"https:\/\/www.europesays.com\/es\/wp-content\/uploads\/2025\/12\/4697.png\"  width=\"80\" height=\"80\" data-error-image=\"https:\/\/static.prisa.com\/aside\/resizer\/resize\/img\/sports\/football\/teams\/default.png?width=160&amp;height=160\"\/><\/p>\n<p>\n            2<\/p>\n<p>                                                                                                                                                                                                                                                                                                                                                                                                                                                                                                                                                                                                                                                                                                                                                                                                                                                                                                                                                                                                                                                                                                                                                                                                                                                                                                                                                                                                                                                                                                                                                                                                                                                                                                                                                                                                                                                                                                                                                                                                                                                                                                                                                                                                                                                                                                                                                                                                                                                                                                                                                                                                                                                                                                                                                                                                                                                                                                                                                                                                                                                                                            Lola Gallardo, Lauren Leal, Silvia Lloris (Celia G\u00f3mez, min. 87), Carmen Menayo, Andrea Medina, Alexia Fern\u00e1ndez, Vilde B\u00f8e Risa (J\u00falia Bartel, min. 63), Gabriela Garc\u00eda, Luany, Fiamma Ben\u00edtez y Amaiur Sarriegi (Synne Jensen, min. 64)<\/p>\n<p>\n            2<\/p>\n<p>                                                                                                                                                                                                                                                                                <img decoding=\"async\" title=\"B. M\u00fanich Femenino\" loading=\"lazy\" src=\"https:\/\/www.europesays.com\/es\/wp-content\/uploads\/2025\/12\/5334.png\"  width=\"80\" height=\"80\" data-error-image=\"https:\/\/static.prisa.com\/aside\/resizer\/resize\/img\/sports\/football\/teams\/default.png?width=160&amp;height=160\"\/><\/p>\n<p>                                                                                                                                                                                                                                                                                                                                                                                                                                                                                                                                                                                                                                                                                                                                                                                                                                                                                                                                                                                                                                                                                                                                                                                                                                                                                                                                                                                                                                                                                                                                                                                                                                                                                                                                                                                                                                                                                                                                                                                                                                                                                                                                                                                                                                                                                                                                                                                                                                                                                                                                                                                                                                                                                                                                                                                                                                                                                                                                                                                                                                                                                                                                                                        Ena Mahmutovic, Vanessa Gilles, Gl\u00f3d\u00eds Vigg\u00f3sd\u00f3ttir, Giulia Gwinn, Franziska Kett (Carolin Simon, min. 66), Arianna Caruso, Klara B\u00fchl, Pernille Harder, Linda Dallmann (Alara Sehitler, min. 77), Momoko Tanikawa (Stine Ballisager, min. 77) y Jovana Damnjanovic (Lea Sch\u00fcller, min. 65)<\/p>\n<p>\n            <b>Goles<\/b><br \/>\n                                                                                                        1-0 min. 12: Vilde B\u00f8e Risa.                                                                                 1-1 min. 62: Pernille Harder.                                                                                 1-2 min. 77: Pernille Harder.                                                                                 2-2 min. 87: Fiamma Ben\u00edtez                    <\/p>\n<p>\n            <b>Arbitro<\/b> Maria Ferrieri Caputi<\/p>\n<p>Tarjetas amarillas<br \/>\n                                            Gabriela Garc\u00eda (min. 65),                                             Momoko Tanikawa (min. 74)\n                <\/p>\n<p class=\"\">V\u00edctor Mart\u00edn decidi\u00f3 reforzar la banda derecha ante la amenaza de <a href=\"https:\/\/elpais.com\/deportes\/futbol\/2025-10-07\/el-barcelona-reemprende-el-camino-a-la-champions-ante-el-bayern-de-klara-buhl.html\" target=\"_self\" rel=\"nofollow noopener\" title=\"https:\/\/elpais.com\/deportes\/futbol\/2025-10-07\/el-barcelona-reemprende-el-camino-a-la-champions-ante-el-bayern-de-klara-buhl.html\">B\u00fchl, una de las futbolistas m\u00e1s desequilibrantes del mundo.<\/a> El t\u00e9cnico coloc\u00f3 a Silvia Lloris en el lateral y dobl\u00f3 la posici\u00f3n con Alexia en el extremo. La madrile\u00f1a fue la punta de lanza de la formidable puesta en escena del Atl\u00e9tico ante el campe\u00f3n alem\u00e1n. Las rojiblancas firmaron un primer cuarto de hora muy serio en el que empujaron al Bayern hacia su propia \u00e1rea. El primer aviso lo dio Gaby en un saque de esquina lanzada por Boe Risa tras una de las cabalgadas de Alexia por el carril derecho, pero Mahmutovic evit\u00f3 el tanto de la brasile\u00f1a con una buena estirada.<\/p>\n<p class=\"\">El empuje del Atl\u00e9tico llegaba siempre con las conducciones de la madrile\u00f1a, que super\u00f3 una y otra vez a Kett con el regate o con la velocidad. En uno de sus centros, Viggosdottir evit\u00f3 con un brazo el remate de Luany. Ninguna jugadora se percat\u00f3 hasta que el VAR llam\u00f3 a la \u00e1rbitra para que revisara la jugada y se\u00f1alara penalti. Boe Risa transform\u00f3 la pena m\u00e1xima para premiar el inicio rojiblanco. <\/p>\n<p class=\"\">El tanto, en cambio, espabil\u00f3 al campe\u00f3n alem\u00e1n, que empez\u00f3 a trenzar con mayor precisi\u00f3n y a encerrar al Atl\u00e9tico alrededor de la porter\u00eda de Lola Gallardo. Un disparo de B\u00fchl se march\u00f3 a c\u00f3rner tras tocar en Silvia Lloris y Dallmann finaliz\u00f3 una contra con un tiro di\u00e1fano desde el punto de penalti que se le escap\u00f3 por cent\u00edmetros. La impresi\u00f3n que daban ya los ataques del Bayern, mucho m\u00e1s estructurados con el manejo de Caruso y Tanikawa en el centro del campo y el mediapunteo de Harder, era que el gol estaba al caer. A las alemanas, sin embargo, les falt\u00f3 punter\u00eda cuando Damnjanovic estamp\u00f3 en el larguero una volea desde la frontal antes del descanso y cuando Gwinn malogr\u00f3 un penalti a la salida de los vestuarios tras una mano de Lloris en el \u00e1rea.<\/p>\n<p class=\"\">El asedio del Bayern continuaba en cada acci\u00f3n. Al Atl\u00e9tico no le duraba el bal\u00f3n y mucho menos era incapaz ya de inquietar la porter\u00eda de Mahmutovic. Harder igual\u00f3 el choque tras recibir un pase de B\u00fchl en el \u00e1rea. Su disparo dio en Luany y cambi\u00f3 de par\u00e1bola para superar a la guardameta. Mart\u00edn refresc\u00f3 al equipo con J\u00falia Bartel y Jensen para tratar de parar las embestidas del campe\u00f3n alem\u00e1n, que culmin\u00f3 la remontada con las mismas protagonistas. B\u00fchl rompi\u00f3 a Lloris en el \u00e1rea y asisti\u00f3 a su compa\u00f1era para que batiera a Lola al primer toque. Las germanas, <a href=\"https:\/\/elpais.com\/deportes\/futbol\/2025-10-07\/el-barcelona-arrolla-al-bayern-en-su-recital-inaugural-en-champions.html\" target=\"_self\" rel=\"nofollow noopener\" title=\"https:\/\/elpais.com\/deportes\/futbol\/2025-10-07\/el-barcelona-arrolla-al-bayern-en-su-recital-inaugural-en-champions.html\">que empezaron el torneo con derrota sonrojante por 7-1 ante el Bar\u00e7a,<\/a> vieron c\u00f3mo Fiamma, una jugadora que esta temporada ha crecido much\u00edsimo, les privaba de su cuarto triunfo consecutivo en la Liga de Campeones con un gol de postal para dejar al Atl\u00e9tico a tiro de la siguiente fase. <\/p>\n","protected":false},"excerpt":{"rendered":"El Atl\u00e9tico salv\u00f3 esta noche un empate como local ante el Bayern, el campe\u00f3n alem\u00e1n, para rozar ya&hellip;\n","protected":false},"author":2,"featured_media":281918,"comment_status":"","ping_status":"","sticky":false,"template":"","format":"standard","meta":{"footnotes":""},"categories":[93],"tags":[47626,37417,1540,1130,168,1539,25,24,47634,62966,282,1809,1538,5815,49726,1810,23,167],"class_list":{"0":"post-281917","1":"post","2":"type-post","3":"status-publish","4":"format-standard","5":"has-post-thumbnail","7":"category-deportes","8":"tag-atletico-de-madrid-femenino","9":"tag-champions-league-femenina","10":"tag-competiciones","11":"tag-deporte-femenino","12":"tag-deportes","13":"tag-entrenadores","14":"tag-es","15":"tag-espana","16":"tag-fc-bayern-munich-femenino","17":"tag-fiamma","18":"tag-futbol","19":"tag-futbol-femenino","20":"tag-futbolistas","21":"tag-goles","22":"tag-lola-gallardo","23":"tag-partidos-futbol","24":"tag-spain","25":"tag-sports"},"share_on_mastodon":{"url":"https:\/\/pubeurope.com\/@es\/115697729448002705","error":""},"_links":{"self":[{"href":"https:\/\/www.europesays.com\/es\/wp-json\/wp\/v2\/posts\/281917","targetHints":{"allow":["GET"]}}],"collection":[{"href":"https:\/\/www.europesays.com\/es\/wp-json\/wp\/v2\/posts"}],"about":[{"href":"https:\/\/www.europesays.com\/es\/wp-json\/wp\/v2\/types\/post"}],"author":[{"embeddable":true,"href":"https:\/\/www.europesays.com\/es\/wp-json\/wp\/v2\/users\/2"}],"replies":[{"embeddable":true,"href":"https:\/\/www.europesays.com\/es\/wp-json\/wp\/v2\/comments?post=281917"}],"version-history":[{"count":0,"href":"https:\/\/www.europesays.com\/es\/wp-json\/wp\/v2\/posts\/281917\/revisions"}],"wp:featuredmedia":[{"embeddable":true,"href":"https:\/\/www.europesays.com\/es\/wp-json\/wp\/v2\/media\/281918"}],"wp:attachment":[{"href":"https:\/\/www.europesays.com\/es\/wp-json\/wp\/v2\/media?parent=281917"}],"wp:term":[{"taxonomy":"category","embeddable":true,"href":"https:\/\/www.europesays.com\/es\/wp-json\/wp\/v2\/categories?post=281917"},{"taxonomy":"post_tag","embeddable":true,"href":"https:\/\/www.europesays.com\/es\/wp-json\/wp\/v2\/tags?post=281917"}],"curies":[{"name":"wp","href":"https:\/\/api.w.org\/{rel}","templated":true}]}}