{"id":281935,"date":"2025-12-10T23:07:12","date_gmt":"2025-12-10T23:07:12","guid":{"rendered":"https:\/\/www.europesays.com\/es\/281935\/"},"modified":"2025-12-10T23:07:12","modified_gmt":"2025-12-10T23:07:12","slug":"ucam-murcia-cb-la-gestion-europea-del-ucam-murcia-tumba-al-falco-97-67","status":"publish","type":"post","link":"https:\/\/www.europesays.com\/es\/281935\/","title":{"rendered":"UCAM MURCIA CB | La gesti\u00f3n europea del UCAM Murcia tumba al Falco (97-67)"},"content":{"rendered":"<p class=\"ft-text\"><strong>El <\/strong><a class=\"ft-link ft-link--decoration\" href=\"https:\/\/www.laopiniondemurcia.es\/tags\/ucam-murcia-cb.html\" rel=\"nofollow noopener\" target=\"_blank\"><strong>UCAM Murcia CB<\/strong><\/a><strong> contin\u00faa recogiendo frutos de su gesti\u00f3n entre semana en la FIBA Europe Cup. <\/strong>El \u00faltimo ha sido una c\u00f3moda y aplastante victoria <strong>ante el Falco Szombathely h\u00fangaro <\/strong>en la apertura del Top-16, <strong>lo que le permite dominar y marcar territorio en su grupo (97-67). <\/strong>El conjunto universitario, sin el p\u00edvot Devontae Cacok ni el ala-p\u00edvot Toni Nakic, ambos fuera de la convocatoria debido a la pol\u00edtica de rotaciones para esta competici\u00f3n, ha logrado sumar su primer triunfo en esta ronda pr\u00e1cticamente sin secuelas aparentes.<\/p>\n<p class=\"ft-text\">No necesit\u00f3 meter la quinta marcha, salvo en algunos tramos de la primera parte, para imponerse a un rival que lleg\u00f3 a la capital del Segura tras alcanzar esta ronda como el sexto mejor segundo y con una rotaci\u00f3n corta.<strong> Algo muy peligroso ante un UCAM Murcia que, incluso a medio gas, es capaz de dinamitar los partidos en un abrir y cerrar de ojos.<\/strong> Y en eso se est\u00e1 convirtiendo en un experto un David DeJulius que si bien apenas estuvo 12 minutos en pista, fueron suficientes para desequilibrar la balanza con su capacidad para romper a los defensas y <strong>acierto desde el triple (15 puntos, con 5\/5 desde el per\u00edmetro). <\/strong><\/p>\n<p class=\"ft-text\">Al base se sumaron en la anotaci\u00f3n<strong> Forrest (13), Ennis (13) y Emanuel Cate (14), <\/strong>quienes llegaron a los dobles d\u00edgitos, en un partido que arranc\u00f3 de forma brillante con un parcial de 10-0, pero que apareci\u00f3 un Falco respond\u00f3n y que supo rehacerse en los primeros minutos hasta llegar a dominar el marcador. Sin embargo, a partir del segundo cuarto, el equipo de <strong>Sito <\/strong><a class=\"ft-link ft-link--decoration\" href=\"https:\/\/formula1.lne.es\/fernando-alonso\/\" rel=\"nofollow noopener\" target=\"_blank\"><strong>Alonso<\/strong><\/a><strong> encontr\u00f3 el punto necesario entre acierto y gesti\u00f3n para mantener a raya a un rival que ya no pudo hacerle frente. <\/strong><\/p>\n<p class=\"ft-text\">Quiz\u00e1 la nota negativa<strong> fue la poca presencia de un Hicks <\/strong>que no aprovech\u00f3 el viento a favor para marcharse con buenas sensaciones, con solo cinco minutos en pista, en un d\u00eda en el que los menos habituales (y jugadores con menos carga de minutos como Radebaugh) <strong>terminaron por cerrar la victoria en el \u00faltimo cuarto. <\/strong><\/p>\n<p>Un arranque esfervescente<\/p>\n<p class=\"ft-text\">Arranc\u00f3 el UCAM el primer cuarto con un parcial de 10-0 que r\u00e1pidamente tuvo que cortar con tiempo muerto el Falco despu\u00e9s de dos triples consecutivos de David DeJulius. El arranque comenz\u00f3 algo fr\u00edo, antes de que los universitarios comenzasen a carburar, tras hacerse da\u00f1o en la primera acci\u00f3n un Belo-Osagie que posteriormente pudo regresar a pista. Y lo hizo cuando su equipo ya hab\u00eda recuperado terreno. Porque el Falco le devolvi\u00f3 el golpe sobre la mesa a los de Sito Alonso con un 0-6 que sirvi\u00f3 como aviso (13-6). Con las rotaciones, el UCAM encontr\u00f3 mayor velocidad en su juego con la entrada de Forrest, sin embargo, perdi\u00f3 algo de solidez defensiva y eso permiti\u00f3 al cuadro h\u00fangaro acercarse m\u00e1s. Tanto, que un triple de Whelan, exjugador del <a class=\"ft-link ft-link--decoration\" href=\"https:\/\/www.laopiniondemurcia.es\/tags\/real-murcia.html\" rel=\"nofollow noopener\" target=\"_blank\">Real Murcia<\/a> <a class=\"ft-link ft-link--decoration\" href=\"https:\/\/www.laopiniondemurcia.es\/tags\/baloncesto\/\" rel=\"nofollow noopener\" target=\"_blank\">Baloncesto<\/a>, le coloc\u00f3 por delante 16-17. El UCAM trat\u00f3 reaccionar, pero ya era demasiado tarde para hacerlo sin dar un aceler\u00f3n en su juego tras una canasta de Sant-Roos en la que sac\u00f3 el adicional (19-20).<\/p>\n<p>Advertencia del Falco<\/p>\n<p class=\"ft-text\">Cinco puntos consecutivos de Varadi, con un triple y una buena entrada a canasta, fue la advertencia de que el Falco iba totalmente en serio en el Palacio, por lo que tuvo que pararlo Sito Alonso con tiempo muerto (22-25). No consegu\u00eda dar con la tecla el equipo universitario para ser m\u00e1s constante, especialmente en defensa, pese a la entrada de Dani Garc\u00eda y Rub\u00e9n L\u00f3pez de la Torre. De hecho, una falta del base sobre Jovanovic acab\u00f3 con una t\u00e9cnica a Sito Alonso por protestar y en la siguiente acci\u00f3n fue el ala-p\u00edvot el que puso la igualdad (26-26). Restaban cinco para el descanso y lleg\u00f3 la mejor\u00eda desde atr\u00e1s con un Raieste imperial en el rebote (32-28). Consigui\u00f3 subir revoluciones el equipo universitario, y eso le permiti\u00f3 dar un peque\u00f1o arre\u00f3n con Ennis y un triple de Falk que le permit\u00eda tomar ox\u00edgeno (41-32). Aunque no fue suficiente para marcharse con tranquilidad al descanso (44-38).<\/p>\n<p>DeJulius rompe en la segunda parte<\/p>\n<p class=\"ft-text\">El UCAM trat\u00f3 de elevar el list\u00f3n con su salida en la segunda parte, donde las canastas de Sant-Roos y DeJulius le permitieron contar con diez puntos de ventaja en los primeros compases (51-41). El base norteamericano volvi\u00f3 sacar su repertorio de &#8216;highlights&#8217; para dejar rota a la defensa de Falco y dinamitar el partido desde el per\u00edmetro con su cuarto triple. Adem\u00e1s, una nueva acci\u00f3n de Ennis termin\u00f3 por abrir la brecha y el equipo h\u00fangaro tuvo que recurrir al tiempo muerto (58-45). Un nuevo triple de DeJulius abri\u00f3 un parcial de 5-0 que dej\u00f3 muy tocado ya a su rival, agotado ante un rotaci\u00f3n corta y sin poder abusar de las faltas (66-51). No obstante, el UCAM no pod\u00eda bajar el ritmo, puesto que el Falco aprovechaba cada oportunidad para mantenerse a\u00fan a flote en un tercer cuarto que acab\u00f3 dominando (72-54).<\/p>\n<p>Auto-control en el \u00faltimo cuarto<\/p>\n<p class=\"ft-text\">Dos triples de Radebaugh para estrenar su reciente paternidad terminaron por romper un \u00faltimo cuarto en el que el UCAM buscaba ya sentenciar la victoria con un ojo puesto tambi\u00e9n en el marcador para obtener la m\u00e1xima diferencia posible y contar con ese plus en este Top-16 ante los h\u00fangaros (86-59). Los universitarios comenzaron a gustarse sobre el parqu\u00e9, y Sito Alonso apost\u00f3 por un quinteto fresco y plagado de los menos habituales (Dani Garc\u00eda, De la Torre, Diagne) junto a Forrest y Radebaugh, quien no estuvo en Burgos el pasado s\u00e1bado. El conjunto universitario pudo alcanzar los cien puntos en varias ocasiones en las que se tom\u00f3 con el aro, pero fue Dani Garc\u00eda el que cerr\u00f3 el encuentro con un triple para contar con un colch\u00f3n c\u00f3modo de 30 de ventaja (96-67).<\/p>\n","protected":false},"excerpt":{"rendered":"El UCAM Murcia CB contin\u00faa recogiendo frutos de su gesti\u00f3n entre semana en la FIBA Europe Cup. El&hellip;\n","protected":false},"author":2,"featured_media":281936,"comment_status":"","ping_status":"","sticky":false,"template":"","format":"standard","meta":{"footnotes":""},"categories":[269],"tags":[299,298,168,3598,25,24,68275,46259,68276,5814,23,167,9413,3918,1402],"class_list":{"0":"post-281935","1":"post","2":"type-post","3":"status-publish","4":"format-standard","5":"has-post-thumbnail","7":"category-baloncesto","8":"tag-baloncesto","9":"tag-basketball","10":"tag-deportes","11":"tag-en-directo","12":"tag-es","13":"tag-espana","14":"tag-falco-szombathely","15":"tag-fiba-europe-cup","16":"tag-grupo-k","17":"tag-resultado","18":"tag-spain","19":"tag-sports","20":"tag-ucam","21":"tag-ucam-murcia","22":"tag-ucam-murcia-cb"},"share_on_mastodon":{"url":"https:\/\/pubeurope.com\/@es\/115697788229706806","error":""},"_links":{"self":[{"href":"https:\/\/www.europesays.com\/es\/wp-json\/wp\/v2\/posts\/281935","targetHints":{"allow":["GET"]}}],"collection":[{"href":"https:\/\/www.europesays.com\/es\/wp-json\/wp\/v2\/posts"}],"about":[{"href":"https:\/\/www.europesays.com\/es\/wp-json\/wp\/v2\/types\/post"}],"author":[{"embeddable":true,"href":"https:\/\/www.europesays.com\/es\/wp-json\/wp\/v2\/users\/2"}],"replies":[{"embeddable":true,"href":"https:\/\/www.europesays.com\/es\/wp-json\/wp\/v2\/comments?post=281935"}],"version-history":[{"count":0,"href":"https:\/\/www.europesays.com\/es\/wp-json\/wp\/v2\/posts\/281935\/revisions"}],"wp:featuredmedia":[{"embeddable":true,"href":"https:\/\/www.europesays.com\/es\/wp-json\/wp\/v2\/media\/281936"}],"wp:attachment":[{"href":"https:\/\/www.europesays.com\/es\/wp-json\/wp\/v2\/media?parent=281935"}],"wp:term":[{"taxonomy":"category","embeddable":true,"href":"https:\/\/www.europesays.com\/es\/wp-json\/wp\/v2\/categories?post=281935"},{"taxonomy":"post_tag","embeddable":true,"href":"https:\/\/www.europesays.com\/es\/wp-json\/wp\/v2\/tags?post=281935"}],"curies":[{"name":"wp","href":"https:\/\/api.w.org\/{rel}","templated":true}]}}